{"id":31856,"date":"2023-04-26T07:03:25","date_gmt":"2023-04-26T10:03:25","guid":{"rendered":"http:\/\/dsrmedios.com.ar\/diario\/?p=31856"},"modified":"2023-04-26T07:03:29","modified_gmt":"2023-04-26T10:03:29","slug":"la-suteba-disidente-cierra-la-jornada-de-paro-con-movilizaciones","status":"publish","type":"post","link":"http:\/\/dsrmedios.com.ar\/diario\/archivos\/31856","title":{"rendered":"La SUTEBA disidente cierra la jornada de paro con movilizaciones"},"content":{"rendered":"\n<p><a href=\"https:\/\/infocielo.com\/suteba\/suteba-multicolor-hace-un-paro-y-algunas-escuelas-no-tendran-clases-n761156\" target=\"_blank\" rel=\"noreferrer noopener\">Como estaba previsto<\/a>, este mi\u00e9rcoles es el segundo d\u00eda del&nbsp;<strong>paro<\/strong>&nbsp;provincial convocado por los docentes del&nbsp;<a href=\"https:\/\/infocielo.com\/suteba-multicolor-a5997\" target=\"_blank\" rel=\"noreferrer noopener\">SUTEBA Multicolor<\/a>. Ayer hubo escuelas sin clases en todo el territorio bonaerense y hoy habr\u00e1 marchas. Mientras tanto, se reaviv\u00f3 la&nbsp;<a href=\"https:\/\/infocielo.com\/paro-docente\/es-legal-el-paro-suteba-multicolor-reactivo-la-polemica-la-provincia-n761286\" target=\"_blank\" rel=\"noreferrer noopener\">pol\u00e9mica por la legalidad de las medidas de fuerza<\/a>&nbsp;convocadas por esta agrupaci\u00f3n.<\/p>\n\n\n\n<p>La Multicolor es la organizaci\u00f3n que dentro del Sindicato Unificado de Trabajadores de la Educaci\u00f3n de Buenos Aires (SUTEBA)\u00a0<a rel=\"noreferrer noopener\" href=\"https:\/\/infocielo.com\/romina-del-pla\/romina-del-pla-le-disputa-el-suteba-roberto-baradel-n734255\" target=\"_blank\">le disputa la conducci\u00f3n al hist\u00f3rico dirigente\u00a0<strong>Roberto Baradel<\/strong><\/a>. Por ahora eso no lo ha conseguido a nivel provincial, pero s\u00ed en algunos distritos como La Matanza, Bah\u00eda Blanca, Tigre o Marcos Paz. De ah\u00ed que\u00a0<a rel=\"noreferrer noopener\" href=\"https:\/\/infocielo.com\/paro\/no-es-legal-alberto-sileoni-se-refirio-al-paro-docente-n757156\" target=\"_blank\">el gobierno bonaerense considere que convocar a un paro en todo el territorio bonaerense es ilegal<\/a>.<\/p>\n\n\n\n<p>En medio de esta discusi\u00f3n, y con el temor de algunos docentes de que les apliquen descuentos, el paro docente de la Multicolor cumple hoy su segundo d\u00eda. Esta vez, adem\u00e1s de no dar clases, har\u00e1n movilizaciones en distintos puntos de la provincia de Buenos Aires como los que se enumeran ac\u00e1 abajo.<\/p>\n\n\n\n<ul>\n<li>En La Plata har\u00e1n una radio abierta en 7 y 50. Luego marchar\u00e1n a Jefatura Regional &#8220;contra los aprietes y amenazas de descuento&#8221;.<\/li>\n\n\n\n<li>En La Matanza tambi\u00e9n har\u00e1n una radio abierta, pero desde las 11 en la avenida Luro, frente a la estaci\u00f3n de Laferrere.<\/li>\n\n\n\n<li>En Bah\u00eda Blanca los docentes concentrar\u00e1n a las 9.30 en Alsina y San Mart\u00edn para movilizar desde Plaza Rivadavia hasta el Consejo Escolar del distrito.<\/li>\n\n\n\n<li>En Mar del Plata se movilizar\u00e1n a la sede del IOMA, ubicada en avenida Independencia 2741 a las 10.30. Esta particularidad se debe a que reclamar\u00e1n la &#8220;plena cobertura de todas las prestaciones&#8221;.<\/li>\n<\/ul>\n\n\n\n<p>M\u00e1s all\u00e1 de demandas puntuales de algunos distritos, la medida de fuerza que comenz\u00f3 ayer es para pedirle al gobierno de\u00a0<strong>Axel Kicillof<\/strong>\u00a0un salario igual a la canasta familiar en un cargo y que reabra la\u00a0<a rel=\"noreferrer noopener\" href=\"https:\/\/infocielo.com\/paritaria\/paritarias-provincia-convoco-los-docentes-y-estatales-rediscutir-salarios-n761186\" target=\"_blank\">negociaci\u00f3n paritaria<\/a>.<\/p>\n\n\n\n<p>Fuente: Infocielo<\/p>\n","protected":false},"excerpt":{"rendered":"<div class=\"mh-excerpt\"><p>Como estaba previsto, este mi\u00e9rcoles es el segundo d\u00eda del&nbsp;paro&nbsp;provincial convocado por los docentes del&nbsp;SUTEBA Multicolor. Ayer hubo escuelas sin clases en todo el territorio bonaerense y hoy habr\u00e1 marchas. Mientras tanto, se reaviv\u00f3 la&nbsp;pol\u00e9mica por la legalidad de las medidas de fuerza&nbsp;convocadas por esta agrupaci\u00f3n. La Multicolor es la organizaci\u00f3n que dentro del Sindicato Unificado de Trabajadores de la Educaci\u00f3n de Buenos Aires (SUTEBA)\u00a0le disputa la conducci\u00f3n al hist\u00f3rico dirigente\u00a0Roberto Baradel. Por ahora eso no lo ha conseguido a nivel provincial, pero s\u00ed en algunos distritos como La Matanza, Bah\u00eda Blanca, Tigre o Marcos Paz. De ah\u00ed que\u00a0el gobierno <a class=\"mh-excerpt-more\" href=\"http:\/\/dsrmedios.com.ar\/diario\/archivos\/31856\" title=\"La SUTEBA disidente cierra la jornada de paro con movilizaciones\">[Leer m\u00e1s]<\/a><\/p>\n<\/div>","protected":false},"author":6,"featured_media":31857,"comment_status":"open","ping_status":"closed","sticky":false,"template":"","format":"standard","meta":{"_jetpack_newsletter_access":""},"categories":[6],"tags":[],"jetpack_featured_media_url":"http:\/\/dsrmedios.com.ar\/diario\/wp-content\/uploads\/2023\/04\/4355-suteba-bahia-blanca-a-la-espera-del-contagio-exponencialpng.webp","jetpack_sharing_enabled":true,"jetpack_shortlink":"https:\/\/wp.me\/p9fihK-8hO","_links":{"self":[{"href":"http:\/\/dsrmedios.com.ar\/diario\/wp-json\/wp\/v2\/posts\/31856"}],"collection":[{"href":"http:\/\/dsrmedios.com.ar\/diario\/wp-json\/wp\/v2\/posts"}],"about":[{"href":"http:\/\/dsrmedios.com.ar\/diario\/wp-json\/wp\/v2\/types\/post"}],"author":[{"embeddable":true,"href":"http:\/\/dsrmedios.com.ar\/diario\/wp-json\/wp\/v2\/users\/6"}],"replies":[{"embeddable":true,"href":"http:\/\/dsrmedios.com.ar\/diario\/wp-json\/wp\/v2\/comments?post=31856"}],"version-history":[{"count":1,"href":"http:\/\/dsrmedios.com.ar\/diario\/wp-json\/wp\/v2\/posts\/31856\/revisions"}],"predecessor-version":[{"id":31858,"href":"http:\/\/dsrmedios.com.ar\/diario\/wp-json\/wp\/v2\/posts\/31856\/revisions\/31858"}],"wp:featuredmedia":[{"embeddable":true,"href":"http:\/\/dsrmedios.com.ar\/diario\/wp-json\/wp\/v2\/media\/31857"}],"wp:attachment":[{"href":"http:\/\/dsrmedios.com.ar\/diario\/wp-json\/wp\/v2\/media?parent=31856"}],"wp:term":[{"taxonomy":"category","embeddable":true,"href":"http:\/\/dsrmedios.com.ar\/diario\/wp-json\/wp\/v2\/categories?post=31856"},{"taxonomy":"post_tag","embeddable":true,"href":"http:\/\/dsrmedios.com.ar\/diario\/wp-json\/wp\/v2\/tags?post=31856"}],"curies":[{"name":"wp","href":"https:\/\/api.w.org\/{rel}","templated":true}]}}