{"id":31831,"date":"2023-04-25T18:44:38","date_gmt":"2023-04-25T21:44:38","guid":{"rendered":"http:\/\/dsrmedios.com.ar\/diario\/?p=31831"},"modified":"2023-04-25T18:44:42","modified_gmt":"2023-04-25T21:44:42","slug":"tension-cambiaria-un-ministro-reclamo-un-gesto-de-unidad-entre-alberto-fernandez-cristina-kirchner-y-massa","status":"publish","type":"post","link":"http:\/\/dsrmedios.com.ar\/diario\/archivos\/31831","title":{"rendered":"Tensi\u00f3n cambiaria: un ministro reclam\u00f3 un gesto de unidad entre Alberto Fern\u00e1ndez, Cristina Kirchner y Massa"},"content":{"rendered":"\n<p>En medio de la&nbsp;<a href=\"https:\/\/tn.com.ar\/economia\/2023\/04\/25\/pese-a-las-medidas-del-gobierno-el-dolar-blue-acumula-un-alza-de-25-solo-en-abril-y-queda-a-un-paso-de-500\/\" target=\"_blank\" rel=\"noreferrer noopener\"><strong>tensi\u00f3n cambiaria que gener\u00f3 una disparada del d\u00f3lar blue<\/strong><\/a>, el ministro de Obras P\u00fablicas de la Naci\u00f3n,&nbsp;<strong>Gabriel Katopodis<\/strong>, pidi\u00f3 un gesto al Frente de Todos para llevar un mensaje de unidad y calmar la crisis econ\u00f3mica.<\/p>\n\n\n\n<p>\u201cFrente al ataque contra nuestro pa\u00eds necesitamos que\u00a0<strong>Alberto Fern\u00e1ndez, Cristina Kirchner\u00a0<\/strong>y\u00a0<strong>Sergio Massa<\/strong>\u00a0se junten. Todas y todos los militantes peronistas nos vamos a poner detr\u00e1s de ellos para defender el derecho de construir una Argentina m\u00e1s justa\u201d, sostuvo Katopodis en una entrevista radial.<\/p>\n\n\n\n<p>La frase del funcionario se enmarca en un<strong>&nbsp;reclamo de \u201cresponsabilidad\u201d<\/strong>&nbsp;a los l\u00edderes de la coalici\u00f3n gobernante y lo justific\u00f3 afirmando que&nbsp;<strong>la oposici\u00f3n \u201cviene a romper la Argentina\u201d<\/strong>.<\/p>\n\n\n\n<figure class=\"wp-block-image\"><img decoding=\"async\" src=\"https:\/\/tn.com.ar\/resizer\/IJ2b34yNFL8qukHNdA40rzTOHKc=\/767x0\/smart\/filters:format(webp)\/cloudfront-us-east-1.images.arcpublishing.com\/artear\/PSWNDVMG6NC2FCKOGU7CMHX3H4.jfif\" alt=\"El ministro de Obras P\u00fablicas de la Naci\u00f3n, Gabriel Katopodis. (Foto: NA)\"\/><figcaption class=\"wp-element-caption\">El ministro de Obras P\u00fablicas de la Naci\u00f3n, Gabriel Katopodis. (Foto: NA)<\/figcaption><\/figure>\n\n\n\n<p>\u201cEs imprescindible que los tres est\u00e9n juntos hoy. Est\u00e1 en el campo de la responsabilidad\u201d, se\u00f1al\u00f3&nbsp;<strong>Katopodis<\/strong>&nbsp;y advirti\u00f3 que \u201cel riesgo es grande\u201d, por lo que los m\u00e1ximos referentes del espacio deber\u00edan&nbsp;<strong>\u201cponer la situaci\u00f3n en la gravedad que tiene\u201d<\/strong>.<\/p>\n\n\n\n<p>El dirigente, clave en el armado electoral del peronismo, expres\u00f3 su planteo como un pedido pero tambi\u00e9n como una exigencia.<strong>&nbsp;\u201cNo estamos para histerias<\/strong>, yo vengo hablando con la militancia, y hay que poner esto no como pedido, sino como&nbsp;<strong>exigencia<\/strong>\u201d, sostuvo en relaci\u00f3n a la necesidad de que Kirchner, Fern\u00e1ndez y Massa se muestren&nbsp;<strong>como un bloque.<\/strong><\/p>\n\n\n\n<figure class=\"wp-block-image\"><img decoding=\"async\" src=\"https:\/\/tn.com.ar\/resizer\/lXJenNcFWm_hpYyjIz5_U_4bnL4=\/767x0\/smart\/filters:format(webp)\/cloudfront-us-east-1.images.arcpublishing.com\/artear\/65TDK2WH6FERXBJZX6JTC3YVXI.PNG\" alt=\"El tuit de Gabriel Katopodis. (Foto: Twitter \/ @gkatopodis)\"\/><figcaption class=\"wp-element-caption\">El tuit de Gabriel Katopodis. (Foto: Twitter \/ @gkatopodis)<\/figcaption><\/figure>\n\n\n\n<p>\u201cEn las m\u00e1s complicadas&nbsp;<strong>el peronismo se tiene que abroquelar y sacar lo mejor de s\u00ed<\/strong>&nbsp;para que estos sectores no puedan avanzar y romper lo que tenemos que defender en la Argentina\u201d, agreg\u00f3 el ministro de Obras P\u00fablicas.<\/p>\n\n\n\n<p>El escenario es complejo y\u00a0<strong>la tensi\u00f3n cambiaria impacta de lleno en la interna del Frente de Todos.<\/strong>\u00a0Este martes el\u00a0<a href=\"https:\/\/tn.com.ar\/economia\/2023\/04\/25\/dolar-blue-hoy-a-cuanto-cotiza-este-martes-25-de-abril\/\"><strong>d\u00f3lar blue<\/strong><\/a>se acerc\u00f3 a los $500, ya que<strong>\u00a0se vendi\u00f3 este mediod\u00eda a $497\u00a0<\/strong>en la City porte\u00f1a. Luego, retrocedi\u00f3 a $495, valor en el que se mantuvo hasta el cierre. De todos modos, en lo que va de abril, la divisa paralela\u00a0<strong>trep\u00f3 $100 o 25%\u00a0<\/strong>y en los \u00faltimos 12 meses escal\u00f3 133%.<\/p>\n\n\n\n<p>A trav\u00e9s de su cuenta de Twitter,&nbsp;<a href=\"https:\/\/tn.com.ar\/economia\/2023\/04\/25\/sergio-massa-vamos-a-usar-todas-las-herramientas-del-estado-para-ordenar-esta-situacion\/\">el ministro&nbsp;<strong>Sergio Massa<\/strong>&nbsp;reconoci\u00f3<\/a>: \u201cHace varios d\u00edas que vivimos una situaci\u00f3n at\u00edpica de&nbsp;<strong>rumores<\/strong>,&nbsp;<strong>versiones<\/strong>,&nbsp;<strong>falsos informes<\/strong>&nbsp;y su consecuente impacto en los instrumentos financieros vinculados al d\u00f3lar\u201d.<\/p>\n\n\n\n<p>Y adelant\u00f3 que va a usar todas \u201clas herramientas del Estado para ordenar esta situaci\u00f3n\u201d, al tiempo que anticip\u00f3 que<strong>\u00a0notific\u00f3 al FMI<\/strong>\u00a0sobre \u201clas restricciones que pesaban sobre la Argentina y vamos a cambiar en la\u00a0<strong>rediscusi\u00f3n del Programa<\/strong>\u201d.<\/p>\n\n\n\n<p>Fuente: tn<\/p>\n","protected":false},"excerpt":{"rendered":"<div class=\"mh-excerpt\"><p>En medio de la&nbsp;tensi\u00f3n cambiaria que gener\u00f3 una disparada del d\u00f3lar blue, el ministro de Obras P\u00fablicas de la Naci\u00f3n,&nbsp;Gabriel Katopodis, pidi\u00f3 un gesto al Frente de Todos para llevar un mensaje de unidad y calmar la crisis econ\u00f3mica. \u201cFrente al ataque contra nuestro pa\u00eds necesitamos que\u00a0Alberto Fern\u00e1ndez, Cristina Kirchner\u00a0y\u00a0Sergio Massa\u00a0se junten. Todas y todos los militantes peronistas nos vamos a poner detr\u00e1s de ellos para defender el derecho de construir una Argentina m\u00e1s justa\u201d, sostuvo Katopodis en una entrevista radial. La frase del funcionario se enmarca en un&nbsp;reclamo de \u201cresponsabilidad\u201d&nbsp;a los l\u00edderes de la coalici\u00f3n gobernante y lo justific\u00f3 <a class=\"mh-excerpt-more\" href=\"http:\/\/dsrmedios.com.ar\/diario\/archivos\/31831\" title=\"Tensi\u00f3n cambiaria: un ministro reclam\u00f3 un gesto de unidad entre Alberto Fern\u00e1ndez, Cristina Kirchner y Massa\">[Leer m\u00e1s]<\/a><\/p>\n<\/div>","protected":false},"author":6,"featured_media":31832,"comment_status":"open","ping_status":"closed","sticky":false,"template":"","format":"standard","meta":{"_jetpack_newsletter_access":""},"categories":[6],"tags":[],"jetpack_featured_media_url":"http:\/\/dsrmedios.com.ar\/diario\/wp-content\/uploads\/2023\/04\/descarga-53.jpg","jetpack_sharing_enabled":true,"jetpack_shortlink":"https:\/\/wp.me\/p9fihK-8hp","_links":{"self":[{"href":"http:\/\/dsrmedios.com.ar\/diario\/wp-json\/wp\/v2\/posts\/31831"}],"collection":[{"href":"http:\/\/dsrmedios.com.ar\/diario\/wp-json\/wp\/v2\/posts"}],"about":[{"href":"http:\/\/dsrmedios.com.ar\/diario\/wp-json\/wp\/v2\/types\/post"}],"author":[{"embeddable":true,"href":"http:\/\/dsrmedios.com.ar\/diario\/wp-json\/wp\/v2\/users\/6"}],"replies":[{"embeddable":true,"href":"http:\/\/dsrmedios.com.ar\/diario\/wp-json\/wp\/v2\/comments?post=31831"}],"version-history":[{"count":1,"href":"http:\/\/dsrmedios.com.ar\/diario\/wp-json\/wp\/v2\/posts\/31831\/revisions"}],"predecessor-version":[{"id":31833,"href":"http:\/\/dsrmedios.com.ar\/diario\/wp-json\/wp\/v2\/posts\/31831\/revisions\/31833"}],"wp:featuredmedia":[{"embeddable":true,"href":"http:\/\/dsrmedios.com.ar\/diario\/wp-json\/wp\/v2\/media\/31832"}],"wp:attachment":[{"href":"http:\/\/dsrmedios.com.ar\/diario\/wp-json\/wp\/v2\/media?parent=31831"}],"wp:term":[{"taxonomy":"category","embeddable":true,"href":"http:\/\/dsrmedios.com.ar\/diario\/wp-json\/wp\/v2\/categories?post=31831"},{"taxonomy":"post_tag","embeddable":true,"href":"http:\/\/dsrmedios.com.ar\/diario\/wp-json\/wp\/v2\/tags?post=31831"}],"curies":[{"name":"wp","href":"https:\/\/api.w.org\/{rel}","templated":true}]}}