{"id":31828,"date":"2023-04-25T18:42:19","date_gmt":"2023-04-25T21:42:19","guid":{"rendered":"http:\/\/dsrmedios.com.ar\/diario\/?p=31828"},"modified":"2023-04-25T18:42:22","modified_gmt":"2023-04-25T21:42:22","slug":"el-gobierno-argentino-condeno-las-sanciones-a-venezuela-y-llamo-al-dialogo-para-solucionar-la-crisis","status":"publish","type":"post","link":"http:\/\/dsrmedios.com.ar\/diario\/archivos\/31828","title":{"rendered":"El gobierno argentino conden\u00f3 las sanciones a Venezuela y llam\u00f3 al di\u00e1logo para solucionar la crisis"},"content":{"rendered":"\n<p>El canciller&nbsp;<strong>Santiago Cafiero<\/strong>&nbsp;cuestion\u00f3 este martes en Bogot\u00e1 las sanciones y bloqueos aplicados por Estados Unidos contra&nbsp;<a href=\"https:\/\/tn.com.ar\/internacional\/2023\/04\/25\/guaido-llego-a-miami-tras-denunciar-a-colombia-por-expulsarlo-la-persecucion-de-la-dictadura-se-extendio\/\">Venezuela<\/a>&nbsp;y afirm\u00f3 que la soluci\u00f3n de la crisis en ese pa\u00eds caribe\u00f1o debe pasar \u201cpor el di\u00e1logo entre los venezolanos\u201d.<\/p>\n\n\n\n<p>Lo dijo al participar de la\u00a0<strong>\u201c<\/strong><a href=\"https:\/\/tn.com.ar\/internacional\/2023\/04\/25\/argentina-participa-en-bogota-de-una-cumbre-internacional-inedita-que-busca-destrabar-la-crisis-en-venezuela\/\"><strong>Conferencia internacional sobre el proceso pol\u00edtico en Venezuela<\/strong><\/a><strong>\u201d,<\/strong>\u00a0convocada por el presidente colombiano,\u00a0<strong>Gustavo Petro.<\/strong><\/p>\n\n\n\n<p>\u201cDemocracia, derechos humanos, recuperaci\u00f3n de la econom\u00eda venezolana y el bienestar de su gente son objetivos perfectamente compatibles. Objetivos que tal como hemos visto,&nbsp;<strong>nunca pueden lograrse por el camino de las sanciones y los bloqueos<\/strong>\u201d, afirm\u00f3.<\/p>\n\n\n\n<p>Al hablar en la cumbre ante la presencia de delegaciones de 20 pa\u00edses, entre ellos Estados Unidos, Cafiero dijo que \u201cese camino enrarece el clima internacional y perjudica el status de Am\u00e9rica Latina y el Caribe como la zona de paz m\u00e1s densamente poblada del planeta\u201d.<\/p>\n\n\n\n<p>La Conferencia internacional sobre el proceso pol\u00edtico en Venezuela concluy\u00f3 con una declaraci\u00f3n en la que los pa\u00edses participantes coinciden en la necesidad de establecer un cronograma para elecciones libres y un levantamiento progresivo de las sanciones que pesan sobre el pa\u00eds caribe\u00f1o.<\/p>\n\n\n\n<h2>Santiago Cafiero dijo que la soluci\u00f3n de la crisis de Venezuela debe darse a trav\u00e9s del di\u00e1logo entre los venezolanos<\/h2>\n\n\n\n<p>En su discurso en la sede de la canciller\u00eda colombiana, Cafiero dijo que \u201cel camino para encontrar una salida pol\u00edtica a la situaci\u00f3n en la Rep\u00fablica Bolivariana de Venezuela est\u00e1 dado por el di\u00e1logo entre los propios venezolanos, sin presiones ni condicionamientos externos\u201d.<\/p>\n\n\n\n<p>Seg\u00fan afirm\u00f3, ese di\u00e1logo, en el marco de sus mecanismos institucionales y constitucionales, \u201c<strong>debe garantizar la plena vigencia de la democracia y el respeto de los derechos humanos<\/strong>, contribuyendo as\u00ed a la recuperaci\u00f3n de la econom\u00eda Venezolana y al bienestar de su gente\u201d.<\/p>\n\n\n\n<figure class=\"wp-block-image\"><img decoding=\"async\" src=\"https:\/\/tn.com.ar\/resizer\/fJTjn1c0ZapZPzcndEKBPZAj9Lw=\/767x0\/smart\/filters:format(webp)\/cloudfront-us-east-1.images.arcpublishing.com\/artear\/K5VH7YTQQRGWVCRTFX4HTQDOJ4.jpg\" alt=\"La cumbre internacional para debatir la crisis en Venezuela se desarrolla en Bogot\u00e1 (Foto: Canciller\u00eda)\"\/><figcaption class=\"wp-element-caption\">La cumbre internacional para debatir la crisis en Venezuela se desarrolla en Bogot\u00e1 (Foto: Canciller\u00eda)<\/figcaption><\/figure>\n\n\n\n<p>La cumbre fue convocada por Petro en un intento por mediar en el conflicto venezolano y retomar el di\u00e1logo entre el gobierno de Nicol\u00e1s Maduro y la oposici\u00f3n venezolana, estancado desde las \u00faltimas negociaciones celebradas en noviembre en M\u00e9xico.<\/p>\n\n\n\n<p><a href=\"https:\/\/tn.com.ar\/internacional\/2023\/04\/20\/gustavo-petro-se-reunio-con-joe-biden-y-se-ofrecio-a-mediar-por-venezuela\/\">Petro se reuni\u00f3 la semana pasada en Washington con Joe Biden en busca de respaldo para su mediaci\u00f3n<\/a>. En concreto, la cumbre busca crear las condiciones para fijar una fecha de las elecciones presidenciales en Venezuela que deber\u00edan desarrollarse a fines de 2024 y comenzar un proceso para levantar, en forma progresiva, las sanciones estadounidenses que pesan sobre Caracas.<\/p>\n\n\n\n<h2>Gustavo Petro abog\u00f3 por la reconstrucci\u00f3n democr\u00e1tica de Am\u00e9rica Latina<\/h2>\n\n\n\n<p>Durante la cumbre, el presidente colombiano, Gustavo Petro, abog\u00f3 por la \u201creconstrucci\u00f3n democr\u00e1tica de Am\u00e9rica Latina\u201d y apost\u00f3 por el reingreso de Venezuela al Sistema Interamericano de Derechos Humanos.<\/p>\n\n\n\n<p>\u201d<strong>Am\u00e9rica no puede ser un espacio de sanciones<\/strong>, tiene que ser un espacio de libertades, de democracia\u201d, dijo.<\/p>\n\n\n\n<p>Petro dijo que \u201dla sociedad venezolana quiere no ser sancionada porque las sanciones han reca\u00eddo en la sociedad\u201d. Adem\u00e1s, reconoci\u00f3 las peticiones de la oposici\u00f3n venezolana de un \u201c<strong>cronograma de elecciones y garant\u00edas<\/strong>\u201d democr\u00e1ticas para reanudar el di\u00e1logo.<\/p>\n\n\n\n<figure class=\"wp-block-image\"><img decoding=\"async\" src=\"https:\/\/tn.com.ar\/resizer\/-iVBnHXTZAzIsw8yyoDJyyPh3i0=\/767x0\/smart\/filters:format(webp)\/cloudfront-us-east-1.images.arcpublishing.com\/artear\/SSU2VJRU6LKAF2EMWSKSO26RGQ.jpg\" alt=\"Gustavo Petro lider\u00f3 la conferencia internacional sobre Venezuela (Foto: \nREUTERS\/Luisa Gonzalez)\"\/><figcaption class=\"wp-element-caption\">Gustavo Petro lider\u00f3 la conferencia internacional sobre Venezuela (Foto: REUTERS\/Luisa Gonzalez)Por:&nbsp;<strong>REUTERS<\/strong><\/figcaption><\/figure>\n\n\n\n<h2>Qu\u00e9 dice la declaraci\u00f3n final de la cumbre internacional sobre Venezuela<\/h2>\n\n\n\n<p>La cumbre concluy\u00f3 con una declaraci\u00f3n en la que los pa\u00edses participantes coinciden en la necesidad de establecer un cronograma para elecciones libres y un levantamiento progresivo de las sanciones que pesan sobre el pa\u00eds caribe\u00f1o.<\/p>\n\n\n\n<p>El canciller colombiano,<strong>&nbsp;\u00c1lvaro Leyva<\/strong>, inform\u00f3 que los pa\u00edses asistentes a la reuni\u00f3n internacional -donde no participaron ni chavismo ni oposici\u00f3n- coincidieron en la \u201cnecesidad de establecer un cronograma electoral que permita elecciones libres, transparentes y con plenas garant\u00edas para todos los actores venezolanos\u201d.<\/p>\n\n\n\n<p>Se trata del primero de los tres puntos de consenso de los participantes, que volver\u00e1n a ser convocados \u201cprontamente\u201d para una \u201csegunda oportunidad\u201d para \u201chacer seguimiento a los desarrollos de lo alcanzado\u201d en esta conferencia.<\/p>\n\n\n\n<p>La declaraci\u00f3n conjunta menciona en su segundo punto \u201cque los pasos acordados a satisfacci\u00f3n de las partes vayan en paralelo con el levantamiento de las distintas sanciones\u201d impuestas contra Venezuela.<\/p>\n\n\n\n<p>Por \u00faltimo, tambi\u00e9n hay una postura com\u00fan de los participantes sobre \u201cque la continuaci\u00f3n del proceso de negociaci\u00f3n facilitado por el Reino de Noruega que ha tenido lugar en M\u00e9xico sea acompa\u00f1ada con la aceleraci\u00f3n de la implementaci\u00f3n del fondo fiduciario \u00fanico para la inversi\u00f3n social en Venezuela\u201d, inform\u00f3 Leyva.<\/p>\n\n\n\n<p>Fuente: TN<\/p>\n","protected":false},"excerpt":{"rendered":"<div class=\"mh-excerpt\"><p>El canciller&nbsp;Santiago Cafiero&nbsp;cuestion\u00f3 este martes en Bogot\u00e1 las sanciones y bloqueos aplicados por Estados Unidos contra&nbsp;Venezuela&nbsp;y afirm\u00f3 que la soluci\u00f3n de la crisis en ese pa\u00eds caribe\u00f1o debe pasar \u201cpor el di\u00e1logo entre los venezolanos\u201d. Lo dijo al participar de la\u00a0\u201cConferencia internacional sobre el proceso pol\u00edtico en Venezuela\u201d,\u00a0convocada por el presidente colombiano,\u00a0Gustavo Petro. \u201cDemocracia, derechos humanos, recuperaci\u00f3n de la econom\u00eda venezolana y el bienestar de su gente son objetivos perfectamente compatibles. Objetivos que tal como hemos visto,&nbsp;nunca pueden lograrse por el camino de las sanciones y los bloqueos\u201d, afirm\u00f3. Al hablar en la cumbre ante la presencia de delegaciones de <a class=\"mh-excerpt-more\" href=\"http:\/\/dsrmedios.com.ar\/diario\/archivos\/31828\" title=\"El gobierno argentino conden\u00f3 las sanciones a Venezuela y llam\u00f3 al di\u00e1logo para solucionar la crisis\">[Leer m\u00e1s]<\/a><\/p>\n<\/div>","protected":false},"author":6,"featured_media":31829,"comment_status":"open","ping_status":"closed","sticky":false,"template":"","format":"standard","meta":{"_jetpack_newsletter_access":""},"categories":[6],"tags":[],"jetpack_featured_media_url":"http:\/\/dsrmedios.com.ar\/diario\/wp-content\/uploads\/2023\/04\/images-25.jpg","jetpack_sharing_enabled":true,"jetpack_shortlink":"https:\/\/wp.me\/p9fihK-8hm","_links":{"self":[{"href":"http:\/\/dsrmedios.com.ar\/diario\/wp-json\/wp\/v2\/posts\/31828"}],"collection":[{"href":"http:\/\/dsrmedios.com.ar\/diario\/wp-json\/wp\/v2\/posts"}],"about":[{"href":"http:\/\/dsrmedios.com.ar\/diario\/wp-json\/wp\/v2\/types\/post"}],"author":[{"embeddable":true,"href":"http:\/\/dsrmedios.com.ar\/diario\/wp-json\/wp\/v2\/users\/6"}],"replies":[{"embeddable":true,"href":"http:\/\/dsrmedios.com.ar\/diario\/wp-json\/wp\/v2\/comments?post=31828"}],"version-history":[{"count":1,"href":"http:\/\/dsrmedios.com.ar\/diario\/wp-json\/wp\/v2\/posts\/31828\/revisions"}],"predecessor-version":[{"id":31830,"href":"http:\/\/dsrmedios.com.ar\/diario\/wp-json\/wp\/v2\/posts\/31828\/revisions\/31830"}],"wp:featuredmedia":[{"embeddable":true,"href":"http:\/\/dsrmedios.com.ar\/diario\/wp-json\/wp\/v2\/media\/31829"}],"wp:attachment":[{"href":"http:\/\/dsrmedios.com.ar\/diario\/wp-json\/wp\/v2\/media?parent=31828"}],"wp:term":[{"taxonomy":"category","embeddable":true,"href":"http:\/\/dsrmedios.com.ar\/diario\/wp-json\/wp\/v2\/categories?post=31828"},{"taxonomy":"post_tag","embeddable":true,"href":"http:\/\/dsrmedios.com.ar\/diario\/wp-json\/wp\/v2\/tags?post=31828"}],"curies":[{"name":"wp","href":"https:\/\/api.w.org\/{rel}","templated":true}]}}