{"id":31826,"date":"2023-04-25T18:39:15","date_gmt":"2023-04-25T21:39:15","guid":{"rendered":"http:\/\/dsrmedios.com.ar\/diario\/?p=31826"},"modified":"2023-04-25T18:39:18","modified_gmt":"2023-04-25T21:39:18","slug":"desde-brasil-axel-kicillof-insto-a-sostener-el-modelo-industrial-y-productivo","status":"publish","type":"post","link":"http:\/\/dsrmedios.com.ar\/diario\/archivos\/31826","title":{"rendered":"Desde Brasil, Axel Kicillof \u00a0inst\u00f3 a &#8220;sostener el modelo industrial y productivo&#8221;"},"content":{"rendered":"\n<p>En el marco de una misi\u00f3n comercial a Brasil, el gobernador de la provincia de Buenos Aires,&nbsp;<strong>Axel Kicillof<\/strong>, encabez\u00f3 este martes junto al embajador&nbsp;<strong>Daniel Scioli<\/strong>, el acto de inauguraci\u00f3n del stand argentino en la feria internacional Automec que se desarrolla en el estado de San Pablo.<\/p>\n\n\n\n<p>\u201cAdem\u00e1s de ser una exposici\u00f3n muy importante, esta feria es un verdadero centro de negocios en el que muchos empresarios bonaerenses y argentinos est\u00e1n realizando ventas que les permiten vincularse con un mercado tan importante como es el brasile\u00f1o\u201d, se\u00f1al\u00f3 el gobernador.<\/p>\n\n\n\n<p>Asimismo, valor\u00f3 que \u201c<strong>26 de las 57 empresas argentinas que se presentaron en la feria son bonaerenses, lo que demuestra una vez m\u00e1s la importancia de la provincia de Buenos Aires en el tejido industrial de nuestro pa\u00eds\u201d<\/strong>.<\/p>\n\n\n\n<p>\u201c<strong>Conversando con las empresarias y los empresarios, muchos de ellos pymes, coincidimos en la necesidad de sostener una orientaci\u00f3n y un modelo industrial y productivo\u201d<\/strong>, remarc\u00f3.<\/p>\n\n\n\n<h2>26 empresas bonaerenses en Brasil<\/h2>\n\n\n\n<p>La exhibici\u00f3n automotriz Automec cuenta con la participaci\u00f3n de representantes de&nbsp;<a href=\"https:\/\/infocielo.com\/axel-kicillof\/axel-kicillof-encabeza-una-mision-comercial-brasil-junto-25-empresas-bonaerenses-n761267\" target=\"_blank\" rel=\"noreferrer noopener\">26 empresas bonaerenses dedicadas a la fabricaci\u00f3n de autopartes<\/a>, entre otras ramas del sector. Se trata de una de las exposiciones y \u00e1mbitos de negocios m\u00e1s importantes del rubro y tendr\u00e1 lugar hasta el pr\u00f3ximo s\u00e1bado 29 de abril.<\/p>\n\n\n\n<p>En ese marco, Daniel Scioli expres\u00f3: \u201cQuiero agradecer al gobernador Kicillof por el acompa\u00f1amiento a los empresarios de este sector tan pujante en la econom\u00eda provincial que hoy est\u00e1n participando en la feria m\u00e1s grande de autopartes en Latinoam\u00e9rica\u201d. El desarrollo de la industria automotriz implica integrar cada vez m\u00e1s al autopartismo nacional; y eso es m\u00e1s trabajo argentino y m\u00e1s divisas para el pa\u00eds\u201d, sostuvo.<\/p>\n\n\n\n<p>En clave electoral agreg\u00f3:&nbsp;<strong>\u201cEso es lo que se discute este a\u00f1o: la producci\u00f3n, el trabajo y la industria argentina\u201d.<\/strong><\/p>\n\n\n\n<p>Durante la jornada, Axel Kicillof se reuni\u00f3 con empresarios bonaerenses que participan de la feria y mantuvo un encuentro de trabajo con el presidente de la Federaci\u00f3n de Industrias del Estado de San Pablo (FIESP), Josu\u00e9 Gomes da Silva, y otras autoridades del organismo.<\/p>\n\n\n\n<p>Por \u00faltimo, resalt\u00f3 que&nbsp;<strong>\u201ceste acompa\u00f1amiento a la industria solo es posible con un Estado presente que apuntale a las empresas y articule con un socio estrat\u00e9gico como Brasil las pol\u00edticas de integraci\u00f3n productiva necesarias\u201d. Nos hemos encontrado con representantes industriales que, m\u00e1s all\u00e1 de las dificultades, est\u00e1n pensando en grande y en el largo plazo\u201d,<\/strong>&nbsp;concluy\u00f3.<\/p>\n\n\n\n<p>Estuvieron presentes en la misi\u00f3n comercial el ministro de Producci\u00f3n, Ciencia e Innovaci\u00f3n Tecnol\u00f3gica, Augusto Costa; el jefe de Asesores, Carlos Bianco; el subsecretario de Desarrollo Comercial y Promoci\u00f3n de Inversiones, Ariel Aguilar; la subsecretaria de Industrias, Pymes y Cooperativas, Mariela Bembi; y el c\u00f3nsul general en San Pablo, Luis Mar\u00eda Kreckler.<\/p>\n\n\n\n<p>Fuente: Infocielo<\/p>\n","protected":false},"excerpt":{"rendered":"<div class=\"mh-excerpt\"><p>En el marco de una misi\u00f3n comercial a Brasil, el gobernador de la provincia de Buenos Aires,&nbsp;Axel Kicillof, encabez\u00f3 este martes junto al embajador&nbsp;Daniel Scioli, el acto de inauguraci\u00f3n del stand argentino en la feria internacional Automec que se desarrolla en el estado de San Pablo. \u201cAdem\u00e1s de ser una exposici\u00f3n muy importante, esta feria es un verdadero centro de negocios en el que muchos empresarios bonaerenses y argentinos est\u00e1n realizando ventas que les permiten vincularse con un mercado tan importante como es el brasile\u00f1o\u201d, se\u00f1al\u00f3 el gobernador. Asimismo, valor\u00f3 que \u201c26 de las 57 empresas argentinas que se presentaron <a class=\"mh-excerpt-more\" href=\"http:\/\/dsrmedios.com.ar\/diario\/archivos\/31826\" title=\"Desde Brasil, Axel Kicillof \u00a0inst\u00f3 a &#8220;sostener el modelo industrial y productivo&#8221;\">[Leer m\u00e1s]<\/a><\/p>\n<\/div>","protected":false},"author":6,"featured_media":13144,"comment_status":"open","ping_status":"closed","sticky":false,"template":"","format":"standard","meta":{"_jetpack_newsletter_access":""},"categories":[6],"tags":[],"jetpack_featured_media_url":"http:\/\/dsrmedios.com.ar\/diario\/wp-content\/uploads\/2019\/06\/axel2-1.jpg","jetpack_sharing_enabled":true,"jetpack_shortlink":"https:\/\/wp.me\/p9fihK-8hk","_links":{"self":[{"href":"http:\/\/dsrmedios.com.ar\/diario\/wp-json\/wp\/v2\/posts\/31826"}],"collection":[{"href":"http:\/\/dsrmedios.com.ar\/diario\/wp-json\/wp\/v2\/posts"}],"about":[{"href":"http:\/\/dsrmedios.com.ar\/diario\/wp-json\/wp\/v2\/types\/post"}],"author":[{"embeddable":true,"href":"http:\/\/dsrmedios.com.ar\/diario\/wp-json\/wp\/v2\/users\/6"}],"replies":[{"embeddable":true,"href":"http:\/\/dsrmedios.com.ar\/diario\/wp-json\/wp\/v2\/comments?post=31826"}],"version-history":[{"count":1,"href":"http:\/\/dsrmedios.com.ar\/diario\/wp-json\/wp\/v2\/posts\/31826\/revisions"}],"predecessor-version":[{"id":31827,"href":"http:\/\/dsrmedios.com.ar\/diario\/wp-json\/wp\/v2\/posts\/31826\/revisions\/31827"}],"wp:featuredmedia":[{"embeddable":true,"href":"http:\/\/dsrmedios.com.ar\/diario\/wp-json\/wp\/v2\/media\/13144"}],"wp:attachment":[{"href":"http:\/\/dsrmedios.com.ar\/diario\/wp-json\/wp\/v2\/media?parent=31826"}],"wp:term":[{"taxonomy":"category","embeddable":true,"href":"http:\/\/dsrmedios.com.ar\/diario\/wp-json\/wp\/v2\/categories?post=31826"},{"taxonomy":"post_tag","embeddable":true,"href":"http:\/\/dsrmedios.com.ar\/diario\/wp-json\/wp\/v2\/tags?post=31826"}],"curies":[{"name":"wp","href":"https:\/\/api.w.org\/{rel}","templated":true}]}}