{"id":31812,"date":"2023-04-25T18:05:27","date_gmt":"2023-04-25T21:05:27","guid":{"rendered":"http:\/\/dsrmedios.com.ar\/diario\/?p=31812"},"modified":"2023-04-25T18:05:29","modified_gmt":"2023-04-25T21:05:29","slug":"cecilia-moreau-defendio-a-sergio-massa-y-lanzo-una-amenaza-para-algunos-jugadores-del-mercado","status":"publish","type":"post","link":"http:\/\/dsrmedios.com.ar\/diario\/archivos\/31812","title":{"rendered":"Cecilia Moreau defendi\u00f3 a Sergio Massa y lanz\u00f3 una amenaza para \u201calgunos jugadores del mercado\u201d"},"content":{"rendered":"\n<p>La presidenta de la C\u00e1mara de Diputados,&nbsp;<strong>Cecilia Moreau<\/strong>, sali\u00f3 a defender al ministro de Econom\u00eda,&nbsp;<strong>Sergio Massa<\/strong>, en medio de la corrida que aument\u00f3 la cotizaci\u00f3n del d\u00f3lar durante los \u00faltimos tres d\u00edas. Lo hizo a trav\u00e9s de un tuit en tono de advertencia, en el que sostiene que en este contexto \u201calgunos jugadores del mercado\u201d van a conocer \u201cal Massa que conocemos en la pol\u00edtica\u201d.<\/p>\n\n\n\n<p>\u201cHay algunos jugadores del mercado que solo conocen al Massa que trabaja 16 horas por d\u00eda y dialoga con todos, pero me parece que de ac\u00e1 al viernes&nbsp;<strong>van a descubrir al que conocemos en la pol\u00edtica<\/strong>, que cuando se cansa de que lo quieran boludear pelea con todo lo que tiene\u201d, expres\u00f3 la titular de la C\u00e1mara baja.<\/p>\n\n\n\n<p>La expresi\u00f3n de la legisladora en se\u00f1al de apoyo al ministro se da en medio de las jornadas intensas que marcaron la suba de la cotizaci\u00f3n la moneda norteamericana en los mercados paralelos de nuestro pa\u00eds. Este martes el&nbsp;<strong>d\u00f3lar libre<\/strong>&nbsp;lleg\u00f3 a cotizar 497 pesos, en una suba superior a los 30 pesos.<\/p>\n\n\n\n<p><img decoding=\"async\" loading=\"lazy\" alt=\"El tuit con el que la presidenta de la C\u00e1mara de Diputados, Cecilia Moreau, defendi\u00f3 a Sergio Massa\" height=\"319\" width=\"616\" class=\"\" src=\"https:\/\/cloudfront-us-east-1.images.arcpublishing.com\/infobae\/EBLVS6HRIND7HG4XUB73M6G6DQ.JPG\" srcset=\"https:\/\/www.infobae.com\/new-resizer\/WD5tAqOSdwPzDvj6o8kUkfsmXUw=\/420x236\/filters:format(webp):quality(85)\/cloudfront-us-east-1.images.arcpublishing.com\/infobae\/EBLVS6HRIND7HG4XUB73M6G6DQ.JPG 420w,https:\/\/www.infobae.com\/new-resizer\/L7vidwGvjn4zuANPn8yjtalLYnA=\/768x432\/filters:format(webp):quality(85)\/cloudfront-us-east-1.images.arcpublishing.com\/infobae\/EBLVS6HRIND7HG4XUB73M6G6DQ.JPG 768w,https:\/\/www.infobae.com\/new-resizer\/LO4luuwqaZ_CQ680cu2eelxRG30=\/992x558\/filters:format(webp):quality(85)\/cloudfront-us-east-1.images.arcpublishing.com\/infobae\/EBLVS6HRIND7HG4XUB73M6G6DQ.JPG 992w,https:\/\/www.infobae.com\/new-resizer\/ftvgx82WuECYCBmqojM8y-B6pu8=\/1200x675\/filters:format(webp):quality(85)\/cloudfront-us-east-1.images.arcpublishing.com\/infobae\/EBLVS6HRIND7HG4XUB73M6G6DQ.JPG 1200w,https:\/\/www.infobae.com\/new-resizer\/lHYUVYDabWqXFCD9o9VEWGO1io8=\/1440x810\/filters:format(webp):quality(85)\/cloudfront-us-east-1.images.arcpublishing.com\/infobae\/EBLVS6HRIND7HG4XUB73M6G6DQ.JPG 1440w\">El tuit con el que la presidenta de la C\u00e1mara de Diputados, Cecilia Moreau, defendi\u00f3 a Sergio Massa<\/p>\n\n\n\n<p>La situaci\u00f3n se estabiliz\u00f3 cerca del mediod\u00eda cuando el propio\u00a0<strong>Massa<\/strong>\u00a0comunic\u00f3 cu\u00e1l ser\u00eda la reacci\u00f3n de la cartera, apuntando contra la ola de rumores que desde el fin de semana, seg\u00fan el gobierno, crearon un contexto de incertidumbre respecto del mercado cambiario en el pa\u00eds. Lo hizo, igualmente, a trav\u00e9s de su cuenta de Twitter.<\/p>\n\n\n\n<p>\u201cHace varios d\u00edas que vivimos una situaci\u00f3n at\u00edpica de&nbsp;<strong>rumores<\/strong>, versiones,&nbsp;<strong>falsos informes<\/strong>&nbsp;y su consecuente impacto en los instrumentos financieros vinculados al d\u00f3lar\u201d, dijo el titular de Econom\u00eda a trav\u00e9s de sus redes sociales. Para cortar ese clima se\u00f1al\u00f3 que se utilizar\u00e1n \u201ctoda las herramientas del Estado para ordenar esta situaci\u00f3n\u201d. Hac\u00eda alusi\u00f3n a que el gobierno planea accionar judicialmente contra quienes considere que alimentan ese contexto de incertidumbre que impacta en el mercado de cambios.<\/p>\n\n\n\n<p>En ese sentido adelant\u00f3 que ser\u00e1 \u201cla Justicia Penal econ\u00f3mica como veh\u00edculo de investigaci\u00f3n y esclarecimiento de algunos comportamientos y a la UIF (<strong>Unidad de Informaci\u00f3n Financiera<\/strong>) y a la CNV (<strong>Comisi\u00f3n Nacional de Valores<\/strong>) para el an\u00e1lisis de operaciones vinculadas al lavado de dinero\u201d.<\/p>\n\n\n\n<figure class=\"wp-block-image\"><img decoding=\"async\" src=\"https:\/\/cloudfront-us-east-1.images.arcpublishing.com\/infobae\/WHD6CT6A4RHKPLHCAPJBFOXFXQ.png\" alt=\"infobae\"\/><\/figure>\n\n\n\n<p>Luego, lleg\u00f3 un mensaje esperado desde el&nbsp;<strong>Fondo Monetario Internacional<\/strong>. Desde el organismo ratificaron que se encuentran en conversaciones con las autoridades del pa\u00eds para revisar el acuerdo vigente y las metas que el mismo impone, dada la situaci\u00f3n de excepcionalidad que supuso la p\u00e9rdida de ingresos para las arcas del Tesoro nacional a ra\u00edz de la sequ\u00eda.<\/p>\n\n\n\n<p>\u201cEl staff t\u00e9cnico contin\u00faa trabajando con las autoridades argentinas para fortalecer el programa econ\u00f3mico acordado con el pa\u00eds en el contexto de la&nbsp;<strong>sequ\u00eda muy severa<\/strong>. Los intercambios entre las autoridades y el equipo del Fondo Monetario Internacional avanzan de manera constructiva\u201d, indic\u00f3 el organismo en un breve comunicado.<\/p>\n\n\n\n<p>En ese contexto irrumpi\u00f3 Cecilia Moreau, legisladora del&nbsp;<strong>Frente de Todos<\/strong>, que reemplaz\u00f3 al propio Massa como presidenta de la C\u00e1mara de Diputados de la Naci\u00f3n cuando este asumi\u00f3 en el ministerio de Econom\u00eda, y puso en palabras el apoyo expl\u00edcito al gobierno en el marco actual. Antes, a lo largo de la jornada, dirigentes de la oposici\u00f3n hab\u00edan fustigado a los referentes del Poder Ejecutivo por la escalada del d\u00f3lar.<\/p>\n\n\n\n<p>Al cierre de la jornada, en el mercado informal la cotizaci\u00f3n libre de la divisa norteamericana subi\u00f3 33 pesos en el d\u00eda y cerr\u00f3 a $495 para la venta. Se trat\u00f3 de un incremento del 7,1% respecto de la jornada anterior, y hab\u00eda tocado un r\u00e9cord de 497 pesos, que se atenu\u00f3 luego de los expresiones del ministro Massa y el comunicado del FMI.<\/p>\n\n\n\n<h2>Maggiotti, otro Ministro que cruz\u00f3 a la oposici\u00f3n<\/h2>\n\n\n\n<p>El actual ministro de Desarrollo Territorial y H\u00e1bitat,&nbsp;<strong>Santiago Maggiotti<\/strong>, sum\u00f3 argumentos en defensa del oficialismo, en medio de la crisis que desat\u00f3 la disparada del precio del d\u00f3lar libre. Al funcionario le result\u00f3 \u201cllamativa\u201d la preocupaci\u00f3n expresada por la oposici\u00f3n agrupada en Juntos por el Cambio.<\/p>\n\n\n\n<p>\u201cCuando fueron Gobierno, los ingresos cayeron 20 puntos y se destruyeron m\u00e1s de 230.000&nbsp;<strong>empleos<\/strong>\u201d, resumi\u00f3 Maggiotti, en alusi\u00f3n a los resultados en materia econ\u00f3mica que dej\u00f3 la presidencia de&nbsp;<strong>Mauricio Macri<\/strong>.<\/p>\n\n\n\n<p><img decoding=\"async\" loading=\"lazy\" height=\"345\" width=\"619\" srcset=\"https:\/\/www.infobae.com\/new-resizer\/y3dgq0Q7t6HUTNqVIGGbpkxYxI4=\/420x236\/filters:format(webp):quality(85)\/cloudfront-us-east-1.images.arcpublishing.com\/infobae\/W63QOMIDB5FVTE52N543TRHW3Q.JPG 420w,https:\/\/www.infobae.com\/new-resizer\/qN41IZv6dR0hhAmP_-tDZ01IkWk=\/768x432\/filters:format(webp):quality(85)\/cloudfront-us-east-1.images.arcpublishing.com\/infobae\/W63QOMIDB5FVTE52N543TRHW3Q.JPG 768w,https:\/\/www.infobae.com\/new-resizer\/nb_jfGwAKZL1UpLdO2unIPgCQx8=\/992x558\/filters:format(webp):quality(85)\/cloudfront-us-east-1.images.arcpublishing.com\/infobae\/W63QOMIDB5FVTE52N543TRHW3Q.JPG 992w,https:\/\/www.infobae.com\/new-resizer\/ynqnMRDC9GOG1wYRsv1pWfQcB3o=\/1200x675\/filters:format(webp):quality(85)\/cloudfront-us-east-1.images.arcpublishing.com\/infobae\/W63QOMIDB5FVTE52N543TRHW3Q.JPG 1200w,https:\/\/www.infobae.com\/new-resizer\/ZTlyrhcL2bgDBpSuCflyB0Et92Q=\/1440x810\/filters:format(webp):quality(85)\/cloudfront-us-east-1.images.arcpublishing.com\/infobae\/W63QOMIDB5FVTE52N543TRHW3Q.JPG 1440w\" class=\"\" src=\"https:\/\/cloudfront-us-east-1.images.arcpublishing.com\/infobae\/W63QOMIDB5FVTE52N543TRHW3Q.JPG\" alt=\"El ministro de Desarrollo Territorial y H\u00e1bitat se sum\u00f3 a los dirigentes del oficialismo que defendieron al gobierno en medio de la tensi\u00f3n cambiaria\"><\/p>\n\n\n\n<p>El ministro de Desarrollo Territorial y H\u00e1bitat se sum\u00f3 a los dirigentes del oficialismo que defendieron al gobierno en medio de la tensi\u00f3n cambiaria<\/p>\n\n\n\n<p>En un hilo publicado en su cuenta de Twitter, el funcionario que ingres\u00f3 al gabinete del presidente Alberto Fern\u00e1ndez hace casi seis meses, se sum\u00f3 a los integrantes del oficialismo que acusan a los dirigentes opositores de \u201cfogonear rumores\u201d y as\u00ed alimentar la corrida contra el peso.<\/p>\n\n\n\n<p>\u201cLa Argentina necesita dirigentes responsables y sensatos que no busquen ventajas electorales a costa de la gente. Fogonear con rumores, operaciones y jugadas en los mercados no es contra el Gobierno, es contra el pa\u00eds\u201d, apunt\u00f3 el titular de Desarrollo Territorial.<\/p>\n\n\n\n<p>Antes de Maggiotti, el ministro de Obras P\u00fablicas,\u00a0<strong>Gabriel Katopodis<\/strong>, tambi\u00e9n hab\u00eda acusado a la oposici\u00f3n de querer \u201cromper la Argentina\u201d, y advirti\u00f3 que, frente a ello, los l\u00edderes del\u00a0<strong>Frente de Todos, Cristina Kirchner, Sergio Massa y Alberto Fern\u00e1ndez<\/strong>, deb\u00edan reunirse y exponer un gesto de unidad.<\/p>\n\n\n\n<p>Fuente: Infobae<\/p>\n","protected":false},"excerpt":{"rendered":"<div class=\"mh-excerpt\"><p>La presidenta de la C\u00e1mara de Diputados,&nbsp;Cecilia Moreau, sali\u00f3 a defender al ministro de Econom\u00eda,&nbsp;Sergio Massa, en medio de la corrida que aument\u00f3 la cotizaci\u00f3n del d\u00f3lar durante los \u00faltimos tres d\u00edas. Lo hizo a trav\u00e9s de un tuit en tono de advertencia, en el que sostiene que en este contexto \u201calgunos jugadores del mercado\u201d van a conocer \u201cal Massa que conocemos en la pol\u00edtica\u201d. \u201cHay algunos jugadores del mercado que solo conocen al Massa que trabaja 16 horas por d\u00eda y dialoga con todos, pero me parece que de ac\u00e1 al viernes&nbsp;van a descubrir al que conocemos en la <a class=\"mh-excerpt-more\" href=\"http:\/\/dsrmedios.com.ar\/diario\/archivos\/31812\" title=\"Cecilia Moreau defendi\u00f3 a Sergio Massa y lanz\u00f3 una amenaza para \u201calgunos jugadores del mercado\u201d\">[Leer m\u00e1s]<\/a><\/p>\n<\/div>","protected":false},"author":6,"featured_media":31813,"comment_status":"open","ping_status":"closed","sticky":false,"template":"","format":"standard","meta":{"_jetpack_newsletter_access":""},"categories":[6],"tags":[],"jetpack_featured_media_url":"http:\/\/dsrmedios.com.ar\/diario\/wp-content\/uploads\/2023\/04\/X7QYWETRBREF7C55M24V5OVEDQ.jpg","jetpack_sharing_enabled":true,"jetpack_shortlink":"https:\/\/wp.me\/p9fihK-8h6","_links":{"self":[{"href":"http:\/\/dsrmedios.com.ar\/diario\/wp-json\/wp\/v2\/posts\/31812"}],"collection":[{"href":"http:\/\/dsrmedios.com.ar\/diario\/wp-json\/wp\/v2\/posts"}],"about":[{"href":"http:\/\/dsrmedios.com.ar\/diario\/wp-json\/wp\/v2\/types\/post"}],"author":[{"embeddable":true,"href":"http:\/\/dsrmedios.com.ar\/diario\/wp-json\/wp\/v2\/users\/6"}],"replies":[{"embeddable":true,"href":"http:\/\/dsrmedios.com.ar\/diario\/wp-json\/wp\/v2\/comments?post=31812"}],"version-history":[{"count":1,"href":"http:\/\/dsrmedios.com.ar\/diario\/wp-json\/wp\/v2\/posts\/31812\/revisions"}],"predecessor-version":[{"id":31814,"href":"http:\/\/dsrmedios.com.ar\/diario\/wp-json\/wp\/v2\/posts\/31812\/revisions\/31814"}],"wp:featuredmedia":[{"embeddable":true,"href":"http:\/\/dsrmedios.com.ar\/diario\/wp-json\/wp\/v2\/media\/31813"}],"wp:attachment":[{"href":"http:\/\/dsrmedios.com.ar\/diario\/wp-json\/wp\/v2\/media?parent=31812"}],"wp:term":[{"taxonomy":"category","embeddable":true,"href":"http:\/\/dsrmedios.com.ar\/diario\/wp-json\/wp\/v2\/categories?post=31812"},{"taxonomy":"post_tag","embeddable":true,"href":"http:\/\/dsrmedios.com.ar\/diario\/wp-json\/wp\/v2\/tags?post=31812"}],"curies":[{"name":"wp","href":"https:\/\/api.w.org\/{rel}","templated":true}]}}