{"id":31803,"date":"2023-04-25T17:41:34","date_gmt":"2023-04-25T20:41:34","guid":{"rendered":"http:\/\/dsrmedios.com.ar\/diario\/?p=31803"},"modified":"2023-04-25T17:41:37","modified_gmt":"2023-04-25T20:41:37","slug":"por-que-siguen-subiendo-las-distintas-cotizaciones-del-dolar-y-hasta-donde-puede-llegar-el-libre","status":"publish","type":"post","link":"http:\/\/dsrmedios.com.ar\/diario\/archivos\/31803","title":{"rendered":"Por qu\u00e9 siguen subiendo las distintas cotizaciones del d\u00f3lar y hasta d\u00f3nde puede llegar el libre"},"content":{"rendered":"\n<p>El d\u00f3lar libre y sus variantes del mercado financiero volvieron a tomar impulso para acercarse a una nueva barrera psicol\u00f3gica, tras operar en $497 mientras que en el segmento burs\u00e1til se negoci\u00f3 entre 470 y 480 pesos.<\/p>\n\n\n\n<p>Nuevos focos de inestabilidad se suman al escenario de vulnerabilidad econ\u00f3mica en el que se conjugan el exceso de pesos, un nivel de inflaci\u00f3n m\u00e1s alto que el esperado que dej\u00f3 en evidencia el atraso cambiario y la tasa de inter\u00e9s negativa en t\u00e9rminos reales, el deterioro del nivel de actividad econ\u00f3mica y el tremendo impacto de la sequ\u00eda que dej\u00f3 sin disponibilidad de divisas al Banco Central para fortalecer las reservas por un lado y, al mismo tiempo, sin recursos fiscales para sostener un m\u00ednimo ordenamiento de las cuentas p\u00fablicas.<\/p>\n\n\n\n<p>Con ese tel\u00f3n de fondo, el Gobierno encarar\u00e1 ma\u00f1ana una instancia crucial que aporta por estas horas renovada intensidad a la ola dolarizadora:&nbsp;<strong>Econom\u00eda enfrenta un alto vencimiento de deuda en pesos, por casi $ 1 bill\u00f3n<\/strong>, en el marco de la estampida del peso de los \u00faltimos d\u00edas y una suba de la brecha cambiaria que volvi\u00f3 a superar el 120 por ciento. La Secretar\u00eda de Finanzas que encabeza&nbsp;<strong>Eduardo Setti&nbsp;<\/strong>inform\u00f3 ayer que buscar\u00e1 cubrir las obligaciones con un men\u00fa amplio de t\u00edtulos en la licitaci\u00f3n en el que se destacar\u00e1, previsiblemente, el bono dual.<\/p>\n\n\n\n<p>Se trata del instrumento por el que el Gobierno reconoce la evoluci\u00f3n de la inflaci\u00f3n o la del tipo de cambio oficial, la variable que sea m\u00e1s alta. Esto, claro, en el contexto en el que las expectativas de devaluaci\u00f3n est\u00e1n a la orden del d\u00eda aunque no son pocos en el mercado los que apuestan a una brecha cambiaria cada vez m\u00e1s elevada pero sin devaluaci\u00f3n en el mercado oficial.<\/p>\n\n\n\n<p><img decoding=\"async\" loading=\"lazy\" alt=\"La cotizaci\u00f3n libre ajustada por inflaci\u00f3n\" height=\"1397\" width=\"1920\" class=\"\" src=\"https:\/\/cloudfront-us-east-1.images.arcpublishing.com\/infobae\/IA4DW4E4UFFFTLL3Z3F4LZDO3I.jpg\" srcset=\"https:\/\/www.infobae.com\/new-resizer\/O-vk4hVbyhKTBm_4Lu077BEWo0k=\/420x315\/filters:format(webp):quality(85)\/cloudfront-us-east-1.images.arcpublishing.com\/infobae\/IA4DW4E4UFFFTLL3Z3F4LZDO3I.jpg 420w,https:\/\/www.infobae.com\/new-resizer\/D0baBO2juRZXV6aJV_96g9vA7E4=\/768x576\/filters:format(webp):quality(85)\/cloudfront-us-east-1.images.arcpublishing.com\/infobae\/IA4DW4E4UFFFTLL3Z3F4LZDO3I.jpg 768w,https:\/\/www.infobae.com\/new-resizer\/ojMZA66xpMGM0zXnvNMAYvZxWX0=\/992x744\/filters:format(webp):quality(85)\/cloudfront-us-east-1.images.arcpublishing.com\/infobae\/IA4DW4E4UFFFTLL3Z3F4LZDO3I.jpg 992w,https:\/\/www.infobae.com\/new-resizer\/iqJ21NQcWavoxTIZjXFrMCzyAKs=\/1200x900\/filters:format(webp):quality(85)\/cloudfront-us-east-1.images.arcpublishing.com\/infobae\/IA4DW4E4UFFFTLL3Z3F4LZDO3I.jpg 1200w,https:\/\/www.infobae.com\/new-resizer\/6ZbNkYTCddWfsVZQKRxlY7anqcQ=\/1440x1080\/filters:format(webp):quality(85)\/cloudfront-us-east-1.images.arcpublishing.com\/infobae\/IA4DW4E4UFFFTLL3Z3F4LZDO3I.jpg 1440w\">La cotizaci\u00f3n libre ajustada por inflaci\u00f3n<\/p>\n\n\n\n<p>\u201cVamos a ver una brecha que se va a ampliar cada vez m\u00e1s en cada episodio pero no parece estar en los planes del Gobierno ni tampoco en los del Fondo Monetario una devaluaci\u00f3n\u201d, sostuvo el economista&nbsp;<strong>Mart\u00edn Rapetti<\/strong>, fundador de la consultora Equilibra, cercana al ministro de Econom\u00eda,&nbsp;<strong>Sergio Massa<\/strong>.<\/p>\n\n\n\n<p>Desde esa perspectiva, la pregunta que se impone entre los inversores y los ahorristas de todos los tama\u00f1os es, m\u00e1s all\u00e1 de los motivos de la suba que est\u00e1n impulando en estos d\u00edas el precio del billete y que seguramente seguir\u00e1n existiendo a\u00fan cuando el Gobierno logre frenar la corrida,&nbsp;<strong>hasta d\u00f3nde puede llegar la cotizaci\u00f3n de la divisa.&nbsp;<\/strong>En ese sentido, el economista&nbsp;<strong>Fernando Marull<\/strong>&nbsp;aport\u00f3 un c\u00e1lculo relevante seg\u00fan el cual, en los niveles actuales, el precio del d\u00f3lar, tras muchos meses de estabilidad, \u201cya es un d\u00f3lar de crisis\u201d, seg\u00fan dijo.<\/p>\n\n\n\n<blockquote class=\"wp-block-quote\">\n<p>\u201cVamos a ver una brecha que se va a ampliar cada vez m\u00e1s en cada episodio pero no parece estar en los planes del Gobierno ni tampoco en los del Fondo una devaluaci\u00f3n\u201d (Rapetti)<\/p>\n<\/blockquote>\n\n\n\n<p>Esto a pesar de que, seg\u00fan Marull, el tipo de cambio libre ajustado por inflaci\u00f3n est\u00e1 a\u00fan por debajo del \u201cd\u00f3lar Covid\u201d, el precio que alcanz\u00f3 en la corrida cambiaria que super\u00f3 el ex ministro de Econom\u00eda,<strong>&nbsp;Mart\u00edn Guzm\u00e1n&nbsp;<\/strong>en octubre de 2020, equivalente hoy $680 y tambi\u00e9n debajo en t\u00e9rminos reales del que llam\u00f3 \u201cd\u00f3lar Guzm\u00e1n\u201d, la corrida que deriv\u00f3 en su salida del Gobierno en julio del a\u00f1o pasado que, a precios actuales, ser\u00eda un valor de $540. M\u00e1s atr\u00e1s en el timpo, incluso, el d\u00f3lar de la Convertibilidad, ajustado por inflaci\u00f3n, tendr\u00eda un precio de 510 pesos. Si bien son proyecciones te\u00f3ricas, dan cuenta del espacio potencial que todav\u00eda existe para la suba.<\/p>\n\n\n\n<p>De ah\u00ed que el equipo econ\u00f3mico comunic\u00f3 hoy al Fondo Monetario que se apartar\u00eda de los t\u00e9rminos del acuerdo consensuado hace algunas semanas y decidi\u00f3 intervenir en el mercado financiero para aplacar las cotizaciones del d\u00f3lar MEP y contado con liquidaci\u00f3n. Esa decisi\u00f3n, en el marco de una revisi\u00f3n total del acuerdo que el propio Fondo confirm\u00f3 est\u00e1 en curso, suma m\u00e1s incertidumbre a la plaza cambiaria que, en principio, s\u00f3lo se aplacar\u00eda con un alto volumen de d\u00f3lares para engordar las reservas del BCRA.<\/p>\n\n\n\n<p>Fuente: Infobae<\/p>\n","protected":false},"excerpt":{"rendered":"<div class=\"mh-excerpt\"><p>El d\u00f3lar libre y sus variantes del mercado financiero volvieron a tomar impulso para acercarse a una nueva barrera psicol\u00f3gica, tras operar en $497 mientras que en el segmento burs\u00e1til se negoci\u00f3 entre 470 y 480 pesos. Nuevos focos de inestabilidad se suman al escenario de vulnerabilidad econ\u00f3mica en el que se conjugan el exceso de pesos, un nivel de inflaci\u00f3n m\u00e1s alto que el esperado que dej\u00f3 en evidencia el atraso cambiario y la tasa de inter\u00e9s negativa en t\u00e9rminos reales, el deterioro del nivel de actividad econ\u00f3mica y el tremendo impacto de la sequ\u00eda que dej\u00f3 sin disponibilidad <a class=\"mh-excerpt-more\" href=\"http:\/\/dsrmedios.com.ar\/diario\/archivos\/31803\" title=\"Por qu\u00e9 siguen subiendo las distintas cotizaciones del d\u00f3lar y hasta d\u00f3nde puede llegar el libre\">[Leer m\u00e1s]<\/a><\/p>\n<\/div>","protected":false},"author":6,"featured_media":3810,"comment_status":"open","ping_status":"closed","sticky":false,"template":"","format":"standard","meta":{"_jetpack_newsletter_access":""},"categories":[6],"tags":[],"jetpack_featured_media_url":"http:\/\/dsrmedios.com.ar\/diario\/wp-content\/uploads\/2018\/01\/dolares11.jpg","jetpack_sharing_enabled":true,"jetpack_shortlink":"https:\/\/wp.me\/p9fihK-8gX","_links":{"self":[{"href":"http:\/\/dsrmedios.com.ar\/diario\/wp-json\/wp\/v2\/posts\/31803"}],"collection":[{"href":"http:\/\/dsrmedios.com.ar\/diario\/wp-json\/wp\/v2\/posts"}],"about":[{"href":"http:\/\/dsrmedios.com.ar\/diario\/wp-json\/wp\/v2\/types\/post"}],"author":[{"embeddable":true,"href":"http:\/\/dsrmedios.com.ar\/diario\/wp-json\/wp\/v2\/users\/6"}],"replies":[{"embeddable":true,"href":"http:\/\/dsrmedios.com.ar\/diario\/wp-json\/wp\/v2\/comments?post=31803"}],"version-history":[{"count":1,"href":"http:\/\/dsrmedios.com.ar\/diario\/wp-json\/wp\/v2\/posts\/31803\/revisions"}],"predecessor-version":[{"id":31804,"href":"http:\/\/dsrmedios.com.ar\/diario\/wp-json\/wp\/v2\/posts\/31803\/revisions\/31804"}],"wp:featuredmedia":[{"embeddable":true,"href":"http:\/\/dsrmedios.com.ar\/diario\/wp-json\/wp\/v2\/media\/3810"}],"wp:attachment":[{"href":"http:\/\/dsrmedios.com.ar\/diario\/wp-json\/wp\/v2\/media?parent=31803"}],"wp:term":[{"taxonomy":"category","embeddable":true,"href":"http:\/\/dsrmedios.com.ar\/diario\/wp-json\/wp\/v2\/categories?post=31803"},{"taxonomy":"post_tag","embeddable":true,"href":"http:\/\/dsrmedios.com.ar\/diario\/wp-json\/wp\/v2\/tags?post=31803"}],"curies":[{"name":"wp","href":"https:\/\/api.w.org\/{rel}","templated":true}]}}