{"id":31786,"date":"2023-04-25T09:12:10","date_gmt":"2023-04-25T12:12:10","guid":{"rendered":"http:\/\/dsrmedios.com.ar\/diario\/?p=31786"},"modified":"2023-04-25T09:12:13","modified_gmt":"2023-04-25T12:12:13","slug":"el-frente-de-todos-busca-avanzar-con-la-ley-de-alquileres-bonaerense","status":"publish","type":"post","link":"http:\/\/dsrmedios.com.ar\/diario\/archivos\/31786","title":{"rendered":"El Frente de Todos busca avanzar con la Ley de Alquileres bonaerense"},"content":{"rendered":"\n<p>El&nbsp;<strong>Frente de Todos&nbsp;<\/strong>en la Legislatura bonaerense buscar\u00e1 avanzar con el proyecto de&nbsp;<strong>Ley de Alquileres<\/strong>&nbsp;provincial, que busca generar un alivio en los inquilinos que, seg\u00fan los \u00faltimos datos, son uno de cada cinco ciudadanos de la Provincia.<\/p>\n\n\n\n<p>Se trata de un proyecto de ley del senador\u00a0<a rel=\"noreferrer noopener\" href=\"https:\/\/infocielo.com\/francisco-duranona\/francisco-duranona-las-potencialidades-del-interior-quedaron-fuera-la-agenda-politica-n752772\" target=\"_blank\"><strong>Francisco Dura\u00f1ona<\/strong><\/a>, que durante mucho tiempo fue debatido con diferentes sectores del rubro inmobiliario y que tratar\u00e1 de sortear este mediod\u00eda la comisi\u00f3n de Legislaci\u00f3n General, aunque la oposici\u00f3n tiene mayor\u00eda all\u00ed con seis votos contra cinco.<\/p>\n\n\n\n<p>El autori del proyecto subray\u00f3 que la propuesta<strong>&nbsp;&#8220;busca defender a inquilinos e inquilinas y que los costos de las comisiones queden a cargo de los due\u00f1os de los inmuebles&#8221;&nbsp;<\/strong>y record\u00f3 que ss un proyecto &#8220;que venimos empujando hace mucho y que tiene el consenso de amplios sectores&#8221;.<\/p>\n\n\n\n<p>Entre otros puntos, apunta a reducir los costos que deben afrontar inquilinos e inquilinas a la hora de ingresar a las viviendas, ya que, de aprobarse la ley, los costos de averiguaci\u00f3n de firmas y de informes de garant\u00eda y de gestor\u00eda quedar\u00e1n a cargo de los propietarios.<\/p>\n\n\n\n<p>En tanto, establece que<strong>&nbsp;los martilleros e inmobiliarias tendr\u00e1n p\u00fablicos sus honorarios y eventualmente los informes de dominio ser\u00e1n sin costo para inquilinos e inquilinas.<\/strong><\/p>\n\n\n\n<p>Francisco Dura\u00f1ona sobre la Ley de Alquileres bonaerense<\/p>\n\n\n\n<p><strong>&#8220;En un contexto tan complejo como el que nos toca atravesar, es fundamental nuestro rol y responsabilidad institucional para intentar que los bonaerenses puedan estar cada d\u00eda un poco mejor, aportando soluciones a cuestiones de la vida cotidiana de las personas que representamos&#8221;<\/strong>, marc\u00f3 Dura\u00f1ona.<\/p>\n\n\n\n<p>Seg\u00fan los datos de la Encuesta Bonaerense de Alquileres 2022 que realiz\u00f3 el \u00e1rea de Coordinaci\u00f3n de Alquileres de la Subsecretar\u00eda de H\u00e1bitat del&nbsp;<a href=\"https:\/\/infocielo.com\/alquileres\/para-el-ministro-habitat-los-alquileres-se-deben-descentralizar-los-municipios-n750753\" target=\"_blank\" rel=\"noreferrer noopener\">Ministerio de Desarrollo de la Comunidad,<\/a>&nbsp;el&nbsp;<strong>18,3% de las y los bonaerenses alquilan y de ellos, el 59,1% de ellos son mujeres jefas de hogar.<\/strong><\/p>\n\n\n\n<p>Adem\u00e1s se determin\u00f3 que el 63% alquila por medio de inmobiliaria mientras que el 27,1% lo hace a trav\u00e9s de due\u00f1o directo; en tanto que el 26,7% del total de los y las inquilinas destina al menos el 30% de sus ingresos al pago del alquiler mientras que el 37,7% destina entre un 40% y un 50%.<\/p>\n\n\n\n<p>La Defensor\u00eda del Pueblo es otra de las entidades que\u00a0<a rel=\"noreferrer noopener\" href=\"https:\/\/infocielo.com\/ley-alquileres\/la-defensoria-presiona-avanzar-la-ley-alquileres-n741598\" target=\"_blank\">apoya el avance de la ley y hasta sugiri\u00f3 a la Legislatura que d\u00e9 el visto bueno<\/a>. &#8220;<strong>La mayor cantidad de inquilinas e inquilinos del pa\u00eds se encuentran en nuestra Provincia.<\/strong>\u00a0Desde que creamos el \u00c1rea de Inquilinos\/as en la Defensor\u00eda del Pueblo, la mayor\u00eda de los reclamos que nos llegaron tuvo que ver con los altos costos a la hora de firmar un contrato de alquiler&#8221;, se\u00f1al\u00f3 el titular del organismo,\u00a0<strong>Guido Lorenzino<\/strong>.<\/p>\n\n\n\n<p>Fuente: Infocielo<\/p>\n","protected":false},"excerpt":{"rendered":"<div class=\"mh-excerpt\"><p>El&nbsp;Frente de Todos&nbsp;en la Legislatura bonaerense buscar\u00e1 avanzar con el proyecto de&nbsp;Ley de Alquileres&nbsp;provincial, que busca generar un alivio en los inquilinos que, seg\u00fan los \u00faltimos datos, son uno de cada cinco ciudadanos de la Provincia. Se trata de un proyecto de ley del senador\u00a0Francisco Dura\u00f1ona, que durante mucho tiempo fue debatido con diferentes sectores del rubro inmobiliario y que tratar\u00e1 de sortear este mediod\u00eda la comisi\u00f3n de Legislaci\u00f3n General, aunque la oposici\u00f3n tiene mayor\u00eda all\u00ed con seis votos contra cinco. El autori del proyecto subray\u00f3 que la propuesta&nbsp;&#8220;busca defender a inquilinos e inquilinas y que los costos de las <a class=\"mh-excerpt-more\" href=\"http:\/\/dsrmedios.com.ar\/diario\/archivos\/31786\" title=\"El Frente de Todos busca avanzar con la Ley de Alquileres bonaerense\">[Leer m\u00e1s]<\/a><\/p>\n<\/div>","protected":false},"author":6,"featured_media":31787,"comment_status":"open","ping_status":"closed","sticky":false,"template":"","format":"standard","meta":{"_jetpack_newsletter_access":""},"categories":[6],"tags":[],"jetpack_featured_media_url":"http:\/\/dsrmedios.com.ar\/diario\/wp-content\/uploads\/2023\/04\/alquiler-casa-llavesjpg.webp","jetpack_sharing_enabled":true,"jetpack_shortlink":"https:\/\/wp.me\/p9fihK-8gG","_links":{"self":[{"href":"http:\/\/dsrmedios.com.ar\/diario\/wp-json\/wp\/v2\/posts\/31786"}],"collection":[{"href":"http:\/\/dsrmedios.com.ar\/diario\/wp-json\/wp\/v2\/posts"}],"about":[{"href":"http:\/\/dsrmedios.com.ar\/diario\/wp-json\/wp\/v2\/types\/post"}],"author":[{"embeddable":true,"href":"http:\/\/dsrmedios.com.ar\/diario\/wp-json\/wp\/v2\/users\/6"}],"replies":[{"embeddable":true,"href":"http:\/\/dsrmedios.com.ar\/diario\/wp-json\/wp\/v2\/comments?post=31786"}],"version-history":[{"count":1,"href":"http:\/\/dsrmedios.com.ar\/diario\/wp-json\/wp\/v2\/posts\/31786\/revisions"}],"predecessor-version":[{"id":31788,"href":"http:\/\/dsrmedios.com.ar\/diario\/wp-json\/wp\/v2\/posts\/31786\/revisions\/31788"}],"wp:featuredmedia":[{"embeddable":true,"href":"http:\/\/dsrmedios.com.ar\/diario\/wp-json\/wp\/v2\/media\/31787"}],"wp:attachment":[{"href":"http:\/\/dsrmedios.com.ar\/diario\/wp-json\/wp\/v2\/media?parent=31786"}],"wp:term":[{"taxonomy":"category","embeddable":true,"href":"http:\/\/dsrmedios.com.ar\/diario\/wp-json\/wp\/v2\/categories?post=31786"},{"taxonomy":"post_tag","embeddable":true,"href":"http:\/\/dsrmedios.com.ar\/diario\/wp-json\/wp\/v2\/tags?post=31786"}],"curies":[{"name":"wp","href":"https:\/\/api.w.org\/{rel}","templated":true}]}}