{"id":31783,"date":"2023-04-25T09:08:50","date_gmt":"2023-04-25T12:08:50","guid":{"rendered":"http:\/\/dsrmedios.com.ar\/diario\/?p=31783"},"modified":"2023-04-25T09:08:54","modified_gmt":"2023-04-25T12:08:54","slug":"en-medio-de-los-tironeos-por-las-candidaturas-los-presidentes-de-jxc-se-reuniran-para-buscar-una-foto-de-unidad","status":"publish","type":"post","link":"http:\/\/dsrmedios.com.ar\/diario\/archivos\/31783","title":{"rendered":"En medio de los tironeos por las candidaturas, los presidentes de JxC se reunir\u00e1n para buscar una foto de unidad"},"content":{"rendered":"\n<p>Faltan exactamente<strong>&nbsp;dos meses<\/strong>&nbsp;para que los partidos y coaliciones pol\u00edticas deban&nbsp;<strong>presentar las listas<\/strong>&nbsp;con las candidaturas para las pr\u00f3ximas elecciones. En pol\u00edtica, dos d\u00edas pueden ser eternos. Lo cierto es que desde el renunciamiento de&nbsp;<strong>Mauricio Macri&nbsp;<\/strong>a ser candidato,&nbsp;<strong>el proceso electoral se aceler\u00f3<\/strong>. En&nbsp;<strong>Juntos por el Cambio<\/strong>&nbsp;(JxC) sostienen que cuentan con un frente<strong>&nbsp;competitivo<\/strong>, aunque se inquietan porque los&nbsp;<strong>tironeos internos<\/strong>&nbsp;no se aplacan. Adem\u00e1s, hay un sector de la oposici\u00f3n&nbsp;<strong>muy inc\u00f3modo<\/strong>&nbsp;con el&nbsp;<strong>coqueteo&nbsp;<\/strong>que el ala dura del PRO hace con las ideas de<strong>&nbsp;Javier Milei<\/strong>. En ese contexto,<strong>&nbsp;hoy se reunir\u00e1n las autoridades<\/strong>&nbsp;de la alianza.<\/p>\n\n\n\n<p>Se trata del primer encuentro presencial luego de dos meses. El \u00faltimo c\u00f3nclave hab\u00eda sido en febrero. En esta ocasi\u00f3n, la reuni\u00f3n ser\u00e1&nbsp;<strong>a las 10<\/strong>&nbsp;en las oficinas de la Coalici\u00f3n C\u00edvica, en las inmediaciones al Congreso Nacional. Est\u00e1n citados los presidentes de los cuatro principales partidos del frente:&nbsp;<strong>Maximiliano Ferraro<\/strong>&nbsp;(CC, oficiar\u00e1 de anfitri\u00f3n),&nbsp;<strong>Federico Angelini<\/strong>&nbsp;(PRO),&nbsp;<strong>Gerardo Morales&nbsp;<\/strong>(UCR) y<strong>&nbsp;Miguel \u00c1ngel Pichetto&nbsp;<\/strong>(Encuentro Republicano).<\/p>\n\n\n\n<p>Angelini, diputado nacional y dirigente muy cercano a Macri, qued\u00f3 a&nbsp;<strong>cargo del partido amarillo<\/strong>&nbsp;desde la semana pasada. Bullrich decidi\u00f3&nbsp;<strong>dar un paso al costado<\/strong>&nbsp;temporalmente para enfocarse de lleno en la campa\u00f1a. Fue un&nbsp;<strong>gesto simb\u00f3lico&nbsp;<\/strong>dirigido a Larreta, su adversario interno. El diputado rosarino est\u00e1 pr\u00f3ximo a formalizar su alianza con la senadora&nbsp;<strong>Carolina Losada&nbsp;<\/strong>para ser su candidato a vicegobernador de Santa Fe. A la par, es armador de la campa\u00f1a bullrichista. De momento, sostendr\u00e1 esos roles y asistir\u00e1 ma\u00f1ana a la reuni\u00f3n de JxC en representaci\u00f3n del PRO.<\/p>\n\n\n\n<p><img decoding=\"async\" loading=\"lazy\" alt=\"Rodr\u00edguez Larreta, Maximiliano Ferraro, Miguel \u00c1ngel Pichetto y Gerardo Morales en la reuni\u00f3n de la Mesa Nacional de JxC, en febrero de este a\u00f1o (Adri\u00e1n Escandar)\" height=\"1080\" width=\"1920\" class=\"\" src=\"https:\/\/cloudfront-us-east-1.images.arcpublishing.com\/infobae\/D5Q3YO56NJFSVHPA22EZPED54A.JPG\" srcset=\"https:\/\/www.infobae.com\/new-resizer\/vFttQgvK3nRDg8rWh3XoTYSqNs0=\/420x236\/filters:format(webp):quality(85)\/cloudfront-us-east-1.images.arcpublishing.com\/infobae\/D5Q3YO56NJFSVHPA22EZPED54A.JPG 420w,https:\/\/www.infobae.com\/new-resizer\/_4w1b6sCTbExNujQUEBDAZz761k=\/768x432\/filters:format(webp):quality(85)\/cloudfront-us-east-1.images.arcpublishing.com\/infobae\/D5Q3YO56NJFSVHPA22EZPED54A.JPG 768w,https:\/\/www.infobae.com\/new-resizer\/buQGWQOl-SOnRTo-f-KDIxrOOF4=\/992x558\/filters:format(webp):quality(85)\/cloudfront-us-east-1.images.arcpublishing.com\/infobae\/D5Q3YO56NJFSVHPA22EZPED54A.JPG 992w,https:\/\/www.infobae.com\/new-resizer\/KKIkzLYyhkKirCUWxZnu6c1hUGg=\/1200x675\/filters:format(webp):quality(85)\/cloudfront-us-east-1.images.arcpublishing.com\/infobae\/D5Q3YO56NJFSVHPA22EZPED54A.JPG 1200w,https:\/\/www.infobae.com\/new-resizer\/lTZ7o5HYvSu70W76rFIARmRVm5o=\/1440x810\/filters:format(webp):quality(85)\/cloudfront-us-east-1.images.arcpublishing.com\/infobae\/D5Q3YO56NJFSVHPA22EZPED54A.JPG 1440w\">Rodr\u00edguez Larreta, Maximiliano Ferraro, Miguel \u00c1ngel Pichetto y Gerardo Morales en la reuni\u00f3n de la Mesa Nacional de JxC, en febrero de este a\u00f1o (Adri\u00e1n Escandar)<\/p>\n\n\n\n<p>Seg\u00fan pudo saber&nbsp;<strong>Infobae<\/strong>, el&nbsp;<strong>objetivo&nbsp;<\/strong>formal del c\u00f3nclave es hacer un repaso sobre el&nbsp;<strong>acuerdo program\u00e1tico<\/strong>&nbsp;en el que trabajan en conjunto las fundaciones de los cuatro partidos, as\u00ed como tambi\u00e9n deliberar sobre&nbsp;<strong>cuestiones econ\u00f3micas<\/strong>. Tambi\u00e9n fijar\u00e1n la fecha para la&nbsp;<strong>pr\u00f3xima reuni\u00f3n<\/strong>&nbsp;de la Mesa Nacional de JxC. No obstante, tambi\u00e9n aprovechar\u00e1n para&nbsp;<strong>buscar un punto com\u00fan&nbsp;<\/strong>que permita&nbsp;<strong>apaciguar&nbsp;<\/strong>los<strong>&nbsp;roces internos<\/strong>&nbsp;y hacer una&nbsp;<strong>foto&nbsp;<\/strong>como<strong>&nbsp;se\u00f1al de unidad<\/strong>. Aunque en el temario figuren asuntos t\u00e9cnicos, es improbable que cuatro dirigentes pol\u00edticos no hablen sobre el proceso electoral.<\/p>\n\n\n\n<p>El PRO afronta una&nbsp;<strong>disputa interna fuerte<\/strong>. El conflicto escal\u00f3 tras la decisi\u00f3n de&nbsp;<strong>Horacio Rodr\u00edguez Larreta<\/strong>&nbsp;de convocar a&nbsp;<strong>elecciones concurrentes<\/strong>&nbsp;en la Ciudad de Buenos Aires. Esa medida desat\u00f3 la&nbsp;<strong>furia&nbsp;<\/strong>de Macri. A la par de \u00e9l se alinearon en el rechazo&nbsp;<strong>Patricia Bullrich<\/strong>,&nbsp;<strong>Mar\u00eda Eugenia Vidal&nbsp;<\/strong>y el ala Halc\u00f3n del partido amarillo. La fractura persiste y gener\u00f3&nbsp;<strong>resonancia&nbsp;<\/strong>en el resto de la coalici\u00f3n.<\/p>\n\n\n\n<p><\/p>\n\n\n\n<p>En paralelo a la gresca dentro del PRO, Macri y Bullrich, principalmente, insistieron en los \u00faltimos d\u00edas en un&nbsp;<strong>coqueteo&nbsp;<\/strong>con las&nbsp;<strong>ideas&nbsp;<\/strong>de&nbsp;<strong>Milei<\/strong>. El ex Presidente manifest\u00f3 su empat\u00eda con algunos planteos econ\u00f3micos del libertario. \u201c<strong>No hay que dinamitar todo, hay que semidinamitar<\/strong>\u201d, expres\u00f3 el presidente de la Fundaci\u00f3n FIFA en una comida con empresarios del Cicyp. En el mismo almuerzo tambi\u00e9n consider\u00f3 que el l\u00edder de la Libertar Avanza<strong>&nbsp;llegar\u00e1 al ballotage&nbsp;<\/strong>y que el Frente de Todos quedar\u00e1 tercero en las pr\u00f3ximas elecciones.<\/p>\n\n\n\n<p><img decoding=\"async\" loading=\"lazy\" alt=\"Federico Angelini, armador bullrichista y flamante titular del PRO tras la licencia de Patricia Bullrich\" height=\"576\" width=\"1024\" class=\"\" src=\"https:\/\/cloudfront-us-east-1.images.arcpublishing.com\/infobae\/XIIWNBK55RBCHLNOCTEFPVABNE.jpeg\" srcset=\"https:\/\/www.infobae.com\/new-resizer\/GOI-mdxbZE5IclHGS-XEqECxD1M=\/420x236\/filters:format(webp):quality(85)\/cloudfront-us-east-1.images.arcpublishing.com\/infobae\/XIIWNBK55RBCHLNOCTEFPVABNE.jpeg 420w,https:\/\/www.infobae.com\/new-resizer\/x5FGkylSH4v_8nPoyhZtL3eERLg=\/768x432\/filters:format(webp):quality(85)\/cloudfront-us-east-1.images.arcpublishing.com\/infobae\/XIIWNBK55RBCHLNOCTEFPVABNE.jpeg 768w,https:\/\/www.infobae.com\/new-resizer\/pd8ayL4eygyNSE6lxMtWJfHe1BY=\/992x558\/filters:format(webp):quality(85)\/cloudfront-us-east-1.images.arcpublishing.com\/infobae\/XIIWNBK55RBCHLNOCTEFPVABNE.jpeg 992w,https:\/\/www.infobae.com\/new-resizer\/mxfMLla1aMZgCHCPIJYqOlTBLIE=\/1200x675\/filters:format(webp):quality(85)\/cloudfront-us-east-1.images.arcpublishing.com\/infobae\/XIIWNBK55RBCHLNOCTEFPVABNE.jpeg 1200w,https:\/\/www.infobae.com\/new-resizer\/uKpmYFIZnCof_AkqSR56kNepPCo=\/1440x810\/filters:format(webp):quality(85)\/cloudfront-us-east-1.images.arcpublishing.com\/infobae\/XIIWNBK55RBCHLNOCTEFPVABNE.jpeg 1440w\">Federico Angelini, armador bullrichista y flamante titular del PRO tras la licencia de Patricia Bullrich<\/p>\n\n\n\n<p>Esas aseveraciones no s\u00f3lo&nbsp;<strong>fastidian&nbsp;<\/strong>a Rodr\u00edguez Larreta. El radicalismo y la Coalici\u00f3n C\u00edvica tambi\u00e9n se sienten&nbsp;<strong>inc\u00f3modos&nbsp;<\/strong>ante cualquier alusi\u00f3n a Milei. La&nbsp;<strong>distancia ideol\u00f3gica<\/strong>&nbsp;entre las ideas libertarias con el partido centenario, Carri\u00f3 y Larreta son abismales. En ese punto, los tres est\u00e1n concertados en repudiar cualquier coqueteo o acercamiento con el diputado nacional de LLA.<\/p>\n\n\n\n<p>En la misma l\u00ednea, esa discusi\u00f3n tambi\u00e9n se cuela en el armado del ya famoso \u201c<strong>programa de gobierno\u201d<\/strong>&nbsp;que preparan las fundaciones de los partidos de JxC. A diferencia de 2015, los dirigentes opositores acordaron formar una coalici\u00f3n de gobierno, no s\u00f3lo electoral, y buscan plasmarlo en una especie de contrato pol\u00edtico con una serie de acuerdos sobre las pol\u00edticas que implementar\u00e1n (y c\u00f3mo lo har\u00e1n) en caso de que se impongan en los comicios.<\/p>\n\n\n\n<p>Las fundaciones&nbsp;<strong>Pensar&nbsp;<\/strong>(PRO),&nbsp;<strong>Alem&nbsp;<\/strong>(UCR),&nbsp;<strong>Hannah Arendt&nbsp;<\/strong>(CC) y&nbsp;<strong>Encuentro&nbsp;<\/strong>(Encuentro Republicano) trabajan en el armado de programas econ\u00f3micos, sociales, de seguridad, defensa, educaci\u00f3n, salud, relaciones exteriores. En la mayor\u00eda de los temas hay cierto consenso. Sin embargo,&nbsp;<strong>econom\u00eda genera rispideces<\/strong>. No tanto por el&nbsp;<strong>qu\u00e9 hacer<\/strong>, sino por el&nbsp;<strong>c\u00f3mo implementarlo<\/strong>. Hay disonancias sobre los plazos para la ejecuci\u00f3n de ciertas pol\u00edticas econ\u00f3micas.<\/p>\n\n\n\n<p>Con el paso de los d\u00edas,&nbsp;<strong>algunas divergencias se acent\u00faan<\/strong>. Justamente, los coqueteos de un sector del PRO con Milei, quien pregona un \u201cplan motosierra\u201d para el gasto p\u00fablico, cerrar el Banco Central y terminar con la salud y la educaci\u00f3n p\u00fablica\u201d es algo que produce&nbsp;<strong>rechazo&nbsp;<\/strong>en el larretismo, la UCR y el partido de Elisa Carri\u00f3. El mi\u00e9rcoles pasado, Gerardo Morales encabez\u00f3 una reuni\u00f3n de las autoridades nacionales del radicalismo. All\u00ed, emitieron un comunicado que marc\u00f3 un l\u00edmite claro en ese eje. \u201cLa salida para la Argentina se dar\u00e1 a partir de un programa econ\u00f3mico consistente y serio. Con firmeza, convicciones y di\u00e1logo.&nbsp;<strong>Sin sangre ni dinamita<\/strong>. Sin histeria ni salidas perturbadas, perturbadoras,&nbsp;<strong>delirantes&nbsp;<\/strong>e&nbsp;<strong>irreversibles<\/strong>\u201d. Fue una alusi\u00f3n indisimulada al flirteo del macrismo y el bullrichismo con el economista libertario.<\/p>\n\n\n\n<p><img decoding=\"async\" loading=\"lazy\" alt=\"Gerardo Morales y Mart\u00edn Lousteau en la reuni\u00f3n de la Mesa Nacional de la UCR, el mi\u00e9rcoles pasado\" height=\"1279\" width=\"1920\" class=\"\" src=\"https:\/\/cloudfront-us-east-1.images.arcpublishing.com\/infobae\/V5O3QWW2BJBE7MLCIVMMBMT5SU.jpg\" srcset=\"https:\/\/www.infobae.com\/new-resizer\/yTvJx-SDkCjTppT__yLXBqh3I-8=\/420x280\/filters:format(webp):quality(85)\/cloudfront-us-east-1.images.arcpublishing.com\/infobae\/V5O3QWW2BJBE7MLCIVMMBMT5SU.jpg 420w,https:\/\/www.infobae.com\/new-resizer\/miev1Q34bAN6uNxRKowjoInByg8=\/768x512\/filters:format(webp):quality(85)\/cloudfront-us-east-1.images.arcpublishing.com\/infobae\/V5O3QWW2BJBE7MLCIVMMBMT5SU.jpg 768w,https:\/\/www.infobae.com\/new-resizer\/bgfLoPpO-PeJY47pUw6x0HAmh0A=\/992x661\/filters:format(webp):quality(85)\/cloudfront-us-east-1.images.arcpublishing.com\/infobae\/V5O3QWW2BJBE7MLCIVMMBMT5SU.jpg 992w,https:\/\/www.infobae.com\/new-resizer\/LF6kQS_QQUnInIAdjbD9cgmvNgo=\/1200x800\/filters:format(webp):quality(85)\/cloudfront-us-east-1.images.arcpublishing.com\/infobae\/V5O3QWW2BJBE7MLCIVMMBMT5SU.jpg 1200w,https:\/\/www.infobae.com\/new-resizer\/ie0vTK2fp29MgaRW1tVPltBcUX8=\/1440x960\/filters:format(webp):quality(85)\/cloudfront-us-east-1.images.arcpublishing.com\/infobae\/V5O3QWW2BJBE7MLCIVMMBMT5SU.jpg 1440w\">Gerardo Morales y Mart\u00edn Lousteau en la reuni\u00f3n de la Mesa Nacional de la UCR, el mi\u00e9rcoles pasado<\/p>\n\n\n\n<p>De este modo, Morales pidi\u00f3 a sus colegas de JxC reunirse hoy. Se espera que emitan un comunicado con un diagn\u00f3stico de la situaci\u00f3n econ\u00f3mica y electoral. All\u00ed, el radicalismo y la CC buscar\u00e1n marcar un l\u00edmite con las ideas libertarias. El ala dura del PRO insiste en apelar a la \u201cfirmeza\u201d que exigir\u00e1 ejecutar las medidas econ\u00f3micas que proponen. En el c\u00f3nclave buscar\u00e1n un punto com\u00fan, con el objetivo de apaciguar el ruido interno y transmitir una postal de uni\u00f3n.<\/p>\n\n\n\n<p>Fuente: Infobae<\/p>\n","protected":false},"excerpt":{"rendered":"<div class=\"mh-excerpt\"><p>Faltan exactamente&nbsp;dos meses&nbsp;para que los partidos y coaliciones pol\u00edticas deban&nbsp;presentar las listas&nbsp;con las candidaturas para las pr\u00f3ximas elecciones. En pol\u00edtica, dos d\u00edas pueden ser eternos. Lo cierto es que desde el renunciamiento de&nbsp;Mauricio Macri&nbsp;a ser candidato,&nbsp;el proceso electoral se aceler\u00f3. En&nbsp;Juntos por el Cambio&nbsp;(JxC) sostienen que cuentan con un frente&nbsp;competitivo, aunque se inquietan porque los&nbsp;tironeos internos&nbsp;no se aplacan. Adem\u00e1s, hay un sector de la oposici\u00f3n&nbsp;muy inc\u00f3modo&nbsp;con el&nbsp;coqueteo&nbsp;que el ala dura del PRO hace con las ideas de&nbsp;Javier Milei. En ese contexto,&nbsp;hoy se reunir\u00e1n las autoridades&nbsp;de la alianza. Se trata del primer encuentro presencial luego de dos meses. El \u00faltimo c\u00f3nclave <a class=\"mh-excerpt-more\" href=\"http:\/\/dsrmedios.com.ar\/diario\/archivos\/31783\" title=\"En medio de los tironeos por las candidaturas, los presidentes de JxC se reunir\u00e1n para buscar una foto de unidad\">[Leer m\u00e1s]<\/a><\/p>\n<\/div>","protected":false},"author":6,"featured_media":31784,"comment_status":"open","ping_status":"closed","sticky":false,"template":"","format":"standard","meta":{"_jetpack_newsletter_access":""},"categories":[6],"tags":[],"jetpack_featured_media_url":"http:\/\/dsrmedios.com.ar\/diario\/wp-content\/uploads\/2023\/04\/descarga-51.jpg","jetpack_sharing_enabled":true,"jetpack_shortlink":"https:\/\/wp.me\/p9fihK-8gD","_links":{"self":[{"href":"http:\/\/dsrmedios.com.ar\/diario\/wp-json\/wp\/v2\/posts\/31783"}],"collection":[{"href":"http:\/\/dsrmedios.com.ar\/diario\/wp-json\/wp\/v2\/posts"}],"about":[{"href":"http:\/\/dsrmedios.com.ar\/diario\/wp-json\/wp\/v2\/types\/post"}],"author":[{"embeddable":true,"href":"http:\/\/dsrmedios.com.ar\/diario\/wp-json\/wp\/v2\/users\/6"}],"replies":[{"embeddable":true,"href":"http:\/\/dsrmedios.com.ar\/diario\/wp-json\/wp\/v2\/comments?post=31783"}],"version-history":[{"count":1,"href":"http:\/\/dsrmedios.com.ar\/diario\/wp-json\/wp\/v2\/posts\/31783\/revisions"}],"predecessor-version":[{"id":31785,"href":"http:\/\/dsrmedios.com.ar\/diario\/wp-json\/wp\/v2\/posts\/31783\/revisions\/31785"}],"wp:featuredmedia":[{"embeddable":true,"href":"http:\/\/dsrmedios.com.ar\/diario\/wp-json\/wp\/v2\/media\/31784"}],"wp:attachment":[{"href":"http:\/\/dsrmedios.com.ar\/diario\/wp-json\/wp\/v2\/media?parent=31783"}],"wp:term":[{"taxonomy":"category","embeddable":true,"href":"http:\/\/dsrmedios.com.ar\/diario\/wp-json\/wp\/v2\/categories?post=31783"},{"taxonomy":"post_tag","embeddable":true,"href":"http:\/\/dsrmedios.com.ar\/diario\/wp-json\/wp\/v2\/tags?post=31783"}],"curies":[{"name":"wp","href":"https:\/\/api.w.org\/{rel}","templated":true}]}}