{"id":31771,"date":"2023-04-25T08:10:53","date_gmt":"2023-04-25T11:10:53","guid":{"rendered":"http:\/\/dsrmedios.com.ar\/diario\/?p=31771"},"modified":"2023-04-25T08:10:56","modified_gmt":"2023-04-25T11:10:56","slug":"se-presento-el-plan-estrategico-que-busca-hacer-del-desarrollo-turistico-una-politica-de-estado","status":"publish","type":"post","link":"http:\/\/dsrmedios.com.ar\/diario\/archivos\/31771","title":{"rendered":"<strong>Se present\u00f3 el Plan Estrat\u00e9gico que busca hacer del desarrollo tur\u00edstico una pol\u00edtica de estado<\/strong>"},"content":{"rendered":"\n<p>En una casa de la Cultura colmada por prestadores, instituciones y actores vinculados al turismo en Adolfo Alsina, se present\u00f3 el Plan Estrat\u00e9gico Participativo de Turismo Sustentable Carhu\u00e9 2030.&nbsp;<\/p>\n\n\n\n<p>El Intendente de Adolfo Alsina, Javier Andres, abri\u00f3 la jornada agradeciendo la participaci\u00f3n \u201ca todas las personas que dijeron presente para planificar el desarrollo tur\u00edstico en Adolfo Alsina.\u201d.&nbsp;<\/p>\n\n\n\n<p>\u201cHoy los estoy convocando a pensar una pol\u00edtica de estado de ac\u00e1 al 2030. Una pol\u00edtica que trascienda los mandatos y que siente las bases del desarrollo\u201d, remarc\u00f3 el Intendente.&nbsp;<\/p>\n\n\n\n<p>La presentaci\u00f3n estuvo a cargo del Secretario de Turismo, Pablo Ledesma, y del equipo encabezado por Ana Mar\u00eda Biasone, que llevar\u00e1 adelante el Plan.&nbsp;<\/p>\n\n\n\n<p>\u201cCuando como Municipio decidimos invertir ingresos del Fondo de Ruinas en este Plan Estrat\u00e9gico nos aseguramos de dos cosas: que&nbsp; el equipo profesional que lo desarrolle sea de primer nivel y que las voces de los diferentes actores de nuestra comunidad sean escuchadas y tenidas en cuenta.\u201d subray\u00f3 el Intendente al respecto.&nbsp;<\/p>\n\n\n\n<p>Al mismo tiempo, se present\u00f3 el Proyecto de Redise\u00f1o de marca y digitalizaci\u00f3n de los atractivos tur\u00edsticos, financiado por CFI y coordinado por Lic. Andr\u00e9s Ziperovich. Al respecto,&nbsp; el Intendente dijo: \u201cQuiero destacar tambi\u00e9n que este Plan estrat\u00e9gico ya tiene los recursos para ponerse en marcha. Este no es un plan que va a quedar en un caj\u00f3n guardado.\u201d&nbsp;<\/p>\n\n\n\n<p>Por \u00faltimo, el Intendente remarc\u00f3 \u201cEsto es el resultado de la gesti\u00f3n permanente y de la decisi\u00f3n pol\u00edtica de trabajar por un crecimiento sustentable de nuestro destino que se traduzca en m\u00e1s trabajo, mejora econ\u00f3mica y mejora de la calidad de vida para todos nuestros vecinos y vecinas.\u201d&nbsp;<\/p>\n\n\n\n<p>Luego de la presentaci\u00f3n se realiz\u00f3 un taller participativo que permiti\u00f3 hacer un primer relevamiento de las opiniones y puntos de vista de las personas participantes respecto a la situaci\u00f3n actual del destino.&nbsp;<\/p>\n","protected":false},"excerpt":{"rendered":"<div class=\"mh-excerpt\"><p>En una casa de la Cultura colmada por prestadores, instituciones y actores vinculados al turismo en Adolfo Alsina, se present\u00f3 el Plan Estrat\u00e9gico Participativo de Turismo Sustentable Carhu\u00e9 2030.&nbsp; El Intendente de Adolfo Alsina, Javier Andres, abri\u00f3 la jornada agradeciendo la participaci\u00f3n \u201ca todas las personas que dijeron presente para planificar el desarrollo tur\u00edstico en Adolfo Alsina.\u201d.&nbsp; \u201cHoy los estoy convocando a pensar una pol\u00edtica de estado de ac\u00e1 al 2030. Una pol\u00edtica que trascienda los mandatos y que siente las bases del desarrollo\u201d, remarc\u00f3 el Intendente.&nbsp; La presentaci\u00f3n estuvo a cargo del Secretario de Turismo, Pablo Ledesma, y del <a class=\"mh-excerpt-more\" href=\"http:\/\/dsrmedios.com.ar\/diario\/archivos\/31771\" title=\"Se present\u00f3 el Plan Estrat\u00e9gico que busca hacer del desarrollo tur\u00edstico una pol\u00edtica de estado\">[Leer m\u00e1s]<\/a><\/p>\n<\/div>","protected":false},"author":6,"featured_media":31772,"comment_status":"open","ping_status":"closed","sticky":false,"template":"","format":"standard","meta":{"_jetpack_newsletter_access":""},"categories":[6],"tags":[],"jetpack_featured_media_url":"http:\/\/dsrmedios.com.ar\/diario\/wp-content\/uploads\/2023\/04\/DSC_0807-scaled.jpg","jetpack_sharing_enabled":true,"jetpack_shortlink":"https:\/\/wp.me\/p9fihK-8gr","_links":{"self":[{"href":"http:\/\/dsrmedios.com.ar\/diario\/wp-json\/wp\/v2\/posts\/31771"}],"collection":[{"href":"http:\/\/dsrmedios.com.ar\/diario\/wp-json\/wp\/v2\/posts"}],"about":[{"href":"http:\/\/dsrmedios.com.ar\/diario\/wp-json\/wp\/v2\/types\/post"}],"author":[{"embeddable":true,"href":"http:\/\/dsrmedios.com.ar\/diario\/wp-json\/wp\/v2\/users\/6"}],"replies":[{"embeddable":true,"href":"http:\/\/dsrmedios.com.ar\/diario\/wp-json\/wp\/v2\/comments?post=31771"}],"version-history":[{"count":1,"href":"http:\/\/dsrmedios.com.ar\/diario\/wp-json\/wp\/v2\/posts\/31771\/revisions"}],"predecessor-version":[{"id":31773,"href":"http:\/\/dsrmedios.com.ar\/diario\/wp-json\/wp\/v2\/posts\/31771\/revisions\/31773"}],"wp:featuredmedia":[{"embeddable":true,"href":"http:\/\/dsrmedios.com.ar\/diario\/wp-json\/wp\/v2\/media\/31772"}],"wp:attachment":[{"href":"http:\/\/dsrmedios.com.ar\/diario\/wp-json\/wp\/v2\/media?parent=31771"}],"wp:term":[{"taxonomy":"category","embeddable":true,"href":"http:\/\/dsrmedios.com.ar\/diario\/wp-json\/wp\/v2\/categories?post=31771"},{"taxonomy":"post_tag","embeddable":true,"href":"http:\/\/dsrmedios.com.ar\/diario\/wp-json\/wp\/v2\/tags?post=31771"}],"curies":[{"name":"wp","href":"https:\/\/api.w.org\/{rel}","templated":true}]}}