{"id":31766,"date":"2023-04-25T08:05:36","date_gmt":"2023-04-25T11:05:36","guid":{"rendered":"http:\/\/dsrmedios.com.ar\/diario\/?p=31766"},"modified":"2023-04-25T08:05:40","modified_gmt":"2023-04-25T11:05:40","slug":"el-fmi-no-avalaria-una-dolarizacion-en-la-argentina-asegura-un-ex-director-del-organismo","status":"publish","type":"post","link":"http:\/\/dsrmedios.com.ar\/diario\/archivos\/31766","title":{"rendered":"El FMI no avalar\u00eda una dolarizaci\u00f3n en la Argentina,\u00a0asegura un ex director del organismo"},"content":{"rendered":"\n<p>Desde hace varios d\u00edas se ha puesto en boca de la gente una palabra a la que no muchos estaban acostumbrados:&nbsp;<strong>dolarizaci\u00f3n<\/strong>. Si bien no es nuevo el tema, la cuesti\u00f3n se puso en la agenda diaria tras los dichos de&nbsp;<strong>Javier Milei<\/strong>, el l\u00edder de<strong>&nbsp;La<\/strong>&nbsp;<strong>Libertad Avanza<\/strong>; que adem\u00e1s de proponer la&nbsp;<a href=\"https:\/\/www.canal26.com\/economia\/advertencia-de-la-consultora-mas-cercana-a-los-bancos-sobre-milei-la-dolarizacion-y-el-peligro-de-una-corrida--340310\" target=\"_blank\" rel=\"noreferrer noopener\">dolarizaci\u00f3n&nbsp;de la econom\u00eda<\/a>&nbsp;local asegura que va a prescindir del<strong>&nbsp;Banco Central<\/strong>.<\/p>\n\n\n\n<p>Con este marco, fueron&nbsp;<strong>muchas las voces<\/strong>&nbsp;que&nbsp;<strong>-a favor y en contra-<\/strong>&nbsp;se dejaron escuchar. Ahora, es el ex director del&nbsp;<strong>Fondo Monetario Internacional (FMI) Claudio Loser<\/strong>&nbsp;quien consider\u00f3 al respecto que&nbsp;<strong>el organismo no avalar\u00eda una dolarizaci\u00f3n en la Argentina<\/strong>&nbsp;por la complejidad de este sistema monetario para el tama\u00f1o de la econom\u00eda local.<\/p>\n\n\n\n<p>\u201c<strong>No creo&nbsp;<\/strong>que el<strong>&nbsp;Fondo&nbsp;<\/strong>sea un<strong>&nbsp;ferviente seguidor de la dolarizaci\u00f3n<\/strong>&nbsp;porque es demasiado complicado para una econom\u00eda como la Argentina\u201d, se\u00f1al\u00f3&nbsp;<strong>Loser.<\/strong><\/p>\n\n\n\n<p>En la misma l\u00ednea argumental, estim\u00f3 m\u00e1s probable \u201cun sistema bimonetario como el de Per\u00fa, pero no algo como lo que sucedi\u00f3 en Ecuador. El Fondo no va a querer que Argentina tenga un tipo de cambio fijo, para pa\u00edses m\u00e1s chicos s\u00ed\u201d. En declaraciones radiales, el&nbsp;<strong>ex funcionario del FMI<\/strong>&nbsp;sostuvo que<strong>&nbsp;\u201cdesde afuera y desde adentro se ve totalmente dram\u00e1tica la situaci\u00f3n de Argentina\u201d.<\/strong><\/p>\n\n\n\n<p><strong><em>Claudio Loser. Foto: NA.<\/em><\/strong><\/p>\n\n\n\n<p>\u201c<strong>El gobierno est\u00e1 enfrent\u00e1ndose con la verdad<\/strong>, no puede seguir poniendo parches,&nbsp;<strong>si no hacen algo importante no van a llegar a octubre<\/strong>&nbsp;y el Fondo tampoco les va a ayudar\u201d, alert\u00f3 Loser. Respecto de la pol\u00e9mica que se instal\u00f3 durante el fin de semana por presuntas sugerencias de economistas de la oposici\u00f3n para que el<strong>&nbsp;FMI&nbsp;<\/strong>recorte el financiamiento al pa\u00eds, Loser confirm\u00f3 los contactos, pero revitaliz\u00f3 el contenido.<\/p>\n\n\n\n<p>\u201cPor supuesto que hay un representante del Fondo que&nbsp;<strong>no solo est\u00e1 en contacto con el gobierno<\/strong>&nbsp;sino que tambi\u00e9n&nbsp;<strong>est\u00e1 en contacto con mucha gente<\/strong>\u201d, explic\u00f3.<\/p>\n\n\n\n<p><img decoding=\"async\" src=\"https:\/\/www.canal26.com\/media\/image\/2023\/04\/16\/539246.jpg\" alt=\"Javier Milei, Libertarios, La Libertad Avanza, NA\"><em><strong>Javier Milei. Foto: NA.<\/strong><\/em><\/p>\n\n\n\n<p><strong>Loser<\/strong>&nbsp;afirm\u00f3 que el&nbsp;<strong>\u201cFondo s\u00ed tuvo contacto con Juntos por el Cambio\u201d<\/strong>&nbsp;y dijo desconocer si hubo di\u00e1logo con el l\u00edder de los Libertarios,&nbsp;<strong>Javier Milei<\/strong>. \u201cEl Fondo sigue muy de cerca el desarrollo pol\u00edtico de Argentina, se sigue muy de cerca para&nbsp;<strong>tener una comprensi\u00f3n de lo que puede pasar y de los l\u00edmites de lo que se puede hacer<\/strong>\u201d, a\u00f1adi\u00f3.<\/p>\n\n\n\n<p>En este contexto dijo: \u201cYo no creo que&nbsp;<strong>Juntos Por El Cambio<\/strong>&nbsp;haya hecho algo como se los acusa de que le pidan al Fondo que no le aporten ayuda a Argentina para llegar despu\u00e9s ellos como los salvadores\u201d.&nbsp;<strong>Loser<\/strong>&nbsp;admiti\u00f3 que est\u00e1 \u201cm\u00e1s cerca de&nbsp;<strong>Juntos Por El Cambio<\/strong>&nbsp;que del gobierno de turno\u201d pero aclar\u00f3: \u201cSi es verdad que hicieron eso es una&nbsp;<strong>barbaridad inmoral<\/strong>&nbsp;que les va a jugar m\u00e1s en contra a ellos\u201d<\/p>\n\n\n\n<p>El\u00a0<strong>ex directivo del FMI<\/strong>\u00a0indic\u00f3 que \u201cla relaci\u00f3n del Fondo con\u00a0<strong>Sergio Massa\u00a0<\/strong>sigue siendo\u00a0<strong>muy buena<\/strong>\u201d, pero advirti\u00f3 que \u201ceste sistema de cambio ya est\u00e1 llevando a Argentina a la ruina\u201d. \u201cYo creo que el Fondo se entend\u00eda mejor con Guzm\u00e1n, hablaba el mismo idioma que el Fondo.\u00a0<strong>Massa tiene gente capaz<\/strong>\u00a0pero que habla el mismo idioma aburrido que hablamos los economistas, pero creo que est\u00e1n bien las charlas con \u00e9l igual\u201d, concluy\u00f3.<\/p>\n\n\n\n<p>Fuente: Cadena26<\/p>\n","protected":false},"excerpt":{"rendered":"<div class=\"mh-excerpt\"><p>Desde hace varios d\u00edas se ha puesto en boca de la gente una palabra a la que no muchos estaban acostumbrados:&nbsp;dolarizaci\u00f3n. Si bien no es nuevo el tema, la cuesti\u00f3n se puso en la agenda diaria tras los dichos de&nbsp;Javier Milei, el l\u00edder de&nbsp;La&nbsp;Libertad Avanza; que adem\u00e1s de proponer la&nbsp;dolarizaci\u00f3n&nbsp;de la econom\u00eda&nbsp;local asegura que va a prescindir del&nbsp;Banco Central. Con este marco, fueron&nbsp;muchas las voces&nbsp;que&nbsp;-a favor y en contra-&nbsp;se dejaron escuchar. Ahora, es el ex director del&nbsp;Fondo Monetario Internacional (FMI) Claudio Loser&nbsp;quien consider\u00f3 al respecto que&nbsp;el organismo no avalar\u00eda una dolarizaci\u00f3n en la Argentina&nbsp;por la complejidad de este sistema monetario <a class=\"mh-excerpt-more\" href=\"http:\/\/dsrmedios.com.ar\/diario\/archivos\/31766\" title=\"El FMI no avalar\u00eda una dolarizaci\u00f3n en la Argentina,\u00a0asegura un ex director del organismo\">[Leer m\u00e1s]<\/a><\/p>\n<\/div>","protected":false},"author":6,"featured_media":31767,"comment_status":"open","ping_status":"closed","sticky":false,"template":"","format":"standard","meta":{"_jetpack_newsletter_access":""},"categories":[6],"tags":[],"jetpack_featured_media_url":"http:\/\/dsrmedios.com.ar\/diario\/wp-content\/uploads\/2023\/04\/540233.jpg","jetpack_sharing_enabled":true,"jetpack_shortlink":"https:\/\/wp.me\/p9fihK-8gm","_links":{"self":[{"href":"http:\/\/dsrmedios.com.ar\/diario\/wp-json\/wp\/v2\/posts\/31766"}],"collection":[{"href":"http:\/\/dsrmedios.com.ar\/diario\/wp-json\/wp\/v2\/posts"}],"about":[{"href":"http:\/\/dsrmedios.com.ar\/diario\/wp-json\/wp\/v2\/types\/post"}],"author":[{"embeddable":true,"href":"http:\/\/dsrmedios.com.ar\/diario\/wp-json\/wp\/v2\/users\/6"}],"replies":[{"embeddable":true,"href":"http:\/\/dsrmedios.com.ar\/diario\/wp-json\/wp\/v2\/comments?post=31766"}],"version-history":[{"count":1,"href":"http:\/\/dsrmedios.com.ar\/diario\/wp-json\/wp\/v2\/posts\/31766\/revisions"}],"predecessor-version":[{"id":31768,"href":"http:\/\/dsrmedios.com.ar\/diario\/wp-json\/wp\/v2\/posts\/31766\/revisions\/31768"}],"wp:featuredmedia":[{"embeddable":true,"href":"http:\/\/dsrmedios.com.ar\/diario\/wp-json\/wp\/v2\/media\/31767"}],"wp:attachment":[{"href":"http:\/\/dsrmedios.com.ar\/diario\/wp-json\/wp\/v2\/media?parent=31766"}],"wp:term":[{"taxonomy":"category","embeddable":true,"href":"http:\/\/dsrmedios.com.ar\/diario\/wp-json\/wp\/v2\/categories?post=31766"},{"taxonomy":"post_tag","embeddable":true,"href":"http:\/\/dsrmedios.com.ar\/diario\/wp-json\/wp\/v2\/tags?post=31766"}],"curies":[{"name":"wp","href":"https:\/\/api.w.org\/{rel}","templated":true}]}}