{"id":31760,"date":"2023-04-25T07:50:50","date_gmt":"2023-04-25T10:50:50","guid":{"rendered":"http:\/\/dsrmedios.com.ar\/diario\/?p=31760"},"modified":"2023-04-25T07:50:53","modified_gmt":"2023-04-25T10:50:53","slug":"en-medio-de-la-tension-en-el-fdt-daniel-scioli-acelera-su-armado-electoral-y-busca-acercarse-al-kirchnerismo","status":"publish","type":"post","link":"http:\/\/dsrmedios.com.ar\/diario\/archivos\/31760","title":{"rendered":"En medio de la tensi\u00f3n en el FdT, Daniel Scioli acelera su armado electoral y busca acercarse al kirchnerismo"},"content":{"rendered":"\n<p>La decisi\u00f3n de&nbsp;<a href=\"https:\/\/tn.com.ar\/politica\/2023\/04\/24\/tras-la-decision-de-alberto-fernandez-el-gobierno-enfrenta-una-semana-marcada-por-la-incertidumbre-cambiaria\/\" target=\"_blank\" rel=\"noreferrer noopener\"><strong>Alberto Fern\u00e1ndez<\/strong><\/a>&nbsp;de no presentarse a la reelecci\u00f3n fue el primer paso para comenzar a ordenar la oferta electoral del Frente de Todos. En paralelo, mientras el kirchnerismo aguarda la decisi\u00f3n final de&nbsp;<a href=\"https:\/\/tn.com.ar\/politica\/2023\/04\/21\/despues-del-anuncio-de-alberto-fernandez-cristina-kirchner-reaparece-en-un-acto-rodeada-de-militancia\/\" target=\"_blank\" rel=\"noreferrer noopener\"><strong>Cristina Kirchner<\/strong><\/a>, y&nbsp;<a href=\"https:\/\/tn.com.ar\/tags\/sergio-massa\/\" target=\"_blank\" rel=\"noreferrer noopener\"><strong>Sergio Massa&nbsp;<\/strong><\/a>mantiene el suspenso sobre su futuro pol\u00edtico, el embajador en Brasil,&nbsp;<a href=\"https:\/\/tn.com.ar\/politica\/2023\/04\/21\/daniel-scioli-confirmo-que-participara-en-las-paso-del-frente-de-todos-soy-precandidato\/\" target=\"_blank\" rel=\"noreferrer noopener\"><strong>Daniel Scioli<\/strong>,<\/a>&nbsp;ratific\u00f3 la&nbsp;<strong>idea de competir dentro de una PASO a pesar de que da fuertes se\u00f1ales de unidad con los distintos sectores de la coalici\u00f3n oficialista<\/strong>.<\/p>\n\n\n\n<p>Scioli se esfuerza por concitar respaldos de uno y otro lado de la grieta del Frente de Todos. Por una parte, el exmotonauta env\u00eda gestos a los diferentes integrantes del kirchnerismo para lograr el aval de la vicepresidenta. Por otra parte, sigue orbitando dentro de la galaxia cercana al Presidente, que tambi\u00e9n contin\u00faa insistiendo con la idea de dirimir las fuertes diferencias del Frente de Todos a trav\u00e9s del mecanismo de las internas. Otro de los que amaga con anotarse es el jefe de Gabinete,\u00a0<a href=\"https:\/\/tn.com.ar\/politica\/2023\/04\/21\/tras-la-decision-del-presidente-un-ministro-albertista-se-anota-para-competir-en-las-paso-por-el-fdt\/\"><strong>Agust\u00edn Rossi<\/strong><\/a>.<\/p>\n\n\n\n<p>El kirchnerismo es reticente a encolumnarse detr\u00e1s de alguno de esos candidatos. Por eso, aguarda<a href=\"https:\/\/tn.com.ar\/politica\/2023\/04\/21\/despues-del-anuncio-de-alberto-fernandez-cristina-kirchner-reaparece-en-un-acto-rodeada-de-militancia\/\">&nbsp;al acto del jueves 27 de abril en el Teatro Argentino de La Plata<\/a>&nbsp;que&nbsp;<strong>contar\u00e1 con la presencia de Cristina Kirchner<\/strong>. Con la excusa formal de rememorar los 20 a\u00f1os de la elecci\u00f3n que consagr\u00f3 como presidente a N\u00e9stor Kirchner,&nbsp;<strong>la Vicepresidenta podr\u00eda dar alguna definici\u00f3n final<\/strong>. Razones no faltan, desde all\u00ed supo anunciar su candidatura a senadora en el a\u00f1o 2005 y luego lanz\u00f3 su campa\u00f1a presidencial en el 2007.<\/p>\n\n\n\n<p>En paralelo y a pesar de que un amplio abanico de dirigentes da por descontado que Cristina Kirchner no volver\u00e1 a presentarse como candidata presidencial -lo cual no implica que pueda encabezar alguna boleta legislativa- el otro nombre que tiene en vilo al FDT, y el buen visto desde el campamento K, es el ministro de Econom\u00eda,&nbsp;<a href=\"https:\/\/tn.com.ar\/economia\/2023\/04\/22\/dolar-blue-record-enojo-con-la-rosada-y-advertencia-de-cfk-massa-evade-definiciones-y-se-enfoca-en-el-fmi\/\"><strong>Sergio Massa<\/strong><\/a>. El exintendente de Tigre mantiene el suspenso y espera mejorar los n\u00fameros para evaluar seriamente competir como supo hacerlo en 2015.<\/p>\n\n\n\n<figure class=\"wp-block-image\"><img decoding=\"async\" src=\"https:\/\/tn.com.ar\/resizer\/o_H9G1oW_GRy1xSAtFDaOZSV-NQ=\/767x0\/smart\/filters:format(webp)\/cloudfront-us-east-1.images.arcpublishing.com\/artear\/FCXDLUA7K3TGCLFYPUCMSPOH7U.jpg\" alt=\"Daniel Scioli y Cristina Kirchner a\u00f1os atr\u00e1s en un acto en Lomas de Zamora.\"\/><figcaption class=\"wp-element-caption\">Daniel Scioli y Cristina Kirchner a\u00f1os atr\u00e1s en un acto en Lomas de Zamora.<\/figcaption><\/figure>\n\n\n\n<p>En ese marco, Scioli no frena sus ambiciones electorales. \u201cMientras algunos predican un escenario apocal\u00edptico&nbsp;<strong>yo s\u00e9 lo que hay que hacer, se c\u00f3mo hacerlo, tengo experiencia y moderaci\u00f3n. Tuve una gran autocr\u00edtica, estoy mejor parado que en 2015<\/strong>\u2033, se\u00f1al\u00f3 en una entrevista este lunes con&nbsp;<em>Radio 10<\/em>.<\/p>\n\n\n\n<p>Sobre la eventualidad de ir a una PASO, evit\u00f3 la confrontaci\u00f3n: \u201cYo compito contras los problemas.\u00a0<strong>No veo a un adversario en ning\u00fan compa\u00f1ero ni compa\u00f1era de nuestro espacio\u201d<\/strong>.<\/p>\n\n\n\n<p>En tanto, frente a la posibilidad de que Cristina Kirchner decida competir por un tercer mandato presidencial, Scioli insisti\u00f3 con una interna: \u201c<strong>Es bueno que en nuestro espacio pol\u00edtico hay distintas movilizaciones, actos, el FDT va a nutrir las PASO<\/strong>. Ac\u00e1 estoy, cuenten conmigo\u201d.<\/p>\n\n\n\n<p>De todos modos, tendi\u00f3 puentes con la Vicepresidenta y destac\u00f3 su rol de dirigente \u201cconfiable\u201d: \u201c<strong>Hace 20 a\u00f1os me conoce Cristina y me pusieron a prueba en los momentos m\u00e1s dif\u00edciles.<\/strong>&nbsp;Soy una persona previsible, confiable, comprometida, con experiencia. Me la jugu\u00e9 en su momento cuando ten\u00eda la Ciudad de Buenos Aires ganada y cumpl\u00ed con la palabra de acompa\u00f1ar a N\u00e9stor Kirchner y me enfrent\u00e9 a quien hab\u00eda impulsado mi carrera pol\u00edtica que fue Carlos Menem. Y me la jugu\u00e9 cuando Eduardo Duhalde me convoc\u00f3 en el peor momento de la Argentina, muchos me dec\u00edan que me quedara tranquilo en la C\u00e1mara de diputados, y hasta el d\u00eda de hoy se recuerda mi trabajo como ministro de Turismo\u201d.<\/p>\n\n\n\n<figure class=\"wp-block-image\"><img decoding=\"async\" src=\"https:\/\/tn.com.ar\/resizer\/5Pa_lDDGqvTyvvtQ427FpT7yjc4=\/767x0\/smart\/filters:format(webp)\/cloudfront-us-east-1.images.arcpublishing.com\/artear\/IEIQCR3EK3BR4RL76CZAFV2IUY.jpg\" alt=\"Scioli junto a Cristina Kirchner y el exministro de Econom\u00eda, Axel Kicillof. Cr\u00e9ditos: DPA. \"\/><figcaption class=\"wp-element-caption\">Scioli junto a Cristina Kirchner y el exministro de Econom\u00eda, Axel Kicillof. Cr\u00e9ditos: DPA.<\/figcaption><\/figure>\n\n\n\n<p>Por otra parte, y en el marco de mostrarse como el candidato del consenso, Scioli mantendr\u00e1 este martes un encuentro con el gobernador de la provincia de Buenos Aires,&nbsp;<a href=\"https:\/\/tn.com.ar\/politica\/2023\/04\/24\/el-kirchnerismo-le-bajo-el-precio-a-una-posible-candidatura-de-tolosa-paz-no-creo-que-tenga-chances\/\" target=\"_blank\" rel=\"noreferrer noopener\"><strong>Axel Kicillof<\/strong><\/a>, en San Pablo junto a medio centenar de empresas argentinas -en su mayor\u00eda bonaerenses- y participar\u00e1n de la Feria Automec 2023, el mayor evento anual de Am\u00e9rica Latina para el mercado de autopartes para reposici\u00f3n y reparaci\u00f3n de autom\u00f3viles, camiones, \u00f3mnibus, maquinaria agr\u00edcola y motocicletas.<\/p>\n\n\n\n<h2>C\u00f3mo ser\u00e1 el encuentro entre Daniel Scioli y Axel Kicillof en San Pablo<\/h2>\n\n\n\n<p>Kicillof arribar\u00e1 el martes a San Pablo junto al ministro de Producci\u00f3n, Ciencia e Innovaci\u00f3n Tecnol\u00f3gica,&nbsp;<strong>Augusto Costa<\/strong>, y el jefe de Asesores,&nbsp;<strong>Carlos Bianco.&nbsp;<\/strong>Desde las 10.30, acompa\u00f1ado por Scioli, expondr\u00e1 ante 25 empresarios y empresarias de la provincia de Buenos Aires que participar\u00e1n de esta importante muestra, en la sede del consulado argentino en San Pablo.<\/p>\n\n\n\n<p><\/p>\n\n\n\n<p>Posteriormente, a las 11.45, las autoridades se trasladar\u00e1n a la sede de la FIESP, la poderosa entidad que agrupa a los industriales paulistas, donde Kicillof y Scioli mantendr\u00e1n una reuni\u00f3n con el titular de esa entidad, Josue Gomes Da Silva y parte de la Comisi\u00f3n Directiva.<\/p>\n\n\n\n<p>M\u00e1s tarde, Kicillof y Scioli concurrir\u00e1n al centro de exposiciones de San Pablo, sede de la Automec, donde recorrer\u00e1n e inaugurar\u00e1n el stand argentino y visitar\u00e1n algunos de los espacios que representan a empresas bonaerenses.<\/p>\n\n\n\n<p>Fuente: TN<\/p>\n","protected":false},"excerpt":{"rendered":"<div class=\"mh-excerpt\"><p>La decisi\u00f3n de&nbsp;Alberto Fern\u00e1ndez&nbsp;de no presentarse a la reelecci\u00f3n fue el primer paso para comenzar a ordenar la oferta electoral del Frente de Todos. En paralelo, mientras el kirchnerismo aguarda la decisi\u00f3n final de&nbsp;Cristina Kirchner, y&nbsp;Sergio Massa&nbsp;mantiene el suspenso sobre su futuro pol\u00edtico, el embajador en Brasil,&nbsp;Daniel Scioli,&nbsp;ratific\u00f3 la&nbsp;idea de competir dentro de una PASO a pesar de que da fuertes se\u00f1ales de unidad con los distintos sectores de la coalici\u00f3n oficialista. Scioli se esfuerza por concitar respaldos de uno y otro lado de la grieta del Frente de Todos. Por una parte, el exmotonauta env\u00eda gestos a los diferentes <a class=\"mh-excerpt-more\" href=\"http:\/\/dsrmedios.com.ar\/diario\/archivos\/31760\" title=\"En medio de la tensi\u00f3n en el FdT, Daniel Scioli acelera su armado electoral y busca acercarse al kirchnerismo\">[Leer m\u00e1s]<\/a><\/p>\n<\/div>","protected":false},"author":6,"featured_media":31761,"comment_status":"open","ping_status":"closed","sticky":false,"template":"","format":"standard","meta":{"_jetpack_newsletter_access":""},"categories":[6],"tags":[],"jetpack_featured_media_url":"http:\/\/dsrmedios.com.ar\/diario\/wp-content\/uploads\/2023\/04\/descarga-49.jpg","jetpack_sharing_enabled":true,"jetpack_shortlink":"https:\/\/wp.me\/p9fihK-8gg","_links":{"self":[{"href":"http:\/\/dsrmedios.com.ar\/diario\/wp-json\/wp\/v2\/posts\/31760"}],"collection":[{"href":"http:\/\/dsrmedios.com.ar\/diario\/wp-json\/wp\/v2\/posts"}],"about":[{"href":"http:\/\/dsrmedios.com.ar\/diario\/wp-json\/wp\/v2\/types\/post"}],"author":[{"embeddable":true,"href":"http:\/\/dsrmedios.com.ar\/diario\/wp-json\/wp\/v2\/users\/6"}],"replies":[{"embeddable":true,"href":"http:\/\/dsrmedios.com.ar\/diario\/wp-json\/wp\/v2\/comments?post=31760"}],"version-history":[{"count":1,"href":"http:\/\/dsrmedios.com.ar\/diario\/wp-json\/wp\/v2\/posts\/31760\/revisions"}],"predecessor-version":[{"id":31762,"href":"http:\/\/dsrmedios.com.ar\/diario\/wp-json\/wp\/v2\/posts\/31760\/revisions\/31762"}],"wp:featuredmedia":[{"embeddable":true,"href":"http:\/\/dsrmedios.com.ar\/diario\/wp-json\/wp\/v2\/media\/31761"}],"wp:attachment":[{"href":"http:\/\/dsrmedios.com.ar\/diario\/wp-json\/wp\/v2\/media?parent=31760"}],"wp:term":[{"taxonomy":"category","embeddable":true,"href":"http:\/\/dsrmedios.com.ar\/diario\/wp-json\/wp\/v2\/categories?post=31760"},{"taxonomy":"post_tag","embeddable":true,"href":"http:\/\/dsrmedios.com.ar\/diario\/wp-json\/wp\/v2\/tags?post=31760"}],"curies":[{"name":"wp","href":"https:\/\/api.w.org\/{rel}","templated":true}]}}