{"id":31758,"date":"2023-04-25T07:47:46","date_gmt":"2023-04-25T10:47:46","guid":{"rendered":"http:\/\/dsrmedios.com.ar\/diario\/?p=31758"},"modified":"2023-04-25T07:47:50","modified_gmt":"2023-04-25T10:47:50","slug":"cristina-kirchner-reaparece-en-la-plata-y-en-el-fdt-esperan-una-definicion-sobre-si-habra-un-candidato-unico","status":"publish","type":"post","link":"http:\/\/dsrmedios.com.ar\/diario\/archivos\/31758","title":{"rendered":"Cristina Kirchner reaparece en La Plata y en el FdT esperan una definici\u00f3n sobre si habr\u00e1 un candidato \u00fanico"},"content":{"rendered":"\n<p>En el Frente de Todos las miradas est\u00e1n puestas en el pr\u00f3ximo jueves 27 de abril. Ese d\u00eda, en el Teatro Argentino de la ciudad de La Plata,&nbsp;<a href=\"https:\/\/tn.com.ar\/politica\/2023\/04\/24\/causa-vialidad-la-defensa-de-cristina-kirchner-y-el-fiscal-bruno-luciani-apelaran-el-fallo-este-martes\/\" target=\"_blank\" rel=\"noreferrer noopener\"><strong>Cristina Kirchner<\/strong><\/a>&nbsp;participar\u00e1 de un acto a 20 a\u00f1os de la votaci\u00f3n que consagr\u00f3 para la presidencia a N\u00e9stor Kirchner. La expectativa es mucha, ya que los sectores m\u00e1s duros del kirchnerismo esperan que la Vicepresidenta entregue alguna&nbsp;<strong>definici\u00f3n electoral que comience a ordenar al oficialismo<\/strong>&nbsp;tras la decisi\u00f3n de&nbsp;<a href=\"https:\/\/tn.com.ar\/politica\/2023\/04\/24\/en-medio-de-la-tension-por-las-paso-alberto-fernandez-le-envio-un-fuerte-mensaje-al-kirchnerismo\/\" target=\"_blank\" rel=\"noreferrer noopener\"><strong>Alberto Fern\u00e1ndez<\/strong><\/a>de no ir por la reelecci\u00f3n.<\/p>\n\n\n\n<p><strong>\u201cEsperamos una pista para saber si ser\u00e1 o no candidata\u201d<\/strong>, se esperanzaba en di\u00e1logo con&nbsp;<strong>TN&nbsp;<\/strong>un dirigente bonaerense cercano a la Vice. Otros K m\u00e1s moderados, que entienden que la titular del Senado cumplir\u00e1 con su palabra y no ser\u00e1 postulante a ning\u00fan cargo, exigen que entregue alguna definici\u00f3n sobre si el Frente de Todos debe ir a una&nbsp;<strong>PASO&nbsp;<\/strong>o tener un candidato de consenso, la discusi\u00f3n que por estos d\u00edas se instal\u00f3 en el oficialismo.<\/p>\n\n\n\n<p>De hecho, este lunes el propio Alberto Fern\u00e1ndez se refiri\u00f3 al tema y le envi\u00f3 un mensaje al kirchnerismo duro: \u201c<strong>No tiene que haber nadie que se\u00f1ale a un candidato<\/strong>\u201d.<\/p>\n\n\n\n<p>El albertismo y otros dirigentes como el embajador en Brasil y precandidato a presidente<a href=\"https:\/\/tn.com.ar\/politica\/2023\/04\/21\/daniel-scioli-confirmo-que-participara-en-las-paso-del-frente-de-todos-soy-precandidato\/\" target=\"_blank\" rel=\"noreferrer noopener\"><strong>Daniel Scioli&nbsp;<\/strong><\/a>quieren ir a una&nbsp;<strong>PASO \u201cordenada\u201d<\/strong>&nbsp;de la que luego saldr\u00e1 el nombre de la o el candidato a presidente del Frente de Todos. Por el contrario, tras la baja de Alberto Fern\u00e1ndez de la contienda electoral, un sector del kirchnerismo quiere que Cristina Kirchner tenga la lapicera para definir el nombre del elegido.<\/p>\n\n\n\n<figure class=\"wp-block-image\"><img decoding=\"async\" src=\"https:\/\/tn.com.ar\/resizer\/BijjKYmg2NXc2826lmGnEECoUOc=\/767x0\/smart\/filters:format(webp)\/cloudfront-us-east-1.images.arcpublishing.com\/artear\/7SPI5ZHXKFBYTEQHMCAC777S64.jpg\" alt=\"La vicepresidenta, Cristina Kirchner, reaparece por segunda vez en menos de dos semanas (Foto: AFP - Luis Robayo).\"\/><figcaption class=\"wp-element-caption\">La vicepresidenta, Cristina Kirchner, reaparece por segunda vez en menos de dos semanas (Foto: AFP &#8211; Luis Robayo).<\/figcaption><\/figure>\n\n\n\n<h2>PASO o candidato de consenso, la discusi\u00f3n que crece en el interior del Frente de Todos<\/h2>\n\n\n\n<p>Las inc\u00f3gnitas son varias y de all\u00ed que la palabra de Cristina Kirchner toma otro valor. Como suele ocurrir, hay un marcado&nbsp;<strong>hermetismo&nbsp;<\/strong>en torno al&nbsp;<strong>contenido del discurso<\/strong>&nbsp;de la Vicepresidenta. En su c\u00edrculo m\u00e1s \u00edntimo solo advierten que a la exjefa de Estado&nbsp;<strong>\u201chay que interpretarla\u201d<\/strong>. Uno de sus colaboradores m\u00e1s estrechos sostiene que va a respetar su palabra y no ser\u00e1 candidata. Al cierre de esta nota nadie pod\u00eda arrojar con certeza qu\u00e9 dir\u00e1 el jueves.<\/p>\n\n\n\n<p>Lo que si est\u00e1 claro es que hay una marcada expectativa en todo el Frente de Todos de cara al discurso de Cristina Kirchner. \u201cEl oficialismo tiene que ser competitivo y, por eso, seguimos haciendo los escenarios de discusi\u00f3n para poner a Cristina donde tiene que estar, que es&nbsp;<strong>decidiendo c\u00f3mo seguimos<\/strong>\u201d, sostuvo el intendente de Ensenada, Mario Secco el s\u00e1bado pasado en el plenario en Ferro.<\/p>\n\n\n\n<p><\/p>\n\n\n\n<p>En medio de esta espera en el oficialismo contin\u00faan los movimientos en clave electoral de los dirigentes que se perfilaron como precandidatos o posibles precandidatos a Presidente. Scioli es uno de estos. El embajador en Brasil recibir\u00e1 al gobernador bonaerense&nbsp;<a href=\"https:\/\/tn.com.ar\/politica\/2023\/04\/24\/el-kirchnerismo-le-bajo-el-precio-a-una-posible-candidatura-de-tolosa-paz-no-creo-que-tenga-chances\/\" target=\"_blank\" rel=\"noreferrer noopener\"><strong>Axel Kicillof&nbsp;<\/strong><\/a>este martespara compartir una agenda industrial en el pa\u00eds vecino. Todo una foto si se tiene en cuenta que el mononauta es uno de los dirigentes que se lanz\u00f3 de lleno a la carrera presidencial, se muestra como tal y quiere una PASO ordenada.<\/p>\n\n\n\n<p>\u201c<strong>La unidad se va a dar despu\u00e9s de las PASO<\/strong>\u201d, dijo el lunes Scioli en di\u00e1logo con radio 10 en una marcada defensa de la idea de ir a internas.<\/p>\n\n\n\n<figure class=\"wp-block-image\"><img decoding=\"async\" src=\"https:\/\/tn.com.ar\/resizer\/jqcQoxQkaaLrHPBD3GFXC6wNe2k=\/767x0\/smart\/filters:format(webp)\/cloudfront-us-east-1.images.arcpublishing.com\/artear\/7M6MFBISBTBQFX4SGHGBATRC3A.jpg\" alt=\"Alberto Fern\u00e1ndez pide una PASO pero parte del kirchnerismo quiere un candidato de consenso. Foto: Reuters. \"\/><figcaption class=\"wp-element-caption\">Alberto Fern\u00e1ndez pide una PASO pero parte del kirchnerismo quiere un candidato de consenso. Foto: Reuters.Por:&nbsp;<strong>REUTERS<\/strong><\/figcaption><\/figure>\n\n\n\n<p>Otro de estos es el ministro del Interior&nbsp;<strong>Eduardo \u201cWado\u201d de Pedro<\/strong>, que recibi\u00f3 el aval de Cristina Kirchner para mostrarse en clave electoral y lleva una agenda en el interior que lo muestra junto con gobernadores y empresarios.<\/p>\n\n\n\n<p>Luego de que Alberto Fern\u00e1ndez comunic\u00f3 su decisi\u00f3n de no ir en busca de la reelecci\u00f3n, La C\u00e1mpora comparti\u00f3 un tuit en el que plante\u00f3 la necesidad de \u201creordenar las prioridades del Frente de Todos\u201d y habl\u00f3 de \u201cconstruir una alternativa que&nbsp;<strong>recupere la esperanza y los sue\u00f1os de los argentinos y argentinas<\/strong>\u201d.<\/p>\n\n\n\n<p>En la previa del mensaje del Presidente del viernes pasado, en la agrupaci\u00f3n que comanda M\u00e1ximo Kirchner hab\u00edan comenzado a pensar la manera de\u00a0<a rel=\"noreferrer noopener\" href=\"https:\/\/tn.com.ar\/politica\/2023\/04\/09\/el-plan-del-kirchnerismo-para-las-paso-desmarcarse-de-los-errores-del-gobierno-y-aislar-a-alberto-fernandez\/\" target=\"_blank\">diferenciarse del Gobierno<\/a>\u00a0en una eventual interna contra Alberto Fern\u00e1ndez. La tensi\u00f3n en el espacio, lejos de apaciguarse tras la publicaci\u00f3n del mandatario, promete nuevos chispazos si es que el kirchnerismo insiste en definir el nombre del candidato sin posibilitar una PASO. Este jueves Cristina Kirchner podr\u00eda dar una pista sobre el tema.<\/p>\n\n\n\n<p>Fuente: TN<\/p>\n","protected":false},"excerpt":{"rendered":"<div class=\"mh-excerpt\"><p>En el Frente de Todos las miradas est\u00e1n puestas en el pr\u00f3ximo jueves 27 de abril. Ese d\u00eda, en el Teatro Argentino de la ciudad de La Plata,&nbsp;Cristina Kirchner&nbsp;participar\u00e1 de un acto a 20 a\u00f1os de la votaci\u00f3n que consagr\u00f3 para la presidencia a N\u00e9stor Kirchner. La expectativa es mucha, ya que los sectores m\u00e1s duros del kirchnerismo esperan que la Vicepresidenta entregue alguna&nbsp;definici\u00f3n electoral que comience a ordenar al oficialismo&nbsp;tras la decisi\u00f3n de&nbsp;Alberto Fern\u00e1ndezde no ir por la reelecci\u00f3n. \u201cEsperamos una pista para saber si ser\u00e1 o no candidata\u201d, se esperanzaba en di\u00e1logo con&nbsp;TN&nbsp;un dirigente bonaerense cercano a la <a class=\"mh-excerpt-more\" href=\"http:\/\/dsrmedios.com.ar\/diario\/archivos\/31758\" title=\"Cristina Kirchner reaparece en La Plata y en el FdT esperan una definici\u00f3n sobre si habr\u00e1 un candidato \u00fanico\">[Leer m\u00e1s]<\/a><\/p>\n<\/div>","protected":false},"author":6,"featured_media":1199,"comment_status":"open","ping_status":"closed","sticky":false,"template":"","format":"standard","meta":{"_jetpack_newsletter_access":""},"categories":[6],"tags":[],"jetpack_featured_media_url":"http:\/\/dsrmedios.com.ar\/diario\/wp-content\/uploads\/2017\/10\/cristina123.jpg","jetpack_sharing_enabled":true,"jetpack_shortlink":"https:\/\/wp.me\/p9fihK-8ge","_links":{"self":[{"href":"http:\/\/dsrmedios.com.ar\/diario\/wp-json\/wp\/v2\/posts\/31758"}],"collection":[{"href":"http:\/\/dsrmedios.com.ar\/diario\/wp-json\/wp\/v2\/posts"}],"about":[{"href":"http:\/\/dsrmedios.com.ar\/diario\/wp-json\/wp\/v2\/types\/post"}],"author":[{"embeddable":true,"href":"http:\/\/dsrmedios.com.ar\/diario\/wp-json\/wp\/v2\/users\/6"}],"replies":[{"embeddable":true,"href":"http:\/\/dsrmedios.com.ar\/diario\/wp-json\/wp\/v2\/comments?post=31758"}],"version-history":[{"count":1,"href":"http:\/\/dsrmedios.com.ar\/diario\/wp-json\/wp\/v2\/posts\/31758\/revisions"}],"predecessor-version":[{"id":31759,"href":"http:\/\/dsrmedios.com.ar\/diario\/wp-json\/wp\/v2\/posts\/31758\/revisions\/31759"}],"wp:featuredmedia":[{"embeddable":true,"href":"http:\/\/dsrmedios.com.ar\/diario\/wp-json\/wp\/v2\/media\/1199"}],"wp:attachment":[{"href":"http:\/\/dsrmedios.com.ar\/diario\/wp-json\/wp\/v2\/media?parent=31758"}],"wp:term":[{"taxonomy":"category","embeddable":true,"href":"http:\/\/dsrmedios.com.ar\/diario\/wp-json\/wp\/v2\/categories?post=31758"},{"taxonomy":"post_tag","embeddable":true,"href":"http:\/\/dsrmedios.com.ar\/diario\/wp-json\/wp\/v2\/tags?post=31758"}],"curies":[{"name":"wp","href":"https:\/\/api.w.org\/{rel}","templated":true}]}}