{"id":31755,"date":"2023-04-25T07:39:12","date_gmt":"2023-04-25T10:39:12","guid":{"rendered":"http:\/\/dsrmedios.com.ar\/diario\/?p=31755"},"modified":"2023-04-25T07:39:14","modified_gmt":"2023-04-25T10:39:14","slug":"abren-las-inscripciones-al-procrear-joven-cuales-son-los-requisitos-y-como-anotarse","status":"publish","type":"post","link":"http:\/\/dsrmedios.com.ar\/diario\/archivos\/31755","title":{"rendered":"Abren las inscripciones al Procrear Joven: cu\u00e1les son los requisitos y c\u00f3mo anotarse"},"content":{"rendered":"\n<p>El Ministerio de Desarrollo Territorial y H\u00e1bitat de la Naci\u00f3n inform\u00f3 que este<strong>&nbsp;mi\u00e9rcoles 26 de abril<\/strong>&nbsp;se abrir\u00e1n las inscripciones a los<a href=\"https:\/\/infocielo.com\/procrear\/procrear-ii-abrio-la-inscripcion-un-nuevo-sorteo-n749567\" target=\"_blank\" rel=\"noreferrer noopener\">&nbsp;<strong>Desarrollos Urban\u00edsticos Procrear II<\/strong><\/a>. En esta ocasi\u00f3n, habr\u00e1 dos tipos de inscripciones, una para&nbsp;<strong>mayores de 36 a\u00f1os<\/strong>&nbsp;y otra para<strong>&nbsp;j\u00f3venes de entre 18 y 35 a\u00f1os&nbsp;<\/strong>que puedan establecerse, desarrollarse y vivir en el lugar donde nacieron y donde eligieron transitar sus vidas. En esta nota te contamos c\u00f3mo inscribirte, cu\u00e1les son los requisitos y d\u00f3nde se sit\u00faan las viviendas.<\/p>\n\n\n\n<p>Este programa creado en 2012 otorga cr\u00e9ditos hipotecarios para la compra de una vivienda. Estos cr\u00e9ditos, a tasa fija y con plazos m\u00e1ximos de&nbsp;<strong>hasta 30 a\u00f1os<\/strong>, incorporan el coeficiente Casa Propia como f\u00f3rmula de actualizaci\u00f3n crediticia. En esta oportunidad, estar\u00e1n disponibles un total de&nbsp;<strong>662 viviendas ubicadas&nbsp;<\/strong>en 41 predios de 15 provincias.<\/p>\n\n\n\n<p>TE PUEDE INTERESAR<\/p>\n\n\n\n<figure class=\"wp-block-image\"><a href=\"https:\/\/infocielo.com\/procrear\/se-sortearon-los-mini-procrear-bonaerenses-n746093\"><img decoding=\"async\" src=\"https:\/\/media.infocielo.com\/p\/7ee64672b266f15aaa24dbbd62d000d3\/adjuntos\/299\/imagenes\/001\/047\/0001047265\/construccionjpg.jpg\" alt=\"Este lunes se sortean los Buenos Aires CREA\" title=\"Este lunes se sortean los Buenos Aires CREA\"\/><\/a><\/figure>\n\n\n\n<h2>Procrear: \u00bfCu\u00e1les son los requisitos?<\/h2>\n\n\n\n<ul>\n<li>No haber resultado beneficiado\/a con planes de vivienda en los \u00faltimos diez (10) a\u00f1os.<\/li>\n\n\n\n<li>No tener, tanto el\/la titular, como el\/la cotitular, bienes inmuebles registrados a su nombre, ni como propietarios ni como co-propietarios, al momento de iniciar el proceso de inscripci\u00f3n.<\/li>\n\n\n\n<li>Contar con el Documento Nacional de Identidad vigente (DNI o Libreta de Enrolamiento o Libreta C\u00edvica) de todos los integrantes de la solicitud al momento de iniciar el tr\u00e1mite.<\/li>\n\n\n\n<li>Ser argentinos\/as o extranjeros\/as con residencia permanente en el pa\u00eds.<\/li>\n\n\n\n<li>Tener (el\/la titular) entre 18 y 35 a\u00f1os inclusive al momento de completar la inscripci\u00f3n.<\/li>\n\n\n\n<li>Acreditar el estado civil declarado en el formulario de inscripci\u00f3n, excepto el estado civil soltero.<\/li>\n\n\n\n<li>Presentar Certificado de Discapacidad en caso de corresponder.<\/li>\n\n\n\n<li>Demostrar ingresos netos mensuales del grupo familiar conviviente entre 1 y 10 Salarios M\u00ednimos Vitales y M\u00f3viles (SMVyM).<\/li>\n\n\n\n<li>Demostrar, como m\u00ednimo, doce (12) meses de continuidad laboral registrada.<\/li>\n\n\n\n<li>No registrar antecedentes negativos en el Sistema Financiero durante los \u00faltimos nueve (9) meses por falta de pago de obligaciones de todo tipo; no encontrarse inhabilitados por el BCRA o por Orden Judicial; no registrar juicios seg\u00fan informe de antecedentes comerciales en los \u00faltimos cinco (5) a\u00f1os; no registrar embargos; y no registrar peticiones o declaraciones de concurso o quiebra.<\/li>\n\n\n\n<li>Los y las participantes, al momento de completar el formulario de inscripci\u00f3n, podr\u00e1n incluir solo un\/a cotitular. Para el caso de los y las participantes de estado civil casado\/a, el\/la c\u00f3nyuge, ser\u00e1 considerado cotitular autom\u00e1ticamente.<\/li>\n\n\n\n<li>El\/la titular y el\/la cotitular deber\u00e1n encontrarse unidos por matrimonio, uni\u00f3n convivencial, uni\u00f3n de hecho, siempre que coincidan los domicilios declarados por el\/la titular y cotitular.<\/li>\n<\/ul>\n\n\n\n<figure class=\"wp-block-image\"><img decoding=\"async\" src=\"https:\/\/media.infocielo.com\/p\/3938f3a3515e3b1c01bc076318005475\/adjuntos\/299\/imagenes\/001\/527\/0001527893\/887x0\/smart\/moron-procrear-iijpg.jpg\" alt=\"Este mi&eacute;rcoles 26 de abril abrir&aacute;n las inscripciones para la l&iacute;nea Desarrollos Urban&iacute;sticos Procrear II.\"\/><\/figure>\n\n\n\n<p>Este mi\u00e9rcoles 26 de abril abrir\u00e1n las inscripciones para la l\u00ednea Desarrollos Urban\u00edsticos Procrear II.<\/p>\n\n\n\n<h2>\u00bfD\u00f3nde quedan los Desarrollos Urban\u00edsticos de Procrear?<\/h2>\n\n\n\n<h3>Provincia de Buenos Aires<\/h3>\n\n\n\n<ul>\n<li>Bah\u00eda Blanca<\/li>\n\n\n\n<li>Bol\u00edvar<\/li>\n\n\n\n<li>Carmen de Patagones<\/li>\n\n\n\n<li>Ciudad Evita<\/li>\n\n\n\n<li>Ituzaing\u00f3<\/li>\n\n\n\n<li>Lincoln<\/li>\n\n\n\n<li>Merlo<\/li>\n\n\n\n<li>Mor\u00f3n<\/li>\n\n\n\n<li>San Antonio de Areco<\/li>\n\n\n\n<li>San Mart\u00edn<\/li>\n\n\n\n<li>San Miguel<\/li>\n\n\n\n<li>San Nicol\u00e1s<\/li>\n<\/ul>\n\n\n\n<h3>Ciudad Aut\u00f3noma de Buenos Aires<\/h3>\n\n\n\n<ul>\n<li>Estaci\u00f3n Buenos Aires<\/li>\n\n\n\n<li>Estaci\u00f3n S\u00e1enz<\/li>\n<\/ul>\n\n\n\n<h3>C\u00f3rdoba<\/h3>\n\n\n\n<ul>\n<li>Alejandro Roca<\/li>\n\n\n\n<li>Barrio Liceo<\/li>\n\n\n\n<li>Cavanagh<\/li>\n\n\n\n<li>Morrison<\/li>\n\n\n\n<li>San Francisco<\/li>\n<\/ul>\n\n\n\n<h3>Entre R\u00edos<\/h3>\n\n\n\n<ul>\n<li>Paran\u00e1<\/li>\n<\/ul>\n\n\n\n<h3>Jujuy<\/h3>\n\n\n\n<ul>\n<li>San Salvador de Jujuy<\/li>\n<\/ul>\n\n\n\n<h3>Mendoza<\/h3>\n\n\n\n<ul>\n<li>Maip\u00fa<\/li>\n\n\n\n<li>Malarg\u00fce<\/li>\n\n\n\n<li>Mendoza Capital<\/li>\n\n\n\n<li>San Mart\u00edn<\/li>\n\n\n\n<li>San Rafael<\/li>\n<\/ul>\n\n\n\n<h3>Misiones<\/h3>\n\n\n\n<ul>\n<li>Posadas<\/li>\n<\/ul>\n\n\n\n<h3>Neuqu\u00e9n<\/h3>\n\n\n\n<ul>\n<li>Zapala<\/li>\n<\/ul>\n\n\n\n<h3>R\u00edo Negro<\/h3>\n\n\n\n<ul>\n<li>Bariloche<\/li>\n\n\n\n<li>Viedma<\/li>\n<\/ul>\n\n\n\n<h3>Salta<\/h3>\n\n\n\n<ul>\n<li>Huaico<\/li>\n\n\n\n<li>Tartagal<\/li>\n<\/ul>\n\n\n\n<h3>Santa Cruz<\/h3>\n\n\n\n<ul>\n<li>R\u00edo Gallegos<\/li>\n\n\n\n<li>Santa Fe<\/li>\n\n\n\n<li>Estaci\u00f3n Cambios<\/li>\n\n\n\n<li>Sunchales<\/li>\n\n\n\n<li>Rafaela<\/li>\n<\/ul>\n\n\n\n<h3>Santiago del Estero<\/h3>\n\n\n\n<ul>\n<li>La Banda<\/li>\n\n\n\n<li>Santiago del Estero<\/li>\n<\/ul>\n\n\n\n<h3>Tierra del Fuego<\/h3>\n\n\n\n<ul>\n<li>R\u00edo Grande<\/li>\n<\/ul>\n\n\n\n<figure class=\"wp-block-image\"><img decoding=\"async\" src=\"https:\/\/media.infocielo.com\/p\/553338bc2fe029225f48a77253b304ea\/adjuntos\/299\/imagenes\/001\/390\/0001390916\/887x0\/smart\/mas-viviendas-o-negocio-inmobiliario-intendente-pro-avanza-su-plan-procrear-azul.jpeg\" alt=\"\"\/><\/figure>\n\n\n\n<h2>\u00bfC\u00f3mo me inscribo a Procrear?<\/h2>\n\n\n\n<p>Los interesados en acceder a los cr\u00e9ditos Procrear deber\u00e1n inscribirse a partir de este\u00a0<strong>mi\u00e9rcoles 26 de abril, a las 10 horas.\u00a0<\/strong>La inscripci\u00f3n deber\u00e1 realizarse a trav\u00e9s del\u00a0<a rel=\"noreferrer noopener\" href=\"https:\/\/www.argentina.gob.ar\/habitat\/procrear\/desarrollosurbanisticos\" target=\"_blank\">sitio oficial\u00a0<\/a>de Ministerio de Desarrollo Territorial y H\u00e1bitat y completar el formulario correspondiente.<\/p>\n\n\n\n<p>Fuente: Infocielo<\/p>\n","protected":false},"excerpt":{"rendered":"<div class=\"mh-excerpt\"><p>El Ministerio de Desarrollo Territorial y H\u00e1bitat de la Naci\u00f3n inform\u00f3 que este&nbsp;mi\u00e9rcoles 26 de abril&nbsp;se abrir\u00e1n las inscripciones a los&nbsp;Desarrollos Urban\u00edsticos Procrear II. En esta ocasi\u00f3n, habr\u00e1 dos tipos de inscripciones, una para&nbsp;mayores de 36 a\u00f1os&nbsp;y otra para&nbsp;j\u00f3venes de entre 18 y 35 a\u00f1os&nbsp;que puedan establecerse, desarrollarse y vivir en el lugar donde nacieron y donde eligieron transitar sus vidas. En esta nota te contamos c\u00f3mo inscribirte, cu\u00e1les son los requisitos y d\u00f3nde se sit\u00faan las viviendas. Este programa creado en 2012 otorga cr\u00e9ditos hipotecarios para la compra de una vivienda. Estos cr\u00e9ditos, a tasa fija y con plazos <a class=\"mh-excerpt-more\" href=\"http:\/\/dsrmedios.com.ar\/diario\/archivos\/31755\" title=\"Abren las inscripciones al Procrear Joven: cu\u00e1les son los requisitos y c\u00f3mo anotarse\">[Leer m\u00e1s]<\/a><\/p>\n<\/div>","protected":false},"author":6,"featured_media":31756,"comment_status":"open","ping_status":"closed","sticky":false,"template":"","format":"standard","meta":{"_jetpack_newsletter_access":""},"categories":[6],"tags":[],"jetpack_featured_media_url":"http:\/\/dsrmedios.com.ar\/diario\/wp-content\/uploads\/2023\/04\/procrearjpg.webp","jetpack_sharing_enabled":true,"jetpack_shortlink":"https:\/\/wp.me\/p9fihK-8gb","_links":{"self":[{"href":"http:\/\/dsrmedios.com.ar\/diario\/wp-json\/wp\/v2\/posts\/31755"}],"collection":[{"href":"http:\/\/dsrmedios.com.ar\/diario\/wp-json\/wp\/v2\/posts"}],"about":[{"href":"http:\/\/dsrmedios.com.ar\/diario\/wp-json\/wp\/v2\/types\/post"}],"author":[{"embeddable":true,"href":"http:\/\/dsrmedios.com.ar\/diario\/wp-json\/wp\/v2\/users\/6"}],"replies":[{"embeddable":true,"href":"http:\/\/dsrmedios.com.ar\/diario\/wp-json\/wp\/v2\/comments?post=31755"}],"version-history":[{"count":1,"href":"http:\/\/dsrmedios.com.ar\/diario\/wp-json\/wp\/v2\/posts\/31755\/revisions"}],"predecessor-version":[{"id":31757,"href":"http:\/\/dsrmedios.com.ar\/diario\/wp-json\/wp\/v2\/posts\/31755\/revisions\/31757"}],"wp:featuredmedia":[{"embeddable":true,"href":"http:\/\/dsrmedios.com.ar\/diario\/wp-json\/wp\/v2\/media\/31756"}],"wp:attachment":[{"href":"http:\/\/dsrmedios.com.ar\/diario\/wp-json\/wp\/v2\/media?parent=31755"}],"wp:term":[{"taxonomy":"category","embeddable":true,"href":"http:\/\/dsrmedios.com.ar\/diario\/wp-json\/wp\/v2\/categories?post=31755"},{"taxonomy":"post_tag","embeddable":true,"href":"http:\/\/dsrmedios.com.ar\/diario\/wp-json\/wp\/v2\/tags?post=31755"}],"curies":[{"name":"wp","href":"https:\/\/api.w.org\/{rel}","templated":true}]}}