{"id":31752,"date":"2023-04-25T07:36:19","date_gmt":"2023-04-25T10:36:19","guid":{"rendered":"http:\/\/dsrmedios.com.ar\/diario\/?p=31752"},"modified":"2023-04-25T07:36:22","modified_gmt":"2023-04-25T10:36:22","slug":"relanzan-el-programa-hogar-para-la-compra-de-garrafas-economicas-quienes-pueden-adquirirlas","status":"publish","type":"post","link":"http:\/\/dsrmedios.com.ar\/diario\/archivos\/31752","title":{"rendered":"Relanzan el Programa Hogar para la compra de garrafas econ\u00f3micas: qui\u00e9nes pueden adquirirlas"},"content":{"rendered":"\n<p>El ministro de Econom\u00eda de la Naci\u00f3n,&nbsp;<strong>Sergio Massa<\/strong>, y la titular de la Administraci\u00f3n Nacional de la Seguridad Social (ANSES),&nbsp;<strong>Fernanda Raverta<\/strong>, relanzaron el&nbsp;<strong>Programa Hogar 2023<\/strong>, que tiene como fin&nbsp;<strong>subsidiar el 80%<\/strong>&nbsp;del valor de las<strong>&nbsp;<a href=\"https:\/\/infocielo.com\/gas\/el-estado-cubrira-el-80-del-costo-las-garrafas-gas-n718053\" target=\"_blank\" rel=\"noreferrer noopener\">garrafas de gas&nbsp;<\/a><\/strong>a los hogares de menores ingresos. En estas nota te contamos qui\u00e9nes pueden acceder a este beneficio y c\u00f3mo recibirlo.<\/p>\n\n\n\n<p>Seg\u00fan explic\u00f3 la ANSES en un comunicado, el Programa Hogar consiste en un subsidio y mensual fijado por la Secretar\u00eda de Energ\u00eda que cubre parte del precio de la garrafa de 10 kilos<\/p>\n\n\n\n<h2><strong>Programa Hogar 2023: \u00bfQui\u00e9nes lo pueden el subsidio para la compra de garrafas?<\/strong><\/h2>\n\n\n\n<p>Todos los hogares sin conexi\u00f3n a la red de gas natural, cuyos ingresos sean inferiores a:<\/p>\n\n\n\n<ul>\n<li><strong>Dos Salarios M\u00ednimos, Vitales y M\u00f3viles (SMVM).<\/strong><\/li>\n\n\n\n<li>Tres SMVM si alguno de sus integrantes posee Certificado de Discapacidad.<\/li>\n\n\n\n<li>2,8 SMVM si residen en las zonas m\u00e1s fr\u00edas del pa\u00eds.<\/li>\n\n\n\n<li>4,2 SMVM si residen en las zonas m\u00e1s fr\u00edas del pa\u00eds y alguno de sus integrantes posee Certificado de Discapacidad.<\/li>\n<\/ul>\n\n\n\n<p>En el caso de los&nbsp;<strong>monotributistas<\/strong>, de acuerdo con las siguientes categor\u00edas:<\/p>\n\n\n\n<ul>\n<li>Hogares cuyos ingresos sean&nbsp;<strong>hasta Categor\u00eda C&nbsp;<\/strong>(inclusive).<\/li>\n\n\n\n<li>Hogares con integrante con certificado de discapacidad, cuyos ingresos sean hasta Categor\u00eda D (inclusive).<\/li>\n\n\n\n<li>En la Patagonia, hogares cuyos ingresos sean hasta Categor\u00eda D (inclusive) y hogares con integrante con certificado de discapacidad, cuyos ingresos sean hasta Categor\u00eda E (inclusive).<\/li>\n<\/ul>\n\n\n\n<figure class=\"wp-block-image\"><img decoding=\"async\" src=\"https:\/\/media.infocielo.com\/p\/7e7f1b51e3763c32a55363c7c8b1819c\/adjuntos\/299\/imagenes\/001\/531\/0001531965\/887x0\/smart\/garrafasjpg.jpg\" alt=\"El Gobierno nacional relanz&oacute; el Programa Hogar 2023 para la compra de garrafas con un 80% de subsidio.&nbsp;\"\/><\/figure>\n\n\n\n<p>El Gobierno nacional relanz\u00f3 el Programa Hogar 2023 para la compra de garrafas con un 80% de subsidio.<\/p>\n\n\n\n<h2>\u00bfC\u00f3mo me anoto al Programa Hogar 2023?<\/h2>\n\n\n\n<p>Los interesados en inscribirse en el Programa Hogar 2023 deber\u00e1n hacerlo con la Clave de Seguridad Social a trav\u00e9s de<strong>&nbsp;MI ANSES&nbsp;<\/strong>en&nbsp;<a href=\"https:\/\/www.anses.gob.ar\/\" target=\"_blank\" rel=\"noreferrer noopener\">www.anses.gob.ar<\/a>&nbsp;o con turno previo en&nbsp;<strong>cualquier oficina de la ANSES<\/strong>. Cabe recordar que, para todos los casos es necesario que los datos personales y del grupo familiar conviviente est\u00e9n actualizados en ANSES.<\/p>\n\n\n\n<p>Quienes quieran inscribirse al Programa Hogar por primera vez y vivan en una localidad con cobertura de gas, deber\u00e1n presentar el certificado emitido por la distribuidora de que no cuentan con conexi\u00f3n de gas.<\/p>\n\n\n\n<p>A su vez, si una persona o su conviviente solicit\u00f3 el subsidio por Segmentaci\u00f3n Energ\u00e9tica no podr\u00e1 acceder al subsidio por garrafa del Programa Hogar.<\/p>\n\n\n\n<p>Las titulares de la Asignaci\u00f3n Universal por Hijo y la Asignaci\u00f3n por Embarazo, as\u00ed como tambi\u00e9n los jubilados y pensionados de hasta un haber m\u00ednimo que percib\u00edan el Programa Hogar no deber\u00e1n volver a inscribirse.<\/p>\n\n\n\n<p>Fuente: Infocielo<\/p>\n","protected":false},"excerpt":{"rendered":"<div class=\"mh-excerpt\"><p>El ministro de Econom\u00eda de la Naci\u00f3n,&nbsp;Sergio Massa, y la titular de la Administraci\u00f3n Nacional de la Seguridad Social (ANSES),&nbsp;Fernanda Raverta, relanzaron el&nbsp;Programa Hogar 2023, que tiene como fin&nbsp;subsidiar el 80%&nbsp;del valor de las&nbsp;garrafas de gas&nbsp;a los hogares de menores ingresos. En estas nota te contamos qui\u00e9nes pueden acceder a este beneficio y c\u00f3mo recibirlo. Seg\u00fan explic\u00f3 la ANSES en un comunicado, el Programa Hogar consiste en un subsidio y mensual fijado por la Secretar\u00eda de Energ\u00eda que cubre parte del precio de la garrafa de 10 kilos Programa Hogar 2023: \u00bfQui\u00e9nes lo pueden el subsidio para la compra de <a class=\"mh-excerpt-more\" href=\"http:\/\/dsrmedios.com.ar\/diario\/archivos\/31752\" title=\"Relanzan el Programa Hogar para la compra de garrafas econ\u00f3micas: qui\u00e9nes pueden adquirirlas\">[Leer m\u00e1s]<\/a><\/p>\n<\/div>","protected":false},"author":6,"featured_media":31753,"comment_status":"open","ping_status":"closed","sticky":false,"template":"","format":"standard","meta":{"_jetpack_newsletter_access":""},"categories":[6],"tags":[],"jetpack_featured_media_url":"http:\/\/dsrmedios.com.ar\/diario\/wp-content\/uploads\/2023\/04\/garrafajpg.webp","jetpack_sharing_enabled":true,"jetpack_shortlink":"https:\/\/wp.me\/p9fihK-8g8","_links":{"self":[{"href":"http:\/\/dsrmedios.com.ar\/diario\/wp-json\/wp\/v2\/posts\/31752"}],"collection":[{"href":"http:\/\/dsrmedios.com.ar\/diario\/wp-json\/wp\/v2\/posts"}],"about":[{"href":"http:\/\/dsrmedios.com.ar\/diario\/wp-json\/wp\/v2\/types\/post"}],"author":[{"embeddable":true,"href":"http:\/\/dsrmedios.com.ar\/diario\/wp-json\/wp\/v2\/users\/6"}],"replies":[{"embeddable":true,"href":"http:\/\/dsrmedios.com.ar\/diario\/wp-json\/wp\/v2\/comments?post=31752"}],"version-history":[{"count":1,"href":"http:\/\/dsrmedios.com.ar\/diario\/wp-json\/wp\/v2\/posts\/31752\/revisions"}],"predecessor-version":[{"id":31754,"href":"http:\/\/dsrmedios.com.ar\/diario\/wp-json\/wp\/v2\/posts\/31752\/revisions\/31754"}],"wp:featuredmedia":[{"embeddable":true,"href":"http:\/\/dsrmedios.com.ar\/diario\/wp-json\/wp\/v2\/media\/31753"}],"wp:attachment":[{"href":"http:\/\/dsrmedios.com.ar\/diario\/wp-json\/wp\/v2\/media?parent=31752"}],"wp:term":[{"taxonomy":"category","embeddable":true,"href":"http:\/\/dsrmedios.com.ar\/diario\/wp-json\/wp\/v2\/categories?post=31752"},{"taxonomy":"post_tag","embeddable":true,"href":"http:\/\/dsrmedios.com.ar\/diario\/wp-json\/wp\/v2\/tags?post=31752"}],"curies":[{"name":"wp","href":"https:\/\/api.w.org\/{rel}","templated":true}]}}