{"id":31749,"date":"2023-04-25T07:34:39","date_gmt":"2023-04-25T10:34:39","guid":{"rendered":"http:\/\/dsrmedios.com.ar\/diario\/?p=31749"},"modified":"2023-04-25T07:34:43","modified_gmt":"2023-04-25T10:34:43","slug":"la-provincia-prorrogo-la-emergencia-de-las-empresas-recuperadas","status":"publish","type":"post","link":"http:\/\/dsrmedios.com.ar\/diario\/archivos\/31749","title":{"rendered":"La Provincia prorrog\u00f3 la emergencia de las empresas recuperadas"},"content":{"rendered":"\n<p>A trav\u00e9s del Decreto 591\/23, el gobernador de la provincia de Buenos Aires,<strong>&nbsp;Axel Kicillof<\/strong>, prorrog\u00f3 por un a\u00f1o la vigencia de&nbsp;<a href=\"https:\/\/infocielo.com\/diputados\/diputados-aprobaron-la-emergencia-empresas-recuperadas-n733313\" target=\"_blank\" rel=\"noreferrer noopener\">la Ley 15.322<\/a>&nbsp;con la que se hab\u00eda declarado la &#8220;<strong>emergencia<\/strong>&nbsp;econ\u00f3mica, financiera y tarifaria de las empresas recuperadas&#8221;. As\u00ed las cosas, la medida seguir\u00e1 vigente hasta el 21 de abril de 2024.<\/p>\n\n\n\n<p>Se trata de una norma aprobada por la Legislatura Bonaerense tras meses de debate y que\u00a0<a rel=\"noreferrer noopener\" href=\"https:\/\/infocielo.com\/axel-kicillof\/axel-kicillof-pide-declarar-la-emergencia-empresas-recuperadas-n725762\" target=\"_blank\">hab\u00eda sido impulsada por el propio Kicillof<\/a>. Lo m\u00e1s relevante es que\u00a0<strong>suspende las ejecuciones de desalojo contra cooperativas o cualquier tipo de empresas recuperada<\/strong>\u00a0y tambi\u00e9n el remate de los bienes por parte de la Justicia. Adem\u00e1s,\u00a0<strong>obliga a los prestadores de los servicios p\u00fablicos a no cortar el suministro por falta de pago<\/strong>\u00a0y a ofrecer facilidades para cancelar deudas.<\/p>\n\n\n\n<p>El Decreto que sali\u00f3 este martes en&nbsp;<a href=\"https:\/\/www.boletinoficial.gba.gob.ar\/secciones\/12163\/ver\" target=\"_blank\" rel=\"noreferrer noopener\">el Bolet\u00edn Oficial<\/a>&nbsp;aclara en su art\u00edculo segundo que todas las disposiciones de la Ley 15.322 son alcanzadas por esta pr\u00f3rroga. Esto significa que los beneficios para empresas recuperadas mencionados en el p\u00e1rrafo anterior deben seguir vigentes hasta el a\u00f1o que viene.&nbsp;<strong>La extensi\u00f3n se debe a que, seg\u00fan reconoce el gobierno bonaerense, a que &#8220;no han cesado a\u00fan&#8221; los motivos por los cuales se declar\u00f3 la emergencia en primer lugar<\/strong>.<\/p>\n\n\n\n<p>En un contexto de crisis econ\u00f3mica,\u00a0<strong>la medida le permiti\u00f3 a estos emprendimientos &#8220;mantener los puestos de trabajo de los trabajadores&#8221;<\/strong>, sostuvieron desde la Subsecretar\u00eda de Industria, Pymes y Cooperativas del Ministerio de Producci\u00f3n que lidera\u00a0<strong>Augusto Costa<\/strong>. Tambi\u00e9n por eso se decidi\u00f3 sostener la emergencia un a\u00f1o m\u00e1s. Es que, m\u00e1s all\u00e1 de la coyuntura adversa, la intenci\u00f3n de la Provincia es que los trabajadores puedan continuar la explotaci\u00f3n de empresas en crisis o proceso de quiebra.<\/p>\n\n\n\n<p>Fuente: Infocielo<\/p>\n","protected":false},"excerpt":{"rendered":"<div class=\"mh-excerpt\"><p>A trav\u00e9s del Decreto 591\/23, el gobernador de la provincia de Buenos Aires,&nbsp;Axel Kicillof, prorrog\u00f3 por un a\u00f1o la vigencia de&nbsp;la Ley 15.322&nbsp;con la que se hab\u00eda declarado la &#8220;emergencia&nbsp;econ\u00f3mica, financiera y tarifaria de las empresas recuperadas&#8221;. As\u00ed las cosas, la medida seguir\u00e1 vigente hasta el 21 de abril de 2024. Se trata de una norma aprobada por la Legislatura Bonaerense tras meses de debate y que\u00a0hab\u00eda sido impulsada por el propio Kicillof. Lo m\u00e1s relevante es que\u00a0suspende las ejecuciones de desalojo contra cooperativas o cualquier tipo de empresas recuperada\u00a0y tambi\u00e9n el remate de los bienes por parte de la <a class=\"mh-excerpt-more\" href=\"http:\/\/dsrmedios.com.ar\/diario\/archivos\/31749\" title=\"La Provincia prorrog\u00f3 la emergencia de las empresas recuperadas\">[Leer m\u00e1s]<\/a><\/p>\n<\/div>","protected":false},"author":6,"featured_media":31750,"comment_status":"open","ping_status":"closed","sticky":false,"template":"","format":"standard","meta":{"_jetpack_newsletter_access":""},"categories":[6],"tags":[],"jetpack_featured_media_url":"http:\/\/dsrmedios.com.ar\/diario\/wp-content\/uploads\/2023\/04\/empresas-recuperadasjpg.webp","jetpack_sharing_enabled":true,"jetpack_shortlink":"https:\/\/wp.me\/p9fihK-8g5","_links":{"self":[{"href":"http:\/\/dsrmedios.com.ar\/diario\/wp-json\/wp\/v2\/posts\/31749"}],"collection":[{"href":"http:\/\/dsrmedios.com.ar\/diario\/wp-json\/wp\/v2\/posts"}],"about":[{"href":"http:\/\/dsrmedios.com.ar\/diario\/wp-json\/wp\/v2\/types\/post"}],"author":[{"embeddable":true,"href":"http:\/\/dsrmedios.com.ar\/diario\/wp-json\/wp\/v2\/users\/6"}],"replies":[{"embeddable":true,"href":"http:\/\/dsrmedios.com.ar\/diario\/wp-json\/wp\/v2\/comments?post=31749"}],"version-history":[{"count":1,"href":"http:\/\/dsrmedios.com.ar\/diario\/wp-json\/wp\/v2\/posts\/31749\/revisions"}],"predecessor-version":[{"id":31751,"href":"http:\/\/dsrmedios.com.ar\/diario\/wp-json\/wp\/v2\/posts\/31749\/revisions\/31751"}],"wp:featuredmedia":[{"embeddable":true,"href":"http:\/\/dsrmedios.com.ar\/diario\/wp-json\/wp\/v2\/media\/31750"}],"wp:attachment":[{"href":"http:\/\/dsrmedios.com.ar\/diario\/wp-json\/wp\/v2\/media?parent=31749"}],"wp:term":[{"taxonomy":"category","embeddable":true,"href":"http:\/\/dsrmedios.com.ar\/diario\/wp-json\/wp\/v2\/categories?post=31749"},{"taxonomy":"post_tag","embeddable":true,"href":"http:\/\/dsrmedios.com.ar\/diario\/wp-json\/wp\/v2\/tags?post=31749"}],"curies":[{"name":"wp","href":"https:\/\/api.w.org\/{rel}","templated":true}]}}