{"id":31726,"date":"2023-04-25T06:59:22","date_gmt":"2023-04-25T09:59:22","guid":{"rendered":"http:\/\/dsrmedios.com.ar\/diario\/?p=31726"},"modified":"2023-04-25T07:00:17","modified_gmt":"2023-04-25T10:00:17","slug":"extrema-tension-en-el-pro-porteno-larreta-daria-su-apoyo-exclusivo-a-quiros-y-bullrich-hara-campana-con-jorge-macri","status":"publish","type":"post","link":"http:\/\/dsrmedios.com.ar\/diario\/archivos\/31726","title":{"rendered":"Extrema tensi\u00f3n en el PRO porte\u00f1o: Larreta dar\u00eda su apoyo exclusivo a Quir\u00f3s y Bullrich har\u00e1 campa\u00f1a con Jorge Macri"},"content":{"rendered":"\n<p>La pelea del&nbsp;<strong>PRO&nbsp;<\/strong>en la ciudad de Buenos Aires comenz\u00f3 una&nbsp;<strong>etapa clave&nbsp;<\/strong>y, a la vez, alarmante por su&nbsp;<strong>intensidad.<\/strong>&nbsp;\u201cEs l\u00f3gico lo que pasa; tiene que&nbsp;<strong>tensarse m\u00e1s<\/strong>&nbsp;la situaci\u00f3n para que al final se pueda alcanzar una soluci\u00f3n\u201d, afirm\u00f3 un dirigente experimentado del partido. Nadie sabe a\u00fan si ser\u00e1 as\u00ed, pero lo \u00fanico cierto es que el conflicto interno puede profundizarse m\u00e1s:&nbsp;<strong>Horacio Rodr\u00edguez Larreta<\/strong>&nbsp;podr\u00eda anunciar en los pr\u00f3ximos d\u00edas que<strong>&nbsp;Fern\u00e1n Quir\u00f3s<\/strong>&nbsp;<strong>es su<\/strong>&nbsp;<strong>\u00fanico candidato a jefe de Gobierno.<\/strong><\/p>\n\n\n\n<p>Es mucho m\u00e1s que un paso adelante respecto de lo que ven\u00eda sosteniendo hasta el momento, que el PRO iba a tener un solo candidato en las PASO porte\u00f1as. Si se confirma aquella posici\u00f3n, se tratar\u00e1 de&nbsp;<strong>un nuevo desaf\u00edo&nbsp;<\/strong>a Mauricio Macri y a Patricia Bullrich, que sostienen la postulaci\u00f3n de&nbsp;<strong>Jorge Macri&nbsp;<\/strong>y que saben, como todos, que dos candidatos del PRO en las primarias&nbsp;<strong>dividir\u00e1n&nbsp;<\/strong>el voto propio y&nbsp;<strong>favorecer\u00e1n&nbsp;<\/strong>al radical&nbsp;<strong>Mart\u00edn Lousteau<\/strong>&nbsp;en la competencia por alcanzar la Jefatura de Gobierno.<\/p>\n\n\n\n<p>Las<strong>&nbsp;elecciones concurrentes<\/strong>&nbsp;que anunci\u00f3 Rodr\u00edguez Larreta y agravaron la pelea en el PRO implican que los porte\u00f1os votar\u00e1n el mismo d\u00eda en&nbsp;<strong>dos urnas distintas:&nbsp;<\/strong>por un lado, deber\u00e1n elegir cargos nacionales (presidente y diputados nacionales) con la boleta tradicional de papel; por otro, los puestos porte\u00f1os (jefe de Gobierno, legisladores y comuneros) con boleta \u00fanica electr\u00f3nica. En la pr\u00e1ctica, este sistema&nbsp;<strong>empareja&nbsp;<\/strong>las chances electorales del candidato del PRO y del radicalismo. Con el esquema tradicional, la UCR se habr\u00eda perjudicado porque no tiene un postulante presidencial tan competitivo como Larreta o Bullrich y se hubiera perdido el&nbsp;<strong>arrastre&nbsp;<\/strong>de votos que provoca la boleta nacional.<\/p>\n\n\n\n<p><img decoding=\"async\" loading=\"lazy\" alt=\"Patricia Bullrich y Jorge Macri; en la mesa, el bullrichista Juan Pablo Arenaza\" height=\"1080\" width=\"1920\" class=\"\" src=\"https:\/\/cloudfront-us-east-1.images.arcpublishing.com\/infobae\/5RYTRICKZRCRBHLH44BCGFVGB4.jpg\" srcset=\"https:\/\/www.infobae.com\/new-resizer\/akj0OUBwmk4JgLlgdNkzE08xjXs=\/420x236\/filters:format(webp):quality(85)\/cloudfront-us-east-1.images.arcpublishing.com\/infobae\/5RYTRICKZRCRBHLH44BCGFVGB4.jpg 420w,https:\/\/www.infobae.com\/new-resizer\/kEd7Ma4WUxB6bhIDp-MtKtDEx8c=\/768x432\/filters:format(webp):quality(85)\/cloudfront-us-east-1.images.arcpublishing.com\/infobae\/5RYTRICKZRCRBHLH44BCGFVGB4.jpg 768w,https:\/\/www.infobae.com\/new-resizer\/p3aXPrny6X-g4DvQCy2VT1NoYLk=\/992x558\/filters:format(webp):quality(85)\/cloudfront-us-east-1.images.arcpublishing.com\/infobae\/5RYTRICKZRCRBHLH44BCGFVGB4.jpg 992w,https:\/\/www.infobae.com\/new-resizer\/58628r8ExlPhajAQjhRQ6ybbONo=\/1200x675\/filters:format(webp):quality(85)\/cloudfront-us-east-1.images.arcpublishing.com\/infobae\/5RYTRICKZRCRBHLH44BCGFVGB4.jpg 1200w,https:\/\/www.infobae.com\/new-resizer\/X7Ex7muN0W5bLp8ptBVN2uszgmQ=\/1440x810\/filters:format(webp):quality(85)\/cloudfront-us-east-1.images.arcpublishing.com\/infobae\/5RYTRICKZRCRBHLH44BCGFVGB4.jpg 1440w\">Patricia Bullrich y Jorge Macri; en la mesa, el bullrichista Juan Pablo Arenaza<\/p>\n\n\n\n<p>En el larretismo admiten que Quir\u00f3s se convertir\u00e1 en el&nbsp;<strong>\u00fanico&nbsp;<\/strong>candidato del sector, lo que implica que dar\u00eda un paso al costado&nbsp;<strong>Soledad Acu\u00f1a,&nbsp;<\/strong>la otra postulante que lanz\u00f3 el alcalde porte\u00f1o para&nbsp;<strong>condicionar&nbsp;<\/strong>el avance del primo del ex presidente y ministro de Gobierno de su administraci\u00f3n.<\/p>\n\n\n\n<p>En el PRO no consideran casual ese posible paso de Rodr\u00edguez Larreta:&nbsp;<strong>es inminente un nuevo encuentro con Mauricio Macri&nbsp;<\/strong>para intentar resolver la tormenta desatada en CABA luego del anuncio de que los porte\u00f1os votar\u00e1n con el sistema de elecciones concurrentes. \u201cHoracio quiere hablar con Mauricio desde&nbsp;<strong>una posici\u00f3n mas equilibrada\u201d,<\/strong>&nbsp;explican cerca del jefe de Gobierno sobre las razones que lo llevar\u00edan a pronunciarse por Quir\u00f3s y soltar amarras con Jorge Macri.<\/p>\n\n\n\n<p>Ese fue uno de los temas que analizaron<strong>&nbsp;Bullrich y Jorge Macri<\/strong>&nbsp;en una reuni\u00f3n que mantuvieron este lunes por la tarde en las nuevas oficinas de la candidata presidencial, a pasos de la Casa Rosada (casi un s\u00edmbolo de su sue\u00f1o de mudarse all\u00ed el 10 de diciembre). Acompa\u00f1ada por Juan Pablo Arenaza, la titular del PRO en uso de licencia&nbsp;<strong>aval\u00f3&nbsp;<\/strong>la nueva estrategia del primo del ex presidente de no reclamar que haya un solo candidato del partido sino destacar que&nbsp;<strong>deben competir todos.<\/strong><\/p>\n\n\n\n<p><img decoding=\"async\" loading=\"lazy\" alt=\"Fern\u00e1n Quir\u00f3s y Soledad Acu\u00f1a: \u00bfla f\u00f3rmula larretista para la ciudad de Buenos Aires?\" height=\"899\" width=\"1599\" class=\"\" src=\"https:\/\/cloudfront-us-east-1.images.arcpublishing.com\/infobae\/IX3Z3EBXNZFQDFNYN7TZPIPCCE.jpeg\" srcset=\"https:\/\/www.infobae.com\/new-resizer\/aUYUFlNYbX1duFYrrFF1PdaqDS8=\/420x236\/filters:format(webp):quality(85)\/cloudfront-us-east-1.images.arcpublishing.com\/infobae\/IX3Z3EBXNZFQDFNYN7TZPIPCCE.jpeg 420w,https:\/\/www.infobae.com\/new-resizer\/sGgoRHppmc_SPeREKeHgw914pfU=\/768x432\/filters:format(webp):quality(85)\/cloudfront-us-east-1.images.arcpublishing.com\/infobae\/IX3Z3EBXNZFQDFNYN7TZPIPCCE.jpeg 768w,https:\/\/www.infobae.com\/new-resizer\/uSwH-y3GzO9SJq5EmHZ6jq9Clqo=\/992x558\/filters:format(webp):quality(85)\/cloudfront-us-east-1.images.arcpublishing.com\/infobae\/IX3Z3EBXNZFQDFNYN7TZPIPCCE.jpeg 992w,https:\/\/www.infobae.com\/new-resizer\/KP6xZNsRfNT-cRN1-LWENqrY3Tw=\/1200x675\/filters:format(webp):quality(85)\/cloudfront-us-east-1.images.arcpublishing.com\/infobae\/IX3Z3EBXNZFQDFNYN7TZPIPCCE.jpeg 1200w,https:\/\/www.infobae.com\/new-resizer\/KwITV5GCtMQwndrzdLxa0CBjYqA=\/1440x810\/filters:format(webp):quality(85)\/cloudfront-us-east-1.images.arcpublishing.com\/infobae\/IX3Z3EBXNZFQDFNYN7TZPIPCCE.jpeg 1440w\">Fern\u00e1n Quir\u00f3s y Soledad Acu\u00f1a: \u00bfla f\u00f3rmula larretista para la ciudad de Buenos Aires?<\/p>\n\n\n\n<p>Fue una decisi\u00f3n aconsejada por la propia Bullrich:<strong>&nbsp;\u201cDej\u00e1 de quejarte y que salgan todos a la cancha\u201d,<\/strong>&nbsp;le dijo. Y agreg\u00f3: \u201cTen\u00e9s que confiar en que te van a votar los porte\u00f1os, no en que habr\u00e1 un dedo que te elija\u201d. La idea apunta a tratar de quitarle a Rodr\u00edguez Larreta el poder de ser<strong>&nbsp;\u201cel gran elector\u201d<\/strong>&nbsp;en la ciudad y demostrar que Jorge Macri puede enfrentarse&nbsp;<strong>a cualquier candidato<\/strong>&nbsp;y ganarle. De por s\u00ed, dicen en el bullrichismo, sus encuestas lo muestran por encima de Quir\u00f3s y de Lousteau.<\/p>\n\n\n\n<p>Para el jefe de Gobierno, que hasta ahora se fue mostrando junto con todos los candidatos a sucederlo, anunciar que s\u00f3lo apoyar\u00e1 a Quir\u00f3s puede resultar&nbsp;<strong>determinante&nbsp;<\/strong>para que se&nbsp;<strong>afiance&nbsp;<\/strong>su ministro de Salud en el electorado porte\u00f1o. Sus adversarios bullrichistas creen que la eventual decisi\u00f3n \u201cser\u00e1 mejor porque dejar\u00e1 m\u00e1s claro el panorama\u201d y, adem\u00e1s, que ser\u00e1&nbsp;<strong>contraproducente&nbsp;<\/strong>porque \u201cle&nbsp;<strong>espantar\u00eda&nbsp;<\/strong>mayor cantidad de votos duros de la ciudad que no quieren a Quir\u00f3s ni a Lousteau\u201d.<\/p>\n\n\n\n<p>Bullrich confirm\u00f3 a su candidato porte\u00f1o una decisi\u00f3n de alto impacto:&nbsp;<strong>desembarcar\u00e1 en mayo en la ciudad de Buenos Aires para hacer campa\u00f1a junto con \u00e9l.&nbsp;<\/strong>\u201cY no se quedar\u00e1 callada\u201d, advierten en el entorno de la postulante a la Presidencia. Eso quiere decir que, adem\u00e1s de mostrarse con Jorge Macri, apuntar\u00e1 en forma directa contra Rodr\u00edguez Larreta en el distrito que conduce desde 2015.<\/p>\n\n\n\n<p><img decoding=\"async\" loading=\"lazy\" alt=\"Mauricio Macri y Horacio Rodr\u00edguez Larreta, en Villa La Angostura; ahora, volver\u00e1n a reunirse para definir la pelea porte\u00f1a\" height=\"1081\" width=\"1920\" class=\"\" src=\"https:\/\/cloudfront-us-east-1.images.arcpublishing.com\/infobae\/BTSU7BHK4BA63JFW3D73EPYMC4.jpg\" srcset=\"https:\/\/www.infobae.com\/new-resizer\/bbVk_ZCvWdXEEl2xRYyD0tElJ38=\/420x236\/filters:format(webp):quality(85)\/cloudfront-us-east-1.images.arcpublishing.com\/infobae\/BTSU7BHK4BA63JFW3D73EPYMC4.jpg 420w,https:\/\/www.infobae.com\/new-resizer\/rI6RnHfyGyBJ-y_4HIAB9S-wzSw=\/768x432\/filters:format(webp):quality(85)\/cloudfront-us-east-1.images.arcpublishing.com\/infobae\/BTSU7BHK4BA63JFW3D73EPYMC4.jpg 768w,https:\/\/www.infobae.com\/new-resizer\/foBKM8lPfnz67q_9won_Z9TeEvE=\/992x558\/filters:format(webp):quality(85)\/cloudfront-us-east-1.images.arcpublishing.com\/infobae\/BTSU7BHK4BA63JFW3D73EPYMC4.jpg 992w,https:\/\/www.infobae.com\/new-resizer\/lIEF3FwxPj6TAgJIt2H9zeoPLqA=\/1200x675\/filters:format(webp):quality(85)\/cloudfront-us-east-1.images.arcpublishing.com\/infobae\/BTSU7BHK4BA63JFW3D73EPYMC4.jpg 1200w,https:\/\/www.infobae.com\/new-resizer\/QBX4lqmN2YSockM90BX1rA6ngds=\/1440x810\/filters:format(webp):quality(85)\/cloudfront-us-east-1.images.arcpublishing.com\/infobae\/BTSU7BHK4BA63JFW3D73EPYMC4.jpg 1440w\">Mauricio Macri y Horacio Rodr\u00edguez Larreta, en Villa La Angostura; ahora, volver\u00e1n a reunirse para definir la pelea porte\u00f1a<\/p>\n\n\n\n<p>Hace dos d\u00edas, entrevistada por LN+, Bullrich ofreci\u00f3 apenas un anticipo de la artiller\u00eda pesada que prepara contra su adversario interno en las pr\u00f3ximas semanas. \u201cLo veo&nbsp;<strong>con m\u00e1s miedo<\/strong>&nbsp;a tomar decisiones\u201d, se\u00f1al\u00f3, luego de lo cual resalt\u00f3: \u201cDe alguna manera nuestro proyecto es m\u00e1s de shock y el de Horacio&nbsp;<strong>es mucho m\u00e1s de tratar de arreglar con los mismos actores que hoy ten\u00e9s en la Argentina.&nbsp;<\/strong>Creo que el pa\u00eds necesita mucha m\u00e1s valent\u00eda, mucho m\u00e1s coraje y mucho m\u00e1s shock\u201d.<\/p>\n\n\n\n<p>En los \u00faltimos d\u00edas, Rodr\u00edguez Larreta dio claras&nbsp;<strong>se\u00f1ales&nbsp;<\/strong>de que profundizar\u00eda su estrategia en la ciudad. As\u00ed se interpret\u00f3 la designaci\u00f3n del diputado nacional&nbsp;<strong>Alvaro Gonz\u00e1lez,<\/strong>&nbsp;un dirigente de su extrema confianza, como jefe de campa\u00f1a de Quir\u00f3s. \u201cEs la muestra&nbsp;<strong>m\u00e1s contundente&nbsp;<\/strong>de que apoya a Fern\u00e1n\u201d, razonan cerca del alcalde porte\u00f1o. El legislador larretista se sum\u00f3 a un equipo en el que est\u00e1 trabajando&nbsp;<strong>Juan Pablo Gra\u00f1a<\/strong>, asesor de&nbsp;<strong>Felipe Miguel<\/strong>, el jefe de Gabinete de la ciudad.<\/p>\n\n\n\n<p>Quir\u00f3s intensific\u00f3 su campa\u00f1a y reforz\u00f3 su discurso para mostrar que&nbsp;<strong>no bajar\u00e1&nbsp;<\/strong>su postulaci\u00f3n:&nbsp;<strong>\u201cSostengo mi candidatura.<\/strong>&nbsp;Me lanc\u00e9 convencido de que puedo ofrecer algo superador y&nbsp;<strong>la gente tiene conexi\u00f3n conmigo<\/strong>&nbsp;como potencial jefe de Gobierno\u201d, enfatiz\u00f3 el ministro de Salud de la ciudad. Incluso, no descart\u00f3 que Soledad Acu\u00f1a se convierta en su&nbsp;<strong>compa\u00f1era de f\u00f3rmula.<\/strong><\/p>\n\n\n\n<p><img decoding=\"async\" loading=\"lazy\" alt=\"Mar\u00eda Eugenia Vidal, a punto de definir su futuro pol\u00edtico\" height=\"636\" width=\"1024\" class=\"\" src=\"https:\/\/cloudfront-us-east-1.images.arcpublishing.com\/infobae\/YJ5COZIBZFAJ5J5MU6QVKQISA4.jpg\" srcset=\"https:\/\/www.infobae.com\/new-resizer\/vkuL-E5q4R1zXmBO-otRTr3QNZw=\/992x606\/filters:format(webp):quality(85)\/cloudfront-us-east-1.images.arcpublishing.com\/infobae\/YJ5COZIBZFAJ5J5MU6QVKQISA4.jpg 992w\">Mar\u00eda Eugenia Vidal, a punto de definir su futuro pol\u00edtico<\/p>\n\n\n\n<p>Para que no queden dudas, Quir\u00f3s comparti\u00f3 este lunes otra&nbsp;<strong>actividad de campa\u00f1a<\/strong>&nbsp;con Rodr\u00edguez Larreta: se reunieron con vecinos en un caf\u00e9 del Abasto. Hace 6 d\u00edas, hab\u00eda sido Jorge Macri quien se mostr\u00f3 al lado del jefe de Gobierno durante el anuncio de que 80 tr\u00e1mites porte\u00f1os ser\u00e1n gratuitos.<\/p>\n\n\n\n<p>En este escenario tan disputado, las miradas apuntan de nuevo a&nbsp;<strong>Mar\u00eda Eugenia Vidal:&nbsp;<\/strong>est\u00e1 a punto de anunciar si ser\u00e1 o no candidata presidencial y si se baja hay quienes apuestan a que se convierta en la postulante&nbsp;<strong>aceptada por todos&nbsp;<\/strong>para la Jefatura de Gobierno. Ella insiste en que&nbsp;<strong>no quiere saber nada.&nbsp;<\/strong>\u201cS\u00f3lo Mauricio la podr\u00eda<strong>&nbsp;convencer\u201d,&nbsp;<\/strong>enfatizan en el PRO. Ese es uno de los tantos motivos por los cuales la oposici\u00f3n espera que Macri y Rodr\u00edguez Larreta vuelvan a reunirse. El ex presidente, aun enojado y desilusionado por el anuncio electoral porte\u00f1o, tiene<strong>&nbsp;la mitad de la llave<\/strong>&nbsp;para destrabar la interna de la ciudad. La&nbsp;<strong>otra mitad<\/strong>&nbsp;est\u00e1 en manos del jefe de Gobierno. \u00bfUnir\u00e1n finalmente las dos mitades? Hace mucho m\u00e1s que un cerrajero para resolver esta disputa, pero Macri y Larreta saben que&nbsp;<strong>hay alguien<\/strong>&nbsp;que espera detr\u00e1s de la puerta para aprovechar el caos del PRO: Javier Milei.<\/p>\n\n\n\n<p>Fuente: Infobae<\/p>\n","protected":false},"excerpt":{"rendered":"<div class=\"mh-excerpt\"><p>La pelea del&nbsp;PRO&nbsp;en la ciudad de Buenos Aires comenz\u00f3 una&nbsp;etapa clave&nbsp;y, a la vez, alarmante por su&nbsp;intensidad.&nbsp;\u201cEs l\u00f3gico lo que pasa; tiene que&nbsp;tensarse m\u00e1s&nbsp;la situaci\u00f3n para que al final se pueda alcanzar una soluci\u00f3n\u201d, afirm\u00f3 un dirigente experimentado del partido. Nadie sabe a\u00fan si ser\u00e1 as\u00ed, pero lo \u00fanico cierto es que el conflicto interno puede profundizarse m\u00e1s:&nbsp;Horacio Rodr\u00edguez Larreta&nbsp;podr\u00eda anunciar en los pr\u00f3ximos d\u00edas que&nbsp;Fern\u00e1n Quir\u00f3s&nbsp;es su&nbsp;\u00fanico candidato a jefe de Gobierno. Es mucho m\u00e1s que un paso adelante respecto de lo que ven\u00eda sosteniendo hasta el momento, que el PRO iba a tener un solo candidato en las <a class=\"mh-excerpt-more\" href=\"http:\/\/dsrmedios.com.ar\/diario\/archivos\/31726\" title=\"Extrema tensi\u00f3n en el PRO porte\u00f1o: Larreta dar\u00eda su apoyo exclusivo a Quir\u00f3s y Bullrich har\u00e1 campa\u00f1a con Jorge Macri\">[Leer m\u00e1s]<\/a><\/p>\n<\/div>","protected":false},"author":6,"featured_media":31728,"comment_status":"open","ping_status":"closed","sticky":false,"template":"","format":"standard","meta":{"_jetpack_newsletter_access":""},"categories":[6],"tags":[],"jetpack_featured_media_url":"http:\/\/dsrmedios.com.ar\/diario\/wp-content\/uploads\/2023\/04\/BTSU7BHK4BA63JFW3D73EPYMC4-8.jpg","jetpack_sharing_enabled":true,"jetpack_shortlink":"https:\/\/wp.me\/p9fihK-8fI","_links":{"self":[{"href":"http:\/\/dsrmedios.com.ar\/diario\/wp-json\/wp\/v2\/posts\/31726"}],"collection":[{"href":"http:\/\/dsrmedios.com.ar\/diario\/wp-json\/wp\/v2\/posts"}],"about":[{"href":"http:\/\/dsrmedios.com.ar\/diario\/wp-json\/wp\/v2\/types\/post"}],"author":[{"embeddable":true,"href":"http:\/\/dsrmedios.com.ar\/diario\/wp-json\/wp\/v2\/users\/6"}],"replies":[{"embeddable":true,"href":"http:\/\/dsrmedios.com.ar\/diario\/wp-json\/wp\/v2\/comments?post=31726"}],"version-history":[{"count":2,"href":"http:\/\/dsrmedios.com.ar\/diario\/wp-json\/wp\/v2\/posts\/31726\/revisions"}],"predecessor-version":[{"id":31729,"href":"http:\/\/dsrmedios.com.ar\/diario\/wp-json\/wp\/v2\/posts\/31726\/revisions\/31729"}],"wp:featuredmedia":[{"embeddable":true,"href":"http:\/\/dsrmedios.com.ar\/diario\/wp-json\/wp\/v2\/media\/31728"}],"wp:attachment":[{"href":"http:\/\/dsrmedios.com.ar\/diario\/wp-json\/wp\/v2\/media?parent=31726"}],"wp:term":[{"taxonomy":"category","embeddable":true,"href":"http:\/\/dsrmedios.com.ar\/diario\/wp-json\/wp\/v2\/categories?post=31726"},{"taxonomy":"post_tag","embeddable":true,"href":"http:\/\/dsrmedios.com.ar\/diario\/wp-json\/wp\/v2\/tags?post=31726"}],"curies":[{"name":"wp","href":"https:\/\/api.w.org\/{rel}","templated":true}]}}