{"id":31714,"date":"2023-04-24T19:47:09","date_gmt":"2023-04-24T22:47:09","guid":{"rendered":"http:\/\/dsrmedios.com.ar\/diario\/?p=31714"},"modified":"2023-04-24T19:47:13","modified_gmt":"2023-04-24T22:47:13","slug":"el-pro-bonaerense-volvio-a-reunir-a-sus-pre-candidatos","status":"publish","type":"post","link":"http:\/\/dsrmedios.com.ar\/diario\/archivos\/31714","title":{"rendered":"El PRO bonaerense volvi\u00f3 a reunir a sus pre candidatos"},"content":{"rendered":"\n<p>El&nbsp;<strong>PRO bonaerense<\/strong>&nbsp;llev\u00f3 a cabo este lunes una nueva reuni\u00f3n de dirigentes en el municipio de&nbsp;<strong>Lan\u00fas<\/strong>, al que asistieron los principales pre candidatos del espacio en medio de la fuerte interna que refleja en los territorios la disputa entre la titular del partido,&nbsp;<strong>Patricia Bullrich<\/strong>, y el jefe de Gobierno porte\u00f1o,&nbsp;<strong>Horacio Rodr\u00edguez Larreta<\/strong>.<\/p>\n\n\n\n<p>As\u00ed como el PRO bonaerense mantiene estos peri\u00f3dicos encuentros, adonde halcones y palomas cruzan sus miradas en torno a la estrategia electoral, cuando se estrecha la fecha para la definici\u00f3n de las listas todav\u00eda la tropa amarilla se encuentra lejos de un consenso.<\/p>\n\n\n\n<p>Hace poco m\u00e1s de un mes, desde la reuni\u00f3n de&nbsp;<strong>Vicente L\u00f3pez<\/strong>&nbsp;en la que los dos principales pre candidatos a gobernador del espacio,&nbsp;<strong>Diego Santilli<\/strong>&nbsp;y&nbsp;<strong>Cristian Ritondo<\/strong>&nbsp;aseguraban que &#8220;l<a href=\"https:\/\/infocielo.com\/pro-bonaerense\/el-pro-bonaerense-sumo-rosca-nuevo-encuentro-vicente-lopez-n758413\" target=\"_blank\" rel=\"noreferrer noopener\">a elecci\u00f3n no estaba ganada<\/a>&#8220;, y llamaban a &#8220;obtener un triunfo en el territorio bonaerense para ser sost\u00e9n de una victoria nacional&#8221;.<\/p>\n\n\n\n<p>Sin embargo, poco materializ\u00f3 el partido en esa direcci\u00f3n, y desde el desdoblamiento de las elecciones anunciado en la&nbsp;<strong>Ciudad de Buenos Aires<\/strong>, las tensiones por el contrario fueron in crescendo.<\/p>\n\n\n\n<p>Quien le puso voz a ese malestar fue uno de los anotados por el sector de Bullrich a competir por la Gobernaci\u00f3n,&nbsp;<strong>Javier Iguacel<\/strong>. \u201cVos podes cambiar la regla y decir los jugadores de f\u00fatbol pueden jugar con la mano pero no lo podes hacer a dos d\u00edas del mundial. Lo tenes que hacer cuatro a\u00f1os antes y explicarlo\u201d, afirm\u00f3.<\/p>\n\n\n\n<p>Iguacel compite en virtud para la presidenta del PRO junto al intendente de Lan\u00fas,&nbsp;<strong>N\u00e9stor Grindetti<\/strong>, quien se pidi\u00f3 una licencia para hacerse cargo de la crisis del club Independiente; y al senador provincial&nbsp;<strong>Joaqu\u00edn De la Torre<\/strong>.<\/p>\n\n\n\n<p>Al respecto de esa terna es que Patricia Bullrich definir\u00e1 a su pre candidato a Gobernador antes de mediados de mayo. Aunque en caso de que&nbsp;<strong>Mar\u00eda Eugenia Vidal<\/strong>&nbsp;no compita en el \u00e1mbito nacional, su alfil bonaerense y ex ministro de Seguridad, Cristian Ritondo podr\u00eda ser de la partida de la ex montonera.<\/p>\n\n\n\n<p>Por el lado del larretismo, presionan con la figura de Diego Santilli y el caudal de votos recolectado en las elecciones de medio t\u00e9rmino, a la vez que refuerzan un discurso de moderaci\u00f3n y di\u00e1logo, permeable entre las mayoritarias intendencias radicales.<\/p>\n\n\n\n<p>En esa l\u00ednea se inscribi\u00f3 la participaci\u00f3n del &#8220;Colo&#8221; en el congreso provincial que la&nbsp;<strong>Coalici\u00f3n C\u00edvica<\/strong>&nbsp;realiz\u00f3 anteayer en&nbsp;<strong>Bragado<\/strong>, en el que adem\u00e1s se hizo presente el candidato a gobernador por la UCR,&nbsp;<strong>Maximiliano Abad<\/strong>.<\/p>\n\n\n\n<p><\/p>\n\n\n\n<blockquote class=\"wp-block-quote\">\n<p>Congreso de la&nbsp;<a href=\"https:\/\/twitter.com\/CCARIPba?ref_src=twsrc%5Etfw\">@CCARIPba<\/a>. En Bragado junto a&nbsp;<a href=\"https:\/\/twitter.com\/MaxiAbad?ref_src=twsrc%5Etfw\">@MaxiAbad<\/a>&nbsp;<a href=\"https:\/\/twitter.com\/diegosantilli?ref_src=twsrc%5Etfw\">@diegosantilli<\/a>,&nbsp;<a href=\"https:\/\/twitter.com\/AndresDeLeo?ref_src=twsrc%5Etfw\">@AndresDeLeo<\/a>,&nbsp;<a href=\"https:\/\/twitter.com\/Maxiferraro?ref_src=twsrc%5Etfw\">@Maxiferraro<\/a>&nbsp;y&nbsp;<a href=\"https:\/\/twitter.com\/JuanmaLopezAR?ref_src=twsrc%5Etfw\">@JuanmaLopezAR<\/a>&nbsp;seguimos trabajando por nuestra PBA, reafirmando el compromiso por la unidad para lograr una provincia con oportunidades, crecimiento, desarrollo y educaci\u00f3n&nbsp;<a href=\"https:\/\/t.co\/EXMgUTVXMp\">pic.twitter.com\/EXMgUTVXMp<\/a>\u2014 Maricel Etchecoin (@metchecoin)&nbsp;<a href=\"https:\/\/twitter.com\/metchecoin\/status\/1649849122566832129?ref_src=twsrc%5Etfw\">April 22, 2023<\/a><\/p>\n<\/blockquote>\n\n\n\n<p>En ese berenjenal se discurren las negociaciones del PRO bonaerense para alcanzar un acuerdo que permita definir una estrategia electoral, mientras que ven con resquemor tambi\u00e9n las definiciones en el frente oficialista.<\/p>\n\n\n\n<p>En particular, observan con cautela que el gobernador&nbsp;<strong>Axel Kicillof<\/strong>&nbsp;haya llamado a elecciones a la provincia para el&nbsp;<strong>13 de agosto<\/strong>, sin especificar si adem\u00e1s se realizar\u00e1n las generales. Frente al alza en las encuestas por parte del actual mandatario, temen que quiera desdoblar las mismas del \u00e1mbito nacional.<\/p>\n\n\n\n<p>&#8220;Entendemos que eso es un s\u00edmbolo de debilidad del oficialismo que pretende especular con la elecci\u00f3n de los bonaerenses seg\u00fan le convenga a su interna nacional&#8221;, sostuvo un protagonista de la reuni\u00f3n de hoy.<\/p>\n\n\n\n<p>En el caso -por ahora poco probable- de que Kicillof intente desdoblar las elecciones, ello podr\u00eda reconfigurar a su vez el armado en el PRO bonaerense, en tanto que uno de los temores entre los halcones tiene que ver con la fiscalizaci\u00f3n de los votos entre aquellos intendentes que ya mostraron su preferencia por Larreta. En ese sentido es que la titular del partido busca fortalecer armados propios en ciudades como La Plata, Bah\u00eda Blanca, San Isidro y Jun\u00edn, ante el fastidio de los intendentes locales.<\/p>\n\n\n\n<p>Fuente: Infocielo<\/p>\n","protected":false},"excerpt":{"rendered":"<div class=\"mh-excerpt\"><p>El&nbsp;PRO bonaerense&nbsp;llev\u00f3 a cabo este lunes una nueva reuni\u00f3n de dirigentes en el municipio de&nbsp;Lan\u00fas, al que asistieron los principales pre candidatos del espacio en medio de la fuerte interna que refleja en los territorios la disputa entre la titular del partido,&nbsp;Patricia Bullrich, y el jefe de Gobierno porte\u00f1o,&nbsp;Horacio Rodr\u00edguez Larreta. As\u00ed como el PRO bonaerense mantiene estos peri\u00f3dicos encuentros, adonde halcones y palomas cruzan sus miradas en torno a la estrategia electoral, cuando se estrecha la fecha para la definici\u00f3n de las listas todav\u00eda la tropa amarilla se encuentra lejos de un consenso. Hace poco m\u00e1s de un mes, <a class=\"mh-excerpt-more\" href=\"http:\/\/dsrmedios.com.ar\/diario\/archivos\/31714\" title=\"El PRO bonaerense volvi\u00f3 a reunir a sus pre candidatos\">[Leer m\u00e1s]<\/a><\/p>\n<\/div>","protected":false},"author":6,"featured_media":31715,"comment_status":"open","ping_status":"closed","sticky":false,"template":"","format":"standard","meta":{"_jetpack_newsletter_access":""},"categories":[6],"tags":[],"jetpack_featured_media_url":"http:\/\/dsrmedios.com.ar\/diario\/wp-content\/uploads\/2023\/04\/whatsapp-image-2023-04-24-at-193721jpeg.webp","jetpack_sharing_enabled":true,"jetpack_shortlink":"https:\/\/wp.me\/p9fihK-8fw","_links":{"self":[{"href":"http:\/\/dsrmedios.com.ar\/diario\/wp-json\/wp\/v2\/posts\/31714"}],"collection":[{"href":"http:\/\/dsrmedios.com.ar\/diario\/wp-json\/wp\/v2\/posts"}],"about":[{"href":"http:\/\/dsrmedios.com.ar\/diario\/wp-json\/wp\/v2\/types\/post"}],"author":[{"embeddable":true,"href":"http:\/\/dsrmedios.com.ar\/diario\/wp-json\/wp\/v2\/users\/6"}],"replies":[{"embeddable":true,"href":"http:\/\/dsrmedios.com.ar\/diario\/wp-json\/wp\/v2\/comments?post=31714"}],"version-history":[{"count":1,"href":"http:\/\/dsrmedios.com.ar\/diario\/wp-json\/wp\/v2\/posts\/31714\/revisions"}],"predecessor-version":[{"id":31716,"href":"http:\/\/dsrmedios.com.ar\/diario\/wp-json\/wp\/v2\/posts\/31714\/revisions\/31716"}],"wp:featuredmedia":[{"embeddable":true,"href":"http:\/\/dsrmedios.com.ar\/diario\/wp-json\/wp\/v2\/media\/31715"}],"wp:attachment":[{"href":"http:\/\/dsrmedios.com.ar\/diario\/wp-json\/wp\/v2\/media?parent=31714"}],"wp:term":[{"taxonomy":"category","embeddable":true,"href":"http:\/\/dsrmedios.com.ar\/diario\/wp-json\/wp\/v2\/categories?post=31714"},{"taxonomy":"post_tag","embeddable":true,"href":"http:\/\/dsrmedios.com.ar\/diario\/wp-json\/wp\/v2\/tags?post=31714"}],"curies":[{"name":"wp","href":"https:\/\/api.w.org\/{rel}","templated":true}]}}