{"id":31697,"date":"2023-04-24T16:37:00","date_gmt":"2023-04-24T19:37:00","guid":{"rendered":"http:\/\/dsrmedios.com.ar\/diario\/?p=31697"},"modified":"2023-04-24T16:37:03","modified_gmt":"2023-04-24T19:37:03","slug":"ara-san-juan-revisaran-el-sobreseimiento-de-mauricio-macri","status":"publish","type":"post","link":"http:\/\/dsrmedios.com.ar\/diario\/archivos\/31697","title":{"rendered":"Ara San Juan: Revisar\u00e1n el sobreseimiento de Mauricio Macri"},"content":{"rendered":"\n<p>La Sala II de la C\u00e1mara Federal de Casaci\u00f3n Penal revisar\u00e1 el&nbsp;<a href=\"https:\/\/infocielo.com\/mauricio-macri\/mauricio-macri-fue-sobreseido-el-espionaje-ilegal-y-lo-celebro-n742066\" target=\"_blank\" rel=\"noreferrer noopener\">desprocesamiento de Mauricio Macri<\/a>&nbsp;en la causa por presunto espionaje a familiares de las v\u00edctimas del naufragio del submarino ARA San Juan, luego de que el magistrado Carlos Mahiques fue desplazado del caso por presunta cercan\u00eda con el expresidente, informaron fuentes judiciales.<\/p>\n\n\n\n<p>La resoluci\u00f3n fue notificada este lunes a las partes, a quienes se les inform\u00f3 sobre la nueva integraci\u00f3n del tribunal: &#8220;H\u00e1gase saber a las partes que este Tribunal se encuentra integrado para intervenir en las presentes actuaciones por los doctores Angela E. Ledesma, Alejandro W. Slokar y el suscripto&#8221;, consign\u00f3 la resoluci\u00f3n firmada hoy por Guillermo Jorge Yacobucci.<\/p>\n\n\n\n<h2><\/h2>\n\n\n\n<p>Slokar reemplaza al camarista Mahiques, apartado de la causa tras ser recusado por la querella conformada por familiares de submarinistas representada por los abogados Valeria Carreras y Luis Tagliapietra, quienes&nbsp;<strong>le atribuyeron amistad con el expresidente y haber compartido con \u00e9l un espacio en un estadio durante el Mundial de F\u00fatbol de Qatar.<\/strong><\/p>\n\n\n\n<h2>\u00bfQui\u00e9n es Carlos Mahiques?<\/h2>\n\n\n\n<p>La familia Mahiques es una de tradici\u00f3n judicial, en la que&nbsp;<strong>Carlos Mahiques<\/strong>&nbsp;ostenta el cargo de juez del<strong>&nbsp;Tribunal de Casaci\u00f3n Penal<\/strong>, el m\u00e1ximo organismo sobre cuesti\u00f3n penal de la Argentina, previo a la Corte. Accedi\u00f3 al puesto sin haber concursado, por la directiva del Consejo de la Magistratura durante el gobierno de&nbsp;<strong>Mauricio Macri<\/strong>.<\/p>\n\n\n\n<p>Carlos Mahiques fue ministro de Seguridad y Justicia del gobierno de&nbsp;<strong>Mar\u00eda Eugenia Vidal<\/strong>&nbsp;en la provincia de Buenos Aires, puesto que estuvo solo por seis meses ya que sino deber\u00eda haber renunciado a su otro puesto vitalicio.<\/p>\n\n\n\n<p>En el&nbsp;<a href=\"https:\/\/infocielo.com\/escandalo\/quien-es-quien-el-escandalo-del-viaje-lago-escondido-n751984\" target=\"_blank\" rel=\"noreferrer noopener\">chat de viajeros a Lago Escondido<\/a>&nbsp;lo tutean como &#8220;Coco&#8221;, y es quien propon\u00eda hablar de espionaje ilegal para defenderse de las acusaciones en su contra. &#8220;Estar\u00eda bueno instalar la idea de un espionaje con intervenci\u00f3n de un organismo estatal de seguridad (la PSA) en los medios. Y enfatizar el fake de la noticia. Nos cargamos a la PSA&#8221;, manifestaba.<\/p>\n\n\n\n<p>Junto con \u00e9l, particip\u00f3 del c\u00f3nclave en la fastuosa mansi\u00f3n de Lewis su hijo&nbsp;<strong>Juan Bautista Mahiques&nbsp;<\/strong>(al fondo)<strong>,&nbsp;<\/strong>procurador de la Ciudad Aut\u00f3noma de Buenos Aires y por ende jefe de todos los fiscales porte\u00f1os.<\/p>\n\n\n\n<p>Antes de llegar al puesto de procurador, Juan Bautista Mahiques ocup\u00f3 una banca en el&nbsp;<strong>Consejo de la Magistratura<\/strong>&nbsp;designado por el gobierno de Mauricio Macri, momento en el que fue acusado por Cristina Kirchner de presionar a la jueza Ana Mar\u00eda Figueroa de la C\u00e1mara Federal de Casaci\u00f3n Penal en el marco de la causa por el memorandum con Ir\u00e1n.<\/p>\n\n\n\n<h2>La causa ARA SAN JUAN y las denuncias hacia Mauricio Macri<\/h2>\n\n\n\n<p>El submarino Ara San Juan se hundi\u00f3 el 15 de noviembre de 2017 frente al Golfo de San Jorge, cerca de Comodoro Rivadavia, cuando viajaba desde Ushuaia hacia la Base Naval de Mar del Plata.<\/p>\n\n\n\n<p>En ese marco, el expresidente Mauricio Macri hab\u00eda sido procesado por el juez federal de Dolores, Mart\u00edn Bava en los tribunales federales de Dolores, por haber &#8220;facilitado el espionaje ilegal&#8221;, que habr\u00eda tenido lugar entre diciembre de 2017 y finales de 2018.<\/p>\n\n\n\n<p>Tras analizar la prueba y tomarle declaraci\u00f3n, Bava estim\u00f3 que &#8220;prima facie&#8221; Macri era&nbsp;<strong>&#8220;penalmente responsable del delito de realizaci\u00f3n de acciones de inteligencia prohibidas en car\u00e1cter de autor en virtud de haber posibilitado la producci\u00f3n de tareas de inteligencia ilegal&#8221;.<\/strong><strong><\/strong><\/p>\n\n\n\n<p>Pero luego la C\u00e1mara Federal revoc\u00f3 esa medida. Los camaristas Pablo Bertuzzi, Leopoldo Bruglia y Mariano Llorens consideraron que el acercamiento de personal de seguridad de Macri a los familiares o averiguaciones sobre sus actividades ten\u00eda que ver con la seguridad presidencial. La decisi\u00f3n fue apelada y llev\u00f3 el sumario a la Sala II de Casaci\u00f3n en el que dio curso a la revisi\u00f3n.<\/p>\n\n\n\n<p>Por el hundimiento est\u00e1n procesados, por incumplimiento de los deberes de funcionario p\u00fablico y estrago culposo agravado, el marino Luis L\u00f3pez Mazzeo (Comando de Adiestramiento y Alistamiento), Claudio Villamide (Comando de la Fuerza de Submarinos), H\u00e9ctor Alonso (Jefe del Estado Mayor del Comando de Fuerza de Submarinos y Oficial Evaluador de Alistamiento) y Hugo Correa (Jefe del Departamento Operaciones).<\/p>\n\n\n\n<p>Fuente: Infocielo<\/p>\n","protected":false},"excerpt":{"rendered":"<div class=\"mh-excerpt\"><p>La Sala II de la C\u00e1mara Federal de Casaci\u00f3n Penal revisar\u00e1 el&nbsp;desprocesamiento de Mauricio Macri&nbsp;en la causa por presunto espionaje a familiares de las v\u00edctimas del naufragio del submarino ARA San Juan, luego de que el magistrado Carlos Mahiques fue desplazado del caso por presunta cercan\u00eda con el expresidente, informaron fuentes judiciales. La resoluci\u00f3n fue notificada este lunes a las partes, a quienes se les inform\u00f3 sobre la nueva integraci\u00f3n del tribunal: &#8220;H\u00e1gase saber a las partes que este Tribunal se encuentra integrado para intervenir en las presentes actuaciones por los doctores Angela E. Ledesma, Alejandro W. Slokar y el <a class=\"mh-excerpt-more\" href=\"http:\/\/dsrmedios.com.ar\/diario\/archivos\/31697\" title=\"Ara San Juan: Revisar\u00e1n el sobreseimiento de Mauricio Macri\">[Leer m\u00e1s]<\/a><\/p>\n<\/div>","protected":false},"author":6,"featured_media":4031,"comment_status":"open","ping_status":"closed","sticky":false,"template":"","format":"standard","meta":{"_jetpack_newsletter_access":""},"categories":[6],"tags":[],"jetpack_featured_media_url":"http:\/\/dsrmedios.com.ar\/diario\/wp-content\/uploads\/2018\/02\/macri.jpg","jetpack_sharing_enabled":true,"jetpack_shortlink":"https:\/\/wp.me\/p9fihK-8ff","_links":{"self":[{"href":"http:\/\/dsrmedios.com.ar\/diario\/wp-json\/wp\/v2\/posts\/31697"}],"collection":[{"href":"http:\/\/dsrmedios.com.ar\/diario\/wp-json\/wp\/v2\/posts"}],"about":[{"href":"http:\/\/dsrmedios.com.ar\/diario\/wp-json\/wp\/v2\/types\/post"}],"author":[{"embeddable":true,"href":"http:\/\/dsrmedios.com.ar\/diario\/wp-json\/wp\/v2\/users\/6"}],"replies":[{"embeddable":true,"href":"http:\/\/dsrmedios.com.ar\/diario\/wp-json\/wp\/v2\/comments?post=31697"}],"version-history":[{"count":1,"href":"http:\/\/dsrmedios.com.ar\/diario\/wp-json\/wp\/v2\/posts\/31697\/revisions"}],"predecessor-version":[{"id":31698,"href":"http:\/\/dsrmedios.com.ar\/diario\/wp-json\/wp\/v2\/posts\/31697\/revisions\/31698"}],"wp:featuredmedia":[{"embeddable":true,"href":"http:\/\/dsrmedios.com.ar\/diario\/wp-json\/wp\/v2\/media\/4031"}],"wp:attachment":[{"href":"http:\/\/dsrmedios.com.ar\/diario\/wp-json\/wp\/v2\/media?parent=31697"}],"wp:term":[{"taxonomy":"category","embeddable":true,"href":"http:\/\/dsrmedios.com.ar\/diario\/wp-json\/wp\/v2\/categories?post=31697"},{"taxonomy":"post_tag","embeddable":true,"href":"http:\/\/dsrmedios.com.ar\/diario\/wp-json\/wp\/v2\/tags?post=31697"}],"curies":[{"name":"wp","href":"https:\/\/api.w.org\/{rel}","templated":true}]}}