{"id":31693,"date":"2023-04-24T14:52:48","date_gmt":"2023-04-24T17:52:48","guid":{"rendered":"http:\/\/dsrmedios.com.ar\/diario\/?p=31693"},"modified":"2023-04-24T14:52:50","modified_gmt":"2023-04-24T17:52:50","slug":"el-fiscal-diego-luciani-apelo-el-fallo-de-la-causa-vialidad-y-pidio-que-cristina-kirchner-sea-condenada-por-asociacion-ilicita","status":"publish","type":"post","link":"http:\/\/dsrmedios.com.ar\/diario\/archivos\/31693","title":{"rendered":"El fiscal Diego Luciani apel\u00f3 el fallo de la causa Vialidad y pidi\u00f3 que Cristina Kirchner sea condenada por asociaci\u00f3n il\u00edcita"},"content":{"rendered":"\n<p>El fiscal federal&nbsp;<strong>Diego Luciani&nbsp;<\/strong>y la defensa de la vicepresidenta de la Naci\u00f3n,&nbsp;<strong>Cristina Kirchner<\/strong>, apelaron hoy el fallo que en diciembre pasado el Tribunal Oral Federal 2 por el caso de la obra p\u00fablica. La Fiscal\u00eda pidi\u00f3 que se agrave la condena de la ex presidenta por el delito de asociaci\u00f3n il\u00edcita, por el que en el juicio fue absuelta. En tanto, la defensa, a cargo del abogado&nbsp;<strong>Alberto Beraldi<\/strong>, reclam\u00f3 que se revoque la condena a seis a\u00f1os de prisi\u00f3n e inhabilitaci\u00f3n perpetua para ejercer cargos p\u00fablicos por administraci\u00f3n fraudulenta.<\/p>\n\n\n\n<p>Fuentes judiciales informaron a&nbsp;<strong>Infobae&nbsp;<\/strong>que as\u00ed lo plantearon en sus escritos. Luciani lo hizo una presentaci\u00f3n de 525 p\u00e1ginas y la defensa de Cristina Kirchner en otra de 395. Lo hicieron ante el vencimiento del plazo que es el mi\u00e9rcoles a las 9:30 horas. Las apelaciones deber\u00e1n ser analizadas por la C\u00e1mara Federal de Casaci\u00f3n Penal.<\/p>\n\n\n\n<p><strong>\u201cLa condena dictada en contra de Cristina Fern\u00e1ndez de Kirchner no cuenta con pruebas directas que la avalen, sino antes bien se bas\u00f3 en una serie de circunstancias que los magistrados calificaron como indicios\u201d,<\/strong>&nbsp;sostuvo su defensa. En tanto, la Fiscal\u00eda plante\u00f3 que&nbsp;<strong>\u201clas grav\u00edsimas circunstancias f\u00e1cticas comprobadas por el Tribunal se ajustan, sin mayores esfuerzos, a las exigencias del tipo penal de asociaci\u00f3n il\u00edcita\u201d.<\/strong><\/p>\n\n\n\n<p>En diciembre pasado, los jueces Jorge Gorini, Rodrigo Gim\u00e9nez Uriburu y Andr\u00e9s Basso condenaron a Cristina Kirchner. Junto con la vicepresidenta fueron condenados el empresario&nbsp;<strong>L\u00e1zaro B\u00e1ez<\/strong>, el ex secretario de Obras P\u00fablicas&nbsp;<strong>Jos\u00e9 L\u00f3pez<\/strong>, el ex titular de la Direcci\u00f3n Nacional de Vialidad&nbsp;<strong>Nelson Periotti<\/strong>&nbsp;y cinco ex funcionarios de Santa Cruz a penas de entre seis y tres a\u00f1os de prisi\u00f3n. Adem\u00e1s, el Tribunal dispuso el decomiso de 84 mil millones de pesos, monto de la defraudaci\u00f3n al estado por las obras viales que las empresas de B\u00e1ez recibieron para Santa Cruz. En tanto, fueron absueltos el ex ministro de Planificaci\u00f3n Federal&nbsp;<strong>Julio De Vido<\/strong>, los ex funcionarios de esa cartera&nbsp;<strong>Abel Fatala&nbsp;<\/strong>y&nbsp;<strong>Carlos Santiago Kirchner<\/strong>&nbsp;y el ex funcionario de Santa Cruz&nbsp;<strong>H\u00e9ctor Garro<\/strong>.<\/p>\n\n\n\n<p>En el caso se analizaron las 51 obras p\u00fablicas viales que las empresas de B\u00e1ez recibieron para Santa Cruz durante los gobiernos de N\u00e9stor y Cristina Kirchner. Para el tribunal hubo corrupci\u00f3n. Tuvieron una disidencia. Gim\u00e9nez Uriburu y Gorini entendieron que en el caso no se dio el delito de asociaci\u00f3n il\u00edcita, Basso vot\u00f3 por condenar por ese delito.<\/p>\n\n\n\n<p><img decoding=\"async\" loading=\"lazy\" alt=\"Cristina Kichner y su abogado Alberto Berladi en la primera audiencia del juicio oral\" height=\"1080\" width=\"1920\" class=\"\" src=\"https:\/\/cloudfront-us-east-1.images.arcpublishing.com\/infobae\/KFYNRSCJXZEGTPIWDYSFKIACDE.jpg\" srcset=\"https:\/\/www.infobae.com\/new-resizer\/g2ZNoMoFrHqQokIw8-RUJngHc5Y=\/420x236\/filters:format(webp):quality(85)\/cloudfront-us-east-1.images.arcpublishing.com\/infobae\/KFYNRSCJXZEGTPIWDYSFKIACDE.jpg 420w,https:\/\/www.infobae.com\/new-resizer\/tzNbJrwKAxncAxA7hSvyD_or7TU=\/768x432\/filters:format(webp):quality(85)\/cloudfront-us-east-1.images.arcpublishing.com\/infobae\/KFYNRSCJXZEGTPIWDYSFKIACDE.jpg 768w,https:\/\/www.infobae.com\/new-resizer\/LG57ZSk2DFuC-u4F6CZQm3gaDvo=\/992x558\/filters:format(webp):quality(85)\/cloudfront-us-east-1.images.arcpublishing.com\/infobae\/KFYNRSCJXZEGTPIWDYSFKIACDE.jpg 992w,https:\/\/www.infobae.com\/new-resizer\/M-f17q-qqVjpererLDGEfisCm3s=\/1200x675\/filters:format(webp):quality(85)\/cloudfront-us-east-1.images.arcpublishing.com\/infobae\/KFYNRSCJXZEGTPIWDYSFKIACDE.jpg 1200w,https:\/\/www.infobae.com\/new-resizer\/YfHxWvYeOixceaNe2YKD9_2Q6hU=\/1440x810\/filters:format(webp):quality(85)\/cloudfront-us-east-1.images.arcpublishing.com\/infobae\/KFYNRSCJXZEGTPIWDYSFKIACDE.jpg 1440w\">Cristina Kichner y su abogado Alberto Berladi en la primera audiencia del juicio oral<\/p>\n\n\n\n<p><em>Te puede interesar:&nbsp;<\/em><a href=\"https:\/\/www.infobae.com\/judiciales\/2023\/04\/17\/causa-vialidad-dos-ex-funcionarios-de-santa-cruz-ya-apelaron-sus-condenas\/\" target=\"_blank\" rel=\"noreferrer noopener\">Causa Vialidad: dos ex funcionarios de Santa Cruz ya apelaron sus condenas<\/a><\/p>\n\n\n\n<p>En su apelaci\u00f3n, el fiscal Luciani no solo pidi\u00f3 que Cristina Kirchner sea condena por asociaci\u00f3n il\u00edcita. Tambi\u00e9n que por ese delito lo sean B\u00e1ez, L\u00f3pez y Periotti y que se revoquen las absoluciones de De Vido, Fatala y Garro.<\/p>\n\n\n\n<p>\u201cLa contundente sentencia del Tribunal mostr\u00f3 de manera palmaria el acto de corrupci\u00f3n m\u00e1s grave de la historia de nuestro pa\u00eds desde el advenimiento de la democracia. Y esto lo decimos con profundo pesar porque, lamentablemente, es una realidad indiscutible\u201d, se\u00f1al\u00f3 Luciani en su presentaci\u00f3n y agreg\u00f3 que no entiende por qu\u00e9 no se conden\u00f3 por asociaci\u00f3n il\u00edcita.<\/p>\n\n\n\n<p><strong>\u201cNo lo entendemos porque las grav\u00edsimas circunstancias f\u00e1cticas comprobadas por el Tribunal se ajustan, sin mayores esfuerzos, a las exigencias del tipo penal de asociaci\u00f3n il\u00edcita.<\/strong>&nbsp;Para que se entienda bien, se trataba de un \u00b4traje a medida\u00b4 y la mayor\u00eda del Tribunal convirti\u00f3 esta figura en un \u00b4traje estrecho\u00b4 o, peor a\u00fan, en un tipo penal pr\u00e1cticamente inaplicable para casos de corrupci\u00f3n en la Administraci\u00f3n p\u00fablica\u201d, sostuvo y calific\u00f3 como \u201cinadmisible\u201d que no se haya condenado por asociaci\u00f3n il\u00edcita.<\/p>\n\n\n\n<p>Por su parte, al defensa de la vicepresidenta plante\u00f3 que el tribunal oral la conden\u00f3 sin pruebas.&nbsp;<strong>\u201cLa condena dictada en contra de Cristina Fern\u00e1ndez de Kirchner no cuenta con pruebas directas que la avalen, sino antes bien se bas\u00f3 en una serie de circunstancias que los magistrados calificaron como indicios\u201d,<\/strong>&nbsp;sostuvo Beraldi junto a su colega&nbsp;<strong>Ary Llernovoy&nbsp;<\/strong>que agregaron que \u201cla falta de pruebas de cargo en contra de nuestra representada no obedece a los pretextos ensayados por el tribunal, sino es consecuencia directa e inmediata de que, como fue acreditado en el juicio, Cristina Fern\u00e1ndez de Kirchner es absolutamente inocente del supuesto delito por el cual injustamente fue condenada\u201d.<\/p>\n\n\n\n<p>\u201cBasta con repasar los t\u00edtulos de los diarios o los registros de causas judiciales de los \u00faltimos quince a\u00f1os para constatar que Cristina Fern\u00e1ndez de Kirchner es, sin lugar a dudas, la persona que m\u00e1s ha sido acosada mediante denuncias en toda la historia argentina\u201d, sostuvieron los abogados en otro tramo y criticaron al tribunal porque en el juicio \u201crechaz\u00f3 m\u00e1s del ochenta por cierto de la prueba ofrecida por nuestra parte, en particular, la casi totalidad de los estudios periciales que resultan ineludibles en esta clase de procesos\u201d.<\/p>\n\n\n\n<p>Con las apelaciones presentadas -resta que las presenten otras partes para lo que tienen tiempo hasta el mi\u00e9rcoles a las 9:30 horas- los jueces remitir\u00e1n el expediente a la C\u00e1mara Federal de Casaci\u00f3n Penal. All\u00ed un primer paso es que se confirme la integraci\u00f3n de Casaci\u00f3n. En la causa interviene la Sala IV con los jueces&nbsp;<strong>Mariano Borinsky, Gustavo Hornos y Javier Carbajo<\/strong>. Los dos primeros son muy criticados por el kirchnerismo por sus visitas al ex presidente Mauricio Macri. Borinsky y Carbajo tambi\u00e9n intervinieron en la confirmaci\u00f3n de la condena de B\u00e1ez por lavado de dinero y la redujo a 10 a\u00f1os. En ese caso se analiz\u00f3 la obra p\u00fablica que recibi\u00f3 el empresario de Cristina Kirchner. Son hechos que pueden llevar a las partes a recusar a los jueces, lo que demandar\u00e1 m\u00e1s tiempo la resoluci\u00f3n del caso.<\/p>\n\n\n\n<p>Luego el tribunal deber\u00e1 convocar a una audiencia con todas las partes para que escuchar sus argumentos. Con lo extenso y complejo del expediente y por los plazos, todo indica que la decisi\u00f3n no ser\u00e1 este 2023 de elecciones presidenciales, sino que quedar\u00e1 para el a\u00f1o que viene.<\/p>\n\n\n\n<p>Fuente: Infobae<\/p>\n","protected":false},"excerpt":{"rendered":"<div class=\"mh-excerpt\"><p>El fiscal federal&nbsp;Diego Luciani&nbsp;y la defensa de la vicepresidenta de la Naci\u00f3n,&nbsp;Cristina Kirchner, apelaron hoy el fallo que en diciembre pasado el Tribunal Oral Federal 2 por el caso de la obra p\u00fablica. La Fiscal\u00eda pidi\u00f3 que se agrave la condena de la ex presidenta por el delito de asociaci\u00f3n il\u00edcita, por el que en el juicio fue absuelta. En tanto, la defensa, a cargo del abogado&nbsp;Alberto Beraldi, reclam\u00f3 que se revoque la condena a seis a\u00f1os de prisi\u00f3n e inhabilitaci\u00f3n perpetua para ejercer cargos p\u00fablicos por administraci\u00f3n fraudulenta. Fuentes judiciales informaron a&nbsp;Infobae&nbsp;que as\u00ed lo plantearon en sus escritos. Luciani <a class=\"mh-excerpt-more\" href=\"http:\/\/dsrmedios.com.ar\/diario\/archivos\/31693\" title=\"El fiscal Diego Luciani apel\u00f3 el fallo de la causa Vialidad y pidi\u00f3 que Cristina Kirchner sea condenada por asociaci\u00f3n il\u00edcita\">[Leer m\u00e1s]<\/a><\/p>\n<\/div>","protected":false},"author":6,"featured_media":31694,"comment_status":"open","ping_status":"closed","sticky":false,"template":"","format":"standard","meta":{"_jetpack_newsletter_access":""},"categories":[6],"tags":[],"jetpack_featured_media_url":"http:\/\/dsrmedios.com.ar\/diario\/wp-content\/uploads\/2023\/04\/descarga-43.jpg","jetpack_sharing_enabled":true,"jetpack_shortlink":"https:\/\/wp.me\/p9fihK-8fb","_links":{"self":[{"href":"http:\/\/dsrmedios.com.ar\/diario\/wp-json\/wp\/v2\/posts\/31693"}],"collection":[{"href":"http:\/\/dsrmedios.com.ar\/diario\/wp-json\/wp\/v2\/posts"}],"about":[{"href":"http:\/\/dsrmedios.com.ar\/diario\/wp-json\/wp\/v2\/types\/post"}],"author":[{"embeddable":true,"href":"http:\/\/dsrmedios.com.ar\/diario\/wp-json\/wp\/v2\/users\/6"}],"replies":[{"embeddable":true,"href":"http:\/\/dsrmedios.com.ar\/diario\/wp-json\/wp\/v2\/comments?post=31693"}],"version-history":[{"count":1,"href":"http:\/\/dsrmedios.com.ar\/diario\/wp-json\/wp\/v2\/posts\/31693\/revisions"}],"predecessor-version":[{"id":31695,"href":"http:\/\/dsrmedios.com.ar\/diario\/wp-json\/wp\/v2\/posts\/31693\/revisions\/31695"}],"wp:featuredmedia":[{"embeddable":true,"href":"http:\/\/dsrmedios.com.ar\/diario\/wp-json\/wp\/v2\/media\/31694"}],"wp:attachment":[{"href":"http:\/\/dsrmedios.com.ar\/diario\/wp-json\/wp\/v2\/media?parent=31693"}],"wp:term":[{"taxonomy":"category","embeddable":true,"href":"http:\/\/dsrmedios.com.ar\/diario\/wp-json\/wp\/v2\/categories?post=31693"},{"taxonomy":"post_tag","embeddable":true,"href":"http:\/\/dsrmedios.com.ar\/diario\/wp-json\/wp\/v2\/tags?post=31693"}],"curies":[{"name":"wp","href":"https:\/\/api.w.org\/{rel}","templated":true}]}}