{"id":31666,"date":"2023-04-24T07:48:00","date_gmt":"2023-04-24T10:48:00","guid":{"rendered":"http:\/\/dsrmedios.com.ar\/diario\/?p=31666"},"modified":"2023-04-24T07:48:04","modified_gmt":"2023-04-24T10:48:04","slug":"la-inflacion-golpea-la-escolaridad-en-la-argentina-las-inscripcion-en-algunos-jardines-de-infantes-bajo-hasta-un-20","status":"publish","type":"post","link":"http:\/\/dsrmedios.com.ar\/diario\/archivos\/31666","title":{"rendered":"La Inflaci\u00f3n golpea la escolaridad en la Argentina: las inscripci\u00f3n en algunos jardines de infantes baj\u00f3 hasta un 20%"},"content":{"rendered":"\n<p>Los&nbsp;<strong>jardines de infantes<\/strong>&nbsp;en la&nbsp;<strong><a href=\"https:\/\/elintransigente.com\/tag\/argentina\/\" target=\"_blank\" rel=\"noreferrer noopener\">Argentina<\/a>&nbsp;<\/strong>han bajado la matriculaci\u00f3n este a\u00f1o con respecto al 2022 debido a la&nbsp;<strong><a href=\"https:\/\/elintransigente.com\/tag\/inflacion\/\" target=\"_blank\" rel=\"noreferrer noopener\">inflaci\u00f3n<\/a><\/strong>&nbsp;y los salarios atrasados que no pueden enfrentar los costos de traslado y cuota que implica la educaci\u00f3n inicial. En ese marco, nacieron otros establecimientos semiilegales, donde algunos padres deben recurrir ante la falta de cupos en colegios estatales.<\/p>\n\n\n\n<p>\u00abHay una crisis que tiene que ver con diversos factores, en especial, de la crisis econ\u00f3mica porque hay una baja de la matriculaci\u00f3n, sobre todo, en los sectores que quiz\u00e1s no es obligatorio como la salita de 3 a\u00f1os. Por ejemplo, hubo un jard\u00edn (Semillitas de Villa Maip\u00fa) que ten\u00eda 25 chicos en 2022 y hoy en 2023 comenz\u00f3 con 10. De hecho algunas instituciones m\u00e1s grandes directamente est\u00e1n cerrando estos espacios\u00bb, expres\u00f3 la periodista que presentaba la noticia en La Naci\u00f3n+.<\/p>\n\n\n\n<p>\u00abPor otra parte, alertan sobre los jardines blue que nacieron a partir de la pandemia, donde muchos padres accedieron a esos espacios con valores econ\u00f3micos y mucho m\u00e1s accesibles. Algunos lugares tienen alg\u00fan tipo de habilitaci\u00f3n, pero son m\u00e1s baratos porque no pagan seguros de docentes\u00bb, argument\u00f3 la cronista del canal.<\/p>\n\n\n\n<p>Luego, el conductor del noticiero,&nbsp;<strong><a href=\"https:\/\/twitter.com\/edserenellini\" target=\"_blank\" rel=\"noreferrer noopener\">Eduardo Serenellini<\/a><\/strong>, sum\u00f3 otros datos al contexto: \u00abSi yo tengo educaci\u00f3n publica estatal necesito tener la mayor cantidad de espacios para que esto no ocurra. Por ejemplo, de Palermo a caballito ser\u00e1n 15 minutos de viaje\u2026, bueno, llevar a un chiquito ida y vuelta te sale 30.000 pesos con la combi escolar y es el mismo valor que cobraba el a\u00f1o pasado \u00bfEse chico c\u00f3mo va al colegio?\u00bb.<\/p>\n\n\n\n<p>\u00abHay un barrio que se llama Nicole en la Ruta 3 que no pasan ni colectivos ni ambulancias. Hay mucha gente que tiene criaturas y deben ir a la escuela o el jard\u00edn, por lo tanto, si no tienen transporte deben ir caminando, en bicicleta o remises con autos de la d\u00e9cada del 70 u 80\u00bb, explic\u00f3 Serenellini decepcionado por la falta de pol\u00edticas eficientes en educaci\u00f3n y transporte p\u00fablico.<\/p>\n\n\n\n<p>Fuente: El Intransigente<\/p>\n","protected":false},"excerpt":{"rendered":"<div class=\"mh-excerpt\"><p>Los&nbsp;jardines de infantes&nbsp;en la&nbsp;Argentina&nbsp;han bajado la matriculaci\u00f3n este a\u00f1o con respecto al 2022 debido a la&nbsp;inflaci\u00f3n&nbsp;y los salarios atrasados que no pueden enfrentar los costos de traslado y cuota que implica la educaci\u00f3n inicial. En ese marco, nacieron otros establecimientos semiilegales, donde algunos padres deben recurrir ante la falta de cupos en colegios estatales. \u00abHay una crisis que tiene que ver con diversos factores, en especial, de la crisis econ\u00f3mica porque hay una baja de la matriculaci\u00f3n, sobre todo, en los sectores que quiz\u00e1s no es obligatorio como la salita de 3 a\u00f1os. Por ejemplo, hubo un jard\u00edn (Semillitas de <a class=\"mh-excerpt-more\" href=\"http:\/\/dsrmedios.com.ar\/diario\/archivos\/31666\" title=\"La Inflaci\u00f3n golpea la escolaridad en la Argentina: las inscripci\u00f3n en algunos jardines de infantes baj\u00f3 hasta un 20%\">[Leer m\u00e1s]<\/a><\/p>\n<\/div>","protected":false},"author":6,"featured_media":3308,"comment_status":"open","ping_status":"closed","sticky":false,"template":"","format":"standard","meta":{"_jetpack_newsletter_access":""},"categories":[6],"tags":[],"jetpack_featured_media_url":"http:\/\/dsrmedios.com.ar\/diario\/wp-content\/uploads\/2018\/01\/escuela.jpg","jetpack_sharing_enabled":true,"jetpack_shortlink":"https:\/\/wp.me\/p9fihK-8eK","_links":{"self":[{"href":"http:\/\/dsrmedios.com.ar\/diario\/wp-json\/wp\/v2\/posts\/31666"}],"collection":[{"href":"http:\/\/dsrmedios.com.ar\/diario\/wp-json\/wp\/v2\/posts"}],"about":[{"href":"http:\/\/dsrmedios.com.ar\/diario\/wp-json\/wp\/v2\/types\/post"}],"author":[{"embeddable":true,"href":"http:\/\/dsrmedios.com.ar\/diario\/wp-json\/wp\/v2\/users\/6"}],"replies":[{"embeddable":true,"href":"http:\/\/dsrmedios.com.ar\/diario\/wp-json\/wp\/v2\/comments?post=31666"}],"version-history":[{"count":1,"href":"http:\/\/dsrmedios.com.ar\/diario\/wp-json\/wp\/v2\/posts\/31666\/revisions"}],"predecessor-version":[{"id":31667,"href":"http:\/\/dsrmedios.com.ar\/diario\/wp-json\/wp\/v2\/posts\/31666\/revisions\/31667"}],"wp:featuredmedia":[{"embeddable":true,"href":"http:\/\/dsrmedios.com.ar\/diario\/wp-json\/wp\/v2\/media\/3308"}],"wp:attachment":[{"href":"http:\/\/dsrmedios.com.ar\/diario\/wp-json\/wp\/v2\/media?parent=31666"}],"wp:term":[{"taxonomy":"category","embeddable":true,"href":"http:\/\/dsrmedios.com.ar\/diario\/wp-json\/wp\/v2\/categories?post=31666"},{"taxonomy":"post_tag","embeddable":true,"href":"http:\/\/dsrmedios.com.ar\/diario\/wp-json\/wp\/v2\/tags?post=31666"}],"curies":[{"name":"wp","href":"https:\/\/api.w.org\/{rel}","templated":true}]}}