{"id":31658,"date":"2023-04-24T07:43:12","date_gmt":"2023-04-24T10:43:12","guid":{"rendered":"http:\/\/dsrmedios.com.ar\/diario\/?p=31658"},"modified":"2023-04-24T07:43:16","modified_gmt":"2023-04-24T10:43:16","slug":"juan-grabois-denuncio-que-sergio-massa-no-esta-enviando-la-ayuda-social-y-pidio-que-actue-la-justicia-contra-el","status":"publish","type":"post","link":"http:\/\/dsrmedios.com.ar\/diario\/archivos\/31658","title":{"rendered":"Juan Grabois denunci\u00f3 que Sergio Massa no est\u00e1 enviando la ayuda social y pidi\u00f3 que act\u00fae la Justicia contra \u00e9l"},"content":{"rendered":"\n<p>Las internas en el&nbsp;<strong><a href=\"https:\/\/www.argentina.gob.ar\/\" target=\"_blank\" rel=\"noreferrer noopener\">Gobierno<\/a>&nbsp;<\/strong>siguen d\u00eda a d\u00eda y ahora el precandidato a presidente&nbsp;<strong><a href=\"https:\/\/elintransigente.com\/tag\/juan-grabois\/\" target=\"_blank\" rel=\"noreferrer noopener\">Juan Grabois<\/a><\/strong>&nbsp;lanz\u00f3 una dura denuncia contra&nbsp;<strong><a href=\"https:\/\/elintransigente.com\/tag\/sergio-massa\/\" target=\"_blank\" rel=\"noreferrer noopener\">Sergio Massa<\/a><\/strong>, ministro de Econom\u00eda. El titular del Frente Patria Grande acus\u00f3 al dirigente del Frente Renovador de no enviar la ayuda social, como alimento o dinero, a los sectores m\u00e1s vulnerables de la sociedad y quiere que la&nbsp;<strong>Justicia&nbsp;<\/strong>lo cite a declarar.<\/p>\n\n\n\n<p>Precisamente, el l\u00edder del MTE confes\u00f3 que \u00abuna ministra de este gobierno me dijo que&nbsp;<strong>un ministro de este gobierno no manda las partidas de alimentaci\u00f3n<\/strong>, cooperativas y urbanizaci\u00f3n de barrios porque no le gusta lo que yo le digo en televisi\u00f3n\u00bb en una clara referencia a Victoria Tolosa Paz, ministra de Desarrollo Social, sobre Massa.<\/p>\n\n\n\n<p>\u00abMe lo dijo una ministra, no un pibe de la esquina. Lo digo porque no tengo nada que ocultar, ni intereses personales. Veo tan nivel de&nbsp;<strong>maldad, crueldad y desidia<\/strong>&nbsp;en el staff permanente de la pol\u00edtica que estoy muy firme con lo que estamos planteando.&nbsp;<strong>No est\u00e1 entregando las partidas de ayuda social porque no le gusta que lo critiquemos en la televisi\u00f3n<\/strong>\u00ab; arremeti\u00f3 Juan Grabois en C5N.<\/p>\n\n\n\n<p>En este contexto, afirm\u00f3 que \u00ab<strong>si alg\u00fan fiscal lo quiere judicializar, voy a declarar y cuento todo lo que me dijeron<\/strong>. Ya se los dije a varios. Los proyectos productivos no se est\u00e1n pagando, los alimentos no est\u00e1n llegando. O uno o el otro est\u00e1 mintiendo. Cualquiera de las dos situaciones es de una gran gravedad para el pa\u00eds. Eso es lo que est\u00e1 pasando en la Argentina\u00bb, sentenci\u00f3.<\/p>\n\n\n\n<h3 id=\"h-mas-de-juan-grabois-contra-sergio-massa\">M\u00e1s de Juan Grabois contra Sergio Massa<\/h3>\n\n\n\n<p>Por otro lado, pero continuando con las cr\u00edticas, Grabois cuestion\u00f3 el rol del titular del Palacio de Hacienda en su gesti\u00f3n. \u00abSi sos ministro hace seis meses\u00a0<strong>no te vayas cinco veces a Estados Unidos<\/strong>. Que no vengan a inspeccionar el reactor nuclear si no les gustan las inversiones de China. Veo un \u2018s\u00faper ministro\u2019 que hace lo contrario a lo que hizo Cristina, que fue estatizar YPF, nacionalizar las AFJP, dar la pelea contra los poderes f\u00e1cticos y enfrentar a la mafia judicial\u00bb, cerr\u00f3.<\/p>\n\n\n\n<p>Fuente: El Intransigente<\/p>\n","protected":false},"excerpt":{"rendered":"<div class=\"mh-excerpt\"><p>Las internas en el&nbsp;Gobierno&nbsp;siguen d\u00eda a d\u00eda y ahora el precandidato a presidente&nbsp;Juan Grabois&nbsp;lanz\u00f3 una dura denuncia contra&nbsp;Sergio Massa, ministro de Econom\u00eda. El titular del Frente Patria Grande acus\u00f3 al dirigente del Frente Renovador de no enviar la ayuda social, como alimento o dinero, a los sectores m\u00e1s vulnerables de la sociedad y quiere que la&nbsp;Justicia&nbsp;lo cite a declarar. Precisamente, el l\u00edder del MTE confes\u00f3 que \u00abuna ministra de este gobierno me dijo que&nbsp;un ministro de este gobierno no manda las partidas de alimentaci\u00f3n, cooperativas y urbanizaci\u00f3n de barrios porque no le gusta lo que yo le digo en televisi\u00f3n\u00bb <a class=\"mh-excerpt-more\" href=\"http:\/\/dsrmedios.com.ar\/diario\/archivos\/31658\" title=\"Juan Grabois denunci\u00f3 que Sergio Massa no est\u00e1 enviando la ayuda social y pidi\u00f3 que act\u00fae la Justicia contra \u00e9l\">[Leer m\u00e1s]<\/a><\/p>\n<\/div>","protected":false},"author":6,"featured_media":31659,"comment_status":"open","ping_status":"closed","sticky":false,"template":"","format":"standard","meta":{"_jetpack_newsletter_access":""},"categories":[6],"tags":[],"jetpack_featured_media_url":"http:\/\/dsrmedios.com.ar\/diario\/wp-content\/uploads\/2023\/04\/RM5YBVBSOJFSJNUSRGSEQTP4KQ.jpg","jetpack_sharing_enabled":true,"jetpack_shortlink":"https:\/\/wp.me\/p9fihK-8eC","_links":{"self":[{"href":"http:\/\/dsrmedios.com.ar\/diario\/wp-json\/wp\/v2\/posts\/31658"}],"collection":[{"href":"http:\/\/dsrmedios.com.ar\/diario\/wp-json\/wp\/v2\/posts"}],"about":[{"href":"http:\/\/dsrmedios.com.ar\/diario\/wp-json\/wp\/v2\/types\/post"}],"author":[{"embeddable":true,"href":"http:\/\/dsrmedios.com.ar\/diario\/wp-json\/wp\/v2\/users\/6"}],"replies":[{"embeddable":true,"href":"http:\/\/dsrmedios.com.ar\/diario\/wp-json\/wp\/v2\/comments?post=31658"}],"version-history":[{"count":1,"href":"http:\/\/dsrmedios.com.ar\/diario\/wp-json\/wp\/v2\/posts\/31658\/revisions"}],"predecessor-version":[{"id":31660,"href":"http:\/\/dsrmedios.com.ar\/diario\/wp-json\/wp\/v2\/posts\/31658\/revisions\/31660"}],"wp:featuredmedia":[{"embeddable":true,"href":"http:\/\/dsrmedios.com.ar\/diario\/wp-json\/wp\/v2\/media\/31659"}],"wp:attachment":[{"href":"http:\/\/dsrmedios.com.ar\/diario\/wp-json\/wp\/v2\/media?parent=31658"}],"wp:term":[{"taxonomy":"category","embeddable":true,"href":"http:\/\/dsrmedios.com.ar\/diario\/wp-json\/wp\/v2\/categories?post=31658"},{"taxonomy":"post_tag","embeddable":true,"href":"http:\/\/dsrmedios.com.ar\/diario\/wp-json\/wp\/v2\/tags?post=31658"}],"curies":[{"name":"wp","href":"https:\/\/api.w.org\/{rel}","templated":true}]}}