{"id":31640,"date":"2023-04-24T07:22:29","date_gmt":"2023-04-24T10:22:29","guid":{"rendered":"http:\/\/dsrmedios.com.ar\/diario\/?p=31640"},"modified":"2023-04-24T07:22:33","modified_gmt":"2023-04-24T10:22:33","slug":"hoy-se-presentara-el-plan-estrategico-participativo-para-potenciar-el-desarrollo-turistico","status":"publish","type":"post","link":"http:\/\/dsrmedios.com.ar\/diario\/archivos\/31640","title":{"rendered":"<strong>Hoy se presentar\u00e1 el Plan Estrat\u00e9gico Participativo para potenciar el Desarrollo\u00a0Tur\u00edstico<\/strong>"},"content":{"rendered":"\n<h2>La Municipalidad de Adolfo Alsina, a trav\u00e9s de la secretar\u00eda de Turismo invita a toda la comunidad del Distrito a ser parte&nbsp; de la presentaci\u00f3n Plan Estrat\u00e9gico Participativo de Turismo Sustentable. Ser\u00e1 hoy a las 14:00 horas en la Casa de la Cultura -Mitre y Urquiza &#8211; de Carhu\u00e9.<br><br>&nbsp;<br>Considerado un evento de relevancia por los equipos profesionales que brindar\u00e1n la capacitaci\u00f3n, la Presentaci\u00f3n del Plan Estrat\u00e9gico Participativo de Turismo Sustentable Carhue 2030 tendr\u00e1 como objetivo planificar la oferta y la calidad de los servicios, preservar los recursos que le dan soporte a la actividad, y marcar el crecimiento sustentable del destino entendiendo al turismo como motor de desarrollo econ\u00f3mico,&nbsp; social y cultural.&nbsp;<br>&nbsp;<br>&nbsp;<br>Dar\u00e1 inicio con la ejecuci\u00f3n del proyecto \u201cRe dise\u00f1o de marca tur\u00edstica y digitalizaci\u00f3n de atractivos de destino para potenciar la oferta y atracci\u00f3n del destino\u201d financiado por el Consejo Federal de Inversiones (CFI). Continuar\u00e1 con la presentaci\u00f3n a cargo de los equipos profesionales designados y, luego se llevar\u00e1 a cabo un taller participativo con actores, prestadores e instituciones de la comunidad.&nbsp;&nbsp;&nbsp;<br><br>&nbsp;<\/h2>\n","protected":false},"excerpt":{"rendered":"<div class=\"mh-excerpt\"><p>La Municipalidad de Adolfo Alsina, a trav\u00e9s de la secretar\u00eda de Turismo invita a toda la comunidad del Distrito a ser parte&nbsp; de la presentaci\u00f3n Plan Estrat\u00e9gico Participativo de Turismo Sustentable. Ser\u00e1 hoy a las 14:00 horas en la Casa de la Cultura -Mitre y Urquiza &#8211; de Carhu\u00e9. &nbsp;Considerado un evento de relevancia por los equipos profesionales que brindar\u00e1n la capacitaci\u00f3n, la Presentaci\u00f3n del Plan Estrat\u00e9gico Participativo de Turismo Sustentable Carhue 2030 tendr\u00e1 como objetivo planificar la oferta y la calidad de los servicios, preservar los recursos que le dan soporte a la actividad, y marcar el crecimiento sustentable <a class=\"mh-excerpt-more\" href=\"http:\/\/dsrmedios.com.ar\/diario\/archivos\/31640\" title=\"Hoy se presentar\u00e1 el Plan Estrat\u00e9gico Participativo para potenciar el Desarrollo\u00a0Tur\u00edstico\">[Leer m\u00e1s]<\/a><\/p>\n<\/div>","protected":false},"author":6,"featured_media":31641,"comment_status":"open","ping_status":"closed","sticky":false,"template":"","format":"standard","meta":{"_jetpack_newsletter_access":""},"categories":[31,5],"tags":[],"jetpack_featured_media_url":"http:\/\/dsrmedios.com.ar\/diario\/wp-content\/uploads\/2023\/04\/WhatsApp-Image-2023-04-19-at-10.33.49-1-1.jpeg","jetpack_sharing_enabled":true,"jetpack_shortlink":"https:\/\/wp.me\/p9fihK-8ek","_links":{"self":[{"href":"http:\/\/dsrmedios.com.ar\/diario\/wp-json\/wp\/v2\/posts\/31640"}],"collection":[{"href":"http:\/\/dsrmedios.com.ar\/diario\/wp-json\/wp\/v2\/posts"}],"about":[{"href":"http:\/\/dsrmedios.com.ar\/diario\/wp-json\/wp\/v2\/types\/post"}],"author":[{"embeddable":true,"href":"http:\/\/dsrmedios.com.ar\/diario\/wp-json\/wp\/v2\/users\/6"}],"replies":[{"embeddable":true,"href":"http:\/\/dsrmedios.com.ar\/diario\/wp-json\/wp\/v2\/comments?post=31640"}],"version-history":[{"count":1,"href":"http:\/\/dsrmedios.com.ar\/diario\/wp-json\/wp\/v2\/posts\/31640\/revisions"}],"predecessor-version":[{"id":31642,"href":"http:\/\/dsrmedios.com.ar\/diario\/wp-json\/wp\/v2\/posts\/31640\/revisions\/31642"}],"wp:featuredmedia":[{"embeddable":true,"href":"http:\/\/dsrmedios.com.ar\/diario\/wp-json\/wp\/v2\/media\/31641"}],"wp:attachment":[{"href":"http:\/\/dsrmedios.com.ar\/diario\/wp-json\/wp\/v2\/media?parent=31640"}],"wp:term":[{"taxonomy":"category","embeddable":true,"href":"http:\/\/dsrmedios.com.ar\/diario\/wp-json\/wp\/v2\/categories?post=31640"},{"taxonomy":"post_tag","embeddable":true,"href":"http:\/\/dsrmedios.com.ar\/diario\/wp-json\/wp\/v2\/tags?post=31640"}],"curies":[{"name":"wp","href":"https:\/\/api.w.org\/{rel}","templated":true}]}}