{"id":31632,"date":"2023-04-24T07:16:51","date_gmt":"2023-04-24T10:16:51","guid":{"rendered":"http:\/\/dsrmedios.com.ar\/diario\/?p=31632"},"modified":"2023-04-24T07:16:55","modified_gmt":"2023-04-24T10:16:55","slug":"contundente-anuncio-de-milei-mi-compromiso-es-bajar-la-inflacion-y-la-voy-a-bajar-a-garrotazos","status":"publish","type":"post","link":"http:\/\/dsrmedios.com.ar\/diario\/archivos\/31632","title":{"rendered":"Contundente anuncio de Milei:\u00a0&#8220;Mi compromiso es bajar la inflaci\u00f3n y la voy a bajar a garrotazos&#8221;"},"content":{"rendered":"\n<p>Es tal vez el tema que m\u00e1s preocupa a los argentinos juntos al creciente flagelo de la&nbsp;<strong>inseguridad<\/strong>: la&nbsp;<strong>inflaci\u00f3n<\/strong>, el permanente<strong>&nbsp;aumento del costo de vida<\/strong>&nbsp;y la permanente<strong>&nbsp;inestabilidad econ\u00f3mica<\/strong>&nbsp;con la&nbsp;<strong>p\u00e9rdida de valor del peso<\/strong>, est\u00e1 en el centro de la escena y ocupa el primer lugar en la agenda de la gente.<\/p>\n\n\n\n<p>A medida que pasan los meses, la<strong>&nbsp;inflaci\u00f3n<\/strong>&nbsp;&#8211;<strong>lejos de ser controlada<\/strong>&#8211;&nbsp;<strong>va a la suba<\/strong>&nbsp;y ya<strong>&nbsp;supera el 100% interanual<\/strong>, y por esto mismo es una cuesti\u00f3n trascendente a ser abordada de cara a las&nbsp;<a href=\"https:\/\/www.canal26.com\/tag\/elecciones-2023--16596\" target=\"_blank\" rel=\"noreferrer noopener\">pr\u00f3ximas elecciones<\/a>. Millones en la Argentina miran y escuchan atentamente lo que cada candidadto tenga para decir al respecto.<\/p>\n\n\n\n<p>En este contexto, el diputado y precandidato presidencial de<strong>&nbsp;La Libertad Avanza, Javier Milei<\/strong>, asegur\u00f3 que su objetivo -en un eventual gobierno- ser\u00eda bajar la&nbsp;<strong>inflaci\u00f3n<\/strong>&nbsp;y que<strong>&nbsp;la har\u00eda a &#8220;garrotazos&#8221;.<\/strong><\/p>\n\n\n\n<p>Lo dijo ayer en una recorrida por<strong>&nbsp;San Juan<\/strong>, tras su visita a&nbsp;<strong>Tierra Fuego<\/strong>&nbsp;y su participaci\u00f3n en el<strong>&nbsp;Foro Llao Llao<\/strong>, en&nbsp;<strong>Bariloche<\/strong>.<\/p>\n\n\n\n<p>&#8220;<strong>Las chances de una hiperinflaci\u00f3n son enormes.<\/strong>&nbsp;Si llego a ser Presidente, el mandato es claro:&nbsp;<strong>baj\u00e1 la inflaci\u00f3n o te pongo un voleo.<\/strong>&nbsp;Mi compromiso es bajar la inflaci\u00f3n y&nbsp;<strong>la voy a bajar a garrotazos<\/strong>. Con la dolarizaci\u00f3n es m\u00e1s r\u00e1pido. Si no, meto un ajustazo en el sector p\u00fablico que me va a absorber los pesos&#8221;, argument\u00f3 el economista.<\/p>\n\n\n\n<p><img decoding=\"async\" src=\"https:\/\/www.canal26.com\/media\/image\/2023\/04\/23\/540146.jpg\" alt=\"Javier Milei, Libertarios, La Libertad Avanza, visita a San Luis, NA\"><em><strong>Multitudinario apoyo a Milei&nbsp;en San Juan. Foto: NA.<\/strong><\/em><\/p>\n\n\n\n<p><strong>Milei<\/strong>&nbsp;volvi\u00f3 a insistir con una de sus&nbsp;<strong>propuestas de campa\u00f1a<\/strong>, que es la&nbsp;<strong>dolarizaci\u00f3n de la econom\u00eda<\/strong>: &#8220;Las&nbsp;<strong>condiciones de entorno no son menores<\/strong>. El descalabro macroecon\u00f3mico, si viene una hiperinflaci\u00f3n, va a venir la casta de rodillas a<strong>&nbsp;pedir que dolarice<\/strong>&#8220;.<\/p>\n\n\n\n<p>En esa l\u00ednea, el libertario continu\u00f3: &#8220;<strong>El escenario dif\u00edcil es que plantan la bomba un minuto antes de irse.<\/strong>&nbsp;Mi primera alternativa es llevar la propuesta al Congreso. Puede ser que lo rechacen. No ir\u00eda por un referendum vinculante, sino por consulta popular. Si lo rechazan, acelero el recorte del gasto p\u00fablico&#8221;.<\/p>\n\n\n\n<p>Y agreg\u00f3 en referencia a la\u00a0<strong>d\u00e9cada menemista<\/strong>: &#8220;En la\u00a0<strong>Convertibilidad<\/strong>, el\u00a0<strong>Banco Central<\/strong>\u00a0era<strong>\u00a0independiente y ten\u00eda reglas duras<\/strong>. Ese peso tenia demanda de dinero.\u00a0<strong>Esa regla era exitosa y ganaba elecciones<\/strong>. Cuando el fisco se qued\u00f3 sin plata, rompi\u00f3 la regla&#8221;.<\/p>\n\n\n\n<p>Fuente: cadena26<\/p>\n","protected":false},"excerpt":{"rendered":"<div class=\"mh-excerpt\"><p>Es tal vez el tema que m\u00e1s preocupa a los argentinos juntos al creciente flagelo de la&nbsp;inseguridad: la&nbsp;inflaci\u00f3n, el permanente&nbsp;aumento del costo de vida&nbsp;y la permanente&nbsp;inestabilidad econ\u00f3mica&nbsp;con la&nbsp;p\u00e9rdida de valor del peso, est\u00e1 en el centro de la escena y ocupa el primer lugar en la agenda de la gente. A medida que pasan los meses, la&nbsp;inflaci\u00f3n&nbsp;&#8211;lejos de ser controlada&#8211;&nbsp;va a la suba&nbsp;y ya&nbsp;supera el 100% interanual, y por esto mismo es una cuesti\u00f3n trascendente a ser abordada de cara a las&nbsp;pr\u00f3ximas elecciones. Millones en la Argentina miran y escuchan atentamente lo que cada candidadto tenga para decir al respecto. <a class=\"mh-excerpt-more\" href=\"http:\/\/dsrmedios.com.ar\/diario\/archivos\/31632\" title=\"Contundente anuncio de Milei:\u00a0&#8220;Mi compromiso es bajar la inflaci\u00f3n y la voy a bajar a garrotazos&#8221;\">[Leer m\u00e1s]<\/a><\/p>\n<\/div>","protected":false},"author":6,"featured_media":31633,"comment_status":"open","ping_status":"closed","sticky":false,"template":"","format":"standard","meta":{"_jetpack_newsletter_access":""},"categories":[6],"tags":[],"jetpack_featured_media_url":"http:\/\/dsrmedios.com.ar\/diario\/wp-content\/uploads\/2023\/04\/539348.jpg","jetpack_sharing_enabled":true,"jetpack_shortlink":"https:\/\/wp.me\/p9fihK-8ec","_links":{"self":[{"href":"http:\/\/dsrmedios.com.ar\/diario\/wp-json\/wp\/v2\/posts\/31632"}],"collection":[{"href":"http:\/\/dsrmedios.com.ar\/diario\/wp-json\/wp\/v2\/posts"}],"about":[{"href":"http:\/\/dsrmedios.com.ar\/diario\/wp-json\/wp\/v2\/types\/post"}],"author":[{"embeddable":true,"href":"http:\/\/dsrmedios.com.ar\/diario\/wp-json\/wp\/v2\/users\/6"}],"replies":[{"embeddable":true,"href":"http:\/\/dsrmedios.com.ar\/diario\/wp-json\/wp\/v2\/comments?post=31632"}],"version-history":[{"count":1,"href":"http:\/\/dsrmedios.com.ar\/diario\/wp-json\/wp\/v2\/posts\/31632\/revisions"}],"predecessor-version":[{"id":31634,"href":"http:\/\/dsrmedios.com.ar\/diario\/wp-json\/wp\/v2\/posts\/31632\/revisions\/31634"}],"wp:featuredmedia":[{"embeddable":true,"href":"http:\/\/dsrmedios.com.ar\/diario\/wp-json\/wp\/v2\/media\/31633"}],"wp:attachment":[{"href":"http:\/\/dsrmedios.com.ar\/diario\/wp-json\/wp\/v2\/media?parent=31632"}],"wp:term":[{"taxonomy":"category","embeddable":true,"href":"http:\/\/dsrmedios.com.ar\/diario\/wp-json\/wp\/v2\/categories?post=31632"},{"taxonomy":"post_tag","embeddable":true,"href":"http:\/\/dsrmedios.com.ar\/diario\/wp-json\/wp\/v2\/tags?post=31632"}],"curies":[{"name":"wp","href":"https:\/\/api.w.org\/{rel}","templated":true}]}}