{"id":31619,"date":"2023-04-24T07:05:07","date_gmt":"2023-04-24T10:05:07","guid":{"rendered":"http:\/\/dsrmedios.com.ar\/diario\/?p=31619"},"modified":"2023-04-24T07:05:10","modified_gmt":"2023-04-24T10:05:10","slug":"los-planes-de-juntos-por-el-cambio-para-la-justicia-en-caso-de-volver-al-poder","status":"publish","type":"post","link":"http:\/\/dsrmedios.com.ar\/diario\/archivos\/31619","title":{"rendered":"Los planes de Juntos por el Cambio para la Justicia en caso de volver al poder"},"content":{"rendered":"\n<p>\u00bfQu\u00e9 quiere hacer Juntos por el Cambio con la Justicia, en caso de volver al poder? Cada vez m\u00e1s vapuleada por distintos actores del oficialismo, se trata de&nbsp;<strong>un \u00e1rea que se convirti\u00f3 casi en la obsesi\u00f3n del kirchnerismo en esta gesti\u00f3n del Frente de Todos<\/strong>. La principal coalici\u00f3n opositora, con chances reales de ganar las pr\u00f3ximas elecciones, \u00bfpiensa ampliar el n\u00famero de integrantes de la Corte Suprema?\u00bfEval\u00faa cambios en el Consejo de la Magistratura? \u00bfC\u00f3mo planea cubrir las vacantes en los Juzgados que hoy llegan a casi un tercio del total de los cargos?<\/p>\n\n\n\n<p>Pese a la interna existente entre los distintos sectores del PRO y dentro de Juntos, el tema de la Justicia parece haber quedado al margen de las disputas. Las fundaciones de los cuatro partidos que integran Juntos por el Cambio &#8211;&nbsp;<strong>Pensar, por el PRO; Alem por la UCR; Hannah Arendt por la Coalici\u00f3n C\u00edvica<\/strong>; y&nbsp;<strong>Encuentro Republicano por el Peronismo Republicano<\/strong>&nbsp;&#8211; vienen trabajando con sus t\u00e9cnicos y especialistas en la materia desde&nbsp;<strong>hace m\u00e1s de un a\u00f1o<\/strong>&nbsp;<strong>en un espacio de debate com\u00fan<\/strong>. El objetivo es acordar posiciones que funcionen como un marco de pol\u00edticas p\u00fablicas en el tema para el pr\u00f3ximo Presidente, que conf\u00edan ser\u00e1 de Juntos por el Cambio.<\/p>\n\n\n\n<p>\u201cDesde las cuatro fundaciones de JxC venimos trabajando en acuerdos program\u00e1ticos para que el pr\u00f3ximo gobierno tenga una agenda consensuada de medidas para mejorar el funcionamiento de la justicia. A diferencia del oficialismo queremos un Poder Judicial independiente, eficaz y cre\u00edble que resuelva los problemas concretos de las personas\u201d, le dijo&nbsp;<strong>Mart\u00edn Casares<\/strong>, ex jefe de Gabinete del Ministerio de Justicia durante la gesti\u00f3n de Cambiemos a&nbsp;<strong>Infobae.<\/strong><\/p>\n\n\n\n<p>Es uno de los participantes por la Fundaci\u00f3n Pensar, junto a la abogada y consejera de la Magistratura&nbsp;<strong>Jimena de la Torre<\/strong>. En esa Fundaci\u00f3n del PRO, cada sector tiene un representante e interlocutor en el nuevo dise\u00f1o judicial: el ex ministro&nbsp;<strong>Germ\u00e1n Garavano<\/strong>, por Mauricio Macri;&nbsp;<strong>Pablo Nocetti<\/strong>, por Patricia Bullrich, de quien fue funcionario en el Ministerio de Seguridad; el ex ministro de Justicia bonaerense&nbsp;<strong>Gustavo Ferrari<\/strong>, por Mar\u00eda Eugenia Vidal; y el procurador general de la Ciudad de Buenos Aires,&nbsp;<strong>Gabriel Astarloa<\/strong>, por Horacio Rodr\u00edguez Larreta.<\/p>\n\n\n\n<p>Por la Fundaci\u00f3n Alem, en el grupo redactor del documento est\u00e1n el abogado y consejero&nbsp;<strong>Miguel Piedecasas<\/strong>&nbsp;y el ex diputado nacional por Chubut&nbsp;<strong>Gustavo Menna<\/strong>, y en sus comienzos tambi\u00e9n particip\u00f3&nbsp;<strong>Ricardo Gil Lavedra,<\/strong>&nbsp;ex camarista federal, ex diputado y ex ministro, aunque el a\u00f1o pasado se corri\u00f3 parcialmente al asumir la presidencia del Colegio P\u00fablico de la Abogac\u00eda de la Capital Federal.Por la Fundaci\u00f3n Hannah Arendt, participa la abogada&nbsp;<strong>Mariana Stilman<\/strong>, muy cercana a Elisa Carri\u00f3; y por Encuentro Republicano, el tambi\u00e9n abogado&nbsp;<strong>Alejandro Fargosi<\/strong>.<\/p>\n\n\n\n<p>\u201cEl objetivo es impulsar un conjunto de reformas para mejorar el funcionamiento de la Justicia,&nbsp;<strong>fortalecerla, garantizar su independencia y la divisi\u00f3n de poderes, y apuntar a que sea m\u00e1s abierta y eficaz<\/strong>. El objetivo es llegar a una posici\u00f3n unificada con grandes lineamientos acordados, aunque luego cada candidato le pondr\u00e1 su impronta. No hay mayores disidencias en algunos puntos generales\u201d, sostuvo uno de los principales referentes del radicalismo que particip\u00f3 del debate para consensuar las propuestas.<\/p>\n\n\n\n<p>Todos participan de un grupo de Whatsapp para el intercambio de opiniones, y vienen manteniendo encuentros presenciales y por zoom cada 15 d\u00edas para la redacci\u00f3n de&nbsp;<strong>un documento que est\u00e1 en la etapa final<\/strong>. A esta altura tiene 50 p\u00e1ginas, con comentarios en sus laterales con los distintos aportes, pero la idea es hacerlo m\u00e1s corto. Estiman que estar\u00e1 terminado para fin de mes, cuando se lo presentar\u00e1n a la Mesa Nacional de Juntos. Hasta ahora, los avances y acuerdos logrados en la redacci\u00f3n son reportados a las autoridades de cada Fundaci\u00f3n:&nbsp;<strong>Franco Moccia (Pensar); Ricardo Campero (Alem), Fernando S\u00e1nchez (Hannah Arendt)<\/strong>, quien adem\u00e1s es el coordinador de las reuniones y est\u00e1 a cargo del cronograma y seguimiento del documento, y&nbsp;<strong>Eduardo Mondino (Encuentro Republicano)<\/strong>.<\/p>\n\n\n\n<p>\u201cHay un consenso muy grande entre las cuatro fundaciones de que la Justicia, como los temas institucionales, queden fuera de la interna de Juntos. Y eso es muy importante\u201d, afirm\u00f3 Garavano en di\u00e1logo con&nbsp;<strong>Infobae<\/strong>. Seg\u00fan pudo saber&nbsp;<strong>Infobae<\/strong>, el documento recoge muchos de los lineamientos y reformas que se hab\u00edan venido trabajando en la gesti\u00f3n de Macri, desde el PRO, el radicalismo y la CC, como los proyectos de Justicia 2020 y Justicia 2030.<\/p>\n\n\n\n<p>Las<strong>&nbsp;definiciones m\u00e1s finas sobre la implementaci\u00f3n&nbsp;<\/strong>quedar\u00e1n en manos de quien sea Presidente, algo que no se empezar\u00e1 a delinear hasta despu\u00e9s de las PASO, seg\u00fan sea el resultado electoral. Entre esas definiciones est\u00e1&nbsp;<strong>el nombre del futuro ministro de Justicia<\/strong>, que es un tema pol\u00edtico y deber\u00e1 tener en cuenta el reparto de poder interno ante un eventual triunfo de la alianza opositora. Pero todos dan por descontado que los candidatos en la campa\u00f1a, m\u00e1s all\u00e1 de sus perfiles y necesidad de diferenciarse en la disputa interna, buscar\u00e1n mostrarse como la ant\u00edtesis de las posturas sobre la Justicia del gobierno actual.<\/p>\n\n\n\n<p>Hay coincidencia en que \u201ctiene que haber&nbsp;<strong>un restablecimiento de la confianza en el sistema judicial<\/strong>&nbsp;para contrarrestar esta campa\u00f1a de pr\u00e9dica constante contra ella, que va erosionando la confianza en el sistema judicial y socava su credibilidad\u201d.<\/p>\n\n\n\n<p>Los participantes de la redacci\u00f3n del documento creen que<strong>&nbsp;la Justicia va a seguir en agenda<\/strong>. Las causas que involucran a Cristina Kirchner y otros ex funcionarios de su gobierno no van a terminar en los pr\u00f3ximos cuatro a\u00f1os, m\u00e1s all\u00e1 de quien gobierne. \u201cLa embestida contra la Justicia responde, b\u00e1sicamente, a las causas por corrupci\u00f3n que se extender\u00e1n durante todo el mandato del pr\u00f3ximo gobierno y m\u00e1s all\u00e1. Vienen a\u00f1os de apelaciones hasta llegar a la Corte, por lo que es probable que siga el hostigamiento del kirchnerismo a la Justicia. En esto tambi\u00e9n influir\u00e1 c\u00f3mo salga parado de esta elecci\u00f3n. Por eso va a ser clave fortalecer la credibilidad en su funcionamiento\u201d, advirti\u00f3 uno de los redactores del documento conjunto.<\/p>\n\n\n\n<p>Con una mirada m\u00e1s t\u00e9cnica, consideran que se deben evitar \u201c<strong>pr\u00e1cticas da\u00f1inas para la Justicia<\/strong>\u201d como el<strong>&nbsp;esc\u00e1ndalo del Lago Escondido<\/strong>&nbsp;en el que se vieron envueltos jueces, operadores, empresarios y due\u00f1os de medios. Tambi\u00e9n&nbsp;<strong>rechazan la existencia de \u201cgestores\u201d en la relaci\u00f3n del Ejecutivo con los Juzgados y Fiscal\u00edas<\/strong>, aunque saben que varios de esos intermediarios siguen activos y tienen v\u00ednculos cercanos con los actuales precandidatos o sus referentes.<\/p>\n\n\n\n<p>\u201cLa&nbsp;<strong>cantidad de interlocutores paralelos que hubo en la administraci\u00f3n de Macri<\/strong>, m\u00e1s all\u00e1 del ministro del \u00e1rea, afect\u00f3 la administraci\u00f3n de Justicia. Fue una pr\u00e1ctica p\u00e9sima, instalada b\u00e1sicamente por el PRO, dentro de Cambiemos\u201d, admiti\u00f3 un integrante del radicalismo. \u201cEs muy importante que las relaciones con la Justicia las lleve el ministro o funcionarios del Ministerio. No abrir canales informales paralelos\u201d, agreg\u00f3 en referencia a los asesores del ex presidente&nbsp;<strong>Fabi\u00e1n \u201cPep\u00edn\u201d Rodr\u00edguez Sim\u00f3n&nbsp;<\/strong>o&nbsp;<strong>Jos\u00e9 Torello<\/strong>. En ese sentido, uno de los consultados especul\u00f3 que \u201csi Rodr\u00edguez Larreta es electo presidente, la intervenci\u00f3n de operadores judiciales podr\u00eda proseguir\u201d, pero lo vio menos factible si la electa fuera Patricia Bullrich.<\/p>\n\n\n\n<p>Desde sectores del PRO creen, sin embargo, que \u201c<strong>debe haber di\u00e1logo con los jueces sobre determinadas pol\u00edticas estrat\u00e9gicas para el pa\u00eds<\/strong>\u201d para poder avanzar sin impedimentos legales. En lo que s\u00ed hay consenso un\u00e1nime es en que&nbsp;<strong>los futuros funcionarios \u201cdeben abstenerse de criticar a magistrados o sus fallos<\/strong>\u201d.<\/p>\n\n\n\n<h2>La Corte<\/h2>\n\n\n\n<p><img decoding=\"async\" loading=\"lazy\" alt=\"Maqueda, Rosatti, Rosenkrantz y Lorenzetti, los actuales integrantes de la Corte\" height=\"1080\" width=\"1920\" class=\"\" src=\"https:\/\/cloudfront-us-east-1.images.arcpublishing.com\/infobae\/2NTFMHKWKZFZLP25FS7R6S5GXE.jpg\" srcset=\"https:\/\/www.infobae.com\/new-resizer\/0dvIwrs5kMoJC0anP9XLVJtJ1D8=\/420x236\/filters:format(webp):quality(85)\/cloudfront-us-east-1.images.arcpublishing.com\/infobae\/2NTFMHKWKZFZLP25FS7R6S5GXE.jpg 420w,https:\/\/www.infobae.com\/new-resizer\/P-AqwoINwXG8qA0hsGqhGqO5yIQ=\/768x432\/filters:format(webp):quality(85)\/cloudfront-us-east-1.images.arcpublishing.com\/infobae\/2NTFMHKWKZFZLP25FS7R6S5GXE.jpg 768w,https:\/\/www.infobae.com\/new-resizer\/CGaBZYq9et1ZiqOnyOTYUck6kjw=\/992x558\/filters:format(webp):quality(85)\/cloudfront-us-east-1.images.arcpublishing.com\/infobae\/2NTFMHKWKZFZLP25FS7R6S5GXE.jpg 992w,https:\/\/www.infobae.com\/new-resizer\/RACuWTI1IbcUmdHgPWXJlYIxzz0=\/1200x675\/filters:format(webp):quality(85)\/cloudfront-us-east-1.images.arcpublishing.com\/infobae\/2NTFMHKWKZFZLP25FS7R6S5GXE.jpg 1200w,https:\/\/www.infobae.com\/new-resizer\/CcHx9zq9uuwVtze8bpYBXddbAGs=\/1440x810\/filters:format(webp):quality(85)\/cloudfront-us-east-1.images.arcpublishing.com\/infobae\/2NTFMHKWKZFZLP25FS7R6S5GXE.jpg 1440w\">Maqueda, Rosatti, Rosenkrantz y Lorenzetti, los actuales integrantes de la Corte<\/p>\n\n\n\n<p>En los distintos sectores de Juntos hay consenso en que quieren&nbsp;<strong>una Corte que sea \u201cindependiente\u201d&nbsp;<\/strong>y que \u201cresuelva seg\u00fan las leyes y lo que dice la Constituci\u00f3n Nacional\u201d.&nbsp;<strong>No se eval\u00faa ampliar el n\u00famero de integrantes de la Corte Suprema<\/strong>, al menos en la primera etapa ya que podr\u00eda ser visto como una forma de \u201cbuscar una mayor\u00eda propia\u201d.<\/p>\n\n\n\n<p>S\u00ed se buscar\u00e1&nbsp;<strong>cubrir la vacante dejada por Elena Highton de Nolasco con otra mujer<\/strong>&nbsp;de perfil \u201cincuestionable e independiente\u201d. Sin embargo, evitaron dar nombres. \u201cHay muy buenas candidatas, pero ninguna definida\u201d.<\/p>\n\n\n\n<p>Tambi\u00e9n el pr\u00f3ximo gobierno deber\u00e1 evaluar la continuidad eventual de<strong>&nbsp;Juan Carlos Maqueda<\/strong>, que el a\u00f1o pr\u00f3ximo cumple 75 a\u00f1os. \u201cNo se descarta darle 5 a\u00f1os de pr\u00f3rroga\u201d, afirm\u00f3 sin embargo uno de los participantes del grupo redactor del documento. \u201cVa ser clave ver c\u00f3mo queda el Senado, y el n\u00famero que tengamos\u201d, agreg\u00f3. Si no hubiera acuerdo para su continuidad, se buscar\u00eda completar esa nueva vacante con otra mujer.<\/p>\n\n\n\n<p>Maqueda hoy est\u00e1 alcanzado por las sospechas sobre manejos irregulares en la obra social del Poder Judicial, ya que en la organizaci\u00f3n interna del tribunal era el que se ocupaba de su seguimiento. Su posible continuidad deber\u00e1 ser evaluada en el marco de una interna dentro de la Corte que estall\u00f3 esta semana luego del tumultuoso despido de H\u00e9ctor Marchi, el administrador general del M\u00e1ximo Tribunal, y la exteriorizaci\u00f3n de la grieta existente entre el sector que integran el presidente Horacio Rosatti, Rosenkrantz y Maqueda por un lado, y Ricardo Lorenzetti, por el otro.<\/p>\n\n\n\n<p>Los t\u00e9cnicos y referentes de Juntos dedicados a elaborar el programa judicial s\u00ed analizan alguna reforma para&nbsp;<strong>mejorar el funcionamiento de la Corte<\/strong>. \u201cLa cantidad de expedientes que llegan a los tribunales superiores es un tema de debate en todo el mundo. La Corte tiene toda la potestad pol\u00edtica de decidir cu\u00e1ndo expedirse sobre algo, pero lo ideal ser\u00eda reducir el grado de discrecionalidad en el manejo de los expedientes\u201d, se\u00f1al\u00f3 uno de ellos.<\/p>\n\n\n\n<h2>El Consejo de la Magistratura<\/h2>\n\n\n\n<p><img decoding=\"async\" loading=\"lazy\" alt=\"Juntos no planea, en principio, modificar la cantidad de integrantes del Consejo (Maximiliano Luna)\" height=\"1080\" width=\"1920\" class=\"\" src=\"https:\/\/cloudfront-us-east-1.images.arcpublishing.com\/infobae\/AOICDK5RAFGFHKVZMOKZ2IAWSI.jpg\" srcset=\"https:\/\/www.infobae.com\/new-resizer\/SrziokQoDebx0MpOIvRNdOrO-Lk=\/420x236\/filters:format(webp):quality(85)\/cloudfront-us-east-1.images.arcpublishing.com\/infobae\/AOICDK5RAFGFHKVZMOKZ2IAWSI.jpg 420w,https:\/\/www.infobae.com\/new-resizer\/hVRymFHwzAYm6vnfyMZs7GkoZb0=\/768x432\/filters:format(webp):quality(85)\/cloudfront-us-east-1.images.arcpublishing.com\/infobae\/AOICDK5RAFGFHKVZMOKZ2IAWSI.jpg 768w,https:\/\/www.infobae.com\/new-resizer\/4DWMJ0zlGVp4byLS3sL7sUKQplk=\/992x558\/filters:format(webp):quality(85)\/cloudfront-us-east-1.images.arcpublishing.com\/infobae\/AOICDK5RAFGFHKVZMOKZ2IAWSI.jpg 992w,https:\/\/www.infobae.com\/new-resizer\/nTxhXMnug_q3zHEksWytn4Bi730=\/1200x675\/filters:format(webp):quality(85)\/cloudfront-us-east-1.images.arcpublishing.com\/infobae\/AOICDK5RAFGFHKVZMOKZ2IAWSI.jpg 1200w,https:\/\/www.infobae.com\/new-resizer\/VtqckEKl3o9iV8gbAbGSvQjO4ak=\/1440x810\/filters:format(webp):quality(85)\/cloudfront-us-east-1.images.arcpublishing.com\/infobae\/AOICDK5RAFGFHKVZMOKZ2IAWSI.jpg 1440w\">Juntos no planea, en principio, modificar la cantidad de integrantes del Consejo (Maximiliano Luna)<\/p>\n\n\n\n<p>Los referentes de Juntos en materia de Justicia tampoco est\u00e1n pensando en cambiar su integraci\u00f3n. \u201cNo ser\u00eda bueno como se\u00f1al pol\u00edtica. Es un tema de debate, pero la Corte ya dijo que la actual integraci\u00f3n es equilibrada\u201d, sostuvieron en el PRO. \u201c<strong>Si propusi\u00e9ramos modificar el n\u00famero, podr\u00eda ser visto como otro gobierno que quiere manejar el Consejo<\/strong>\u201d, explic\u00f3 otro de los redactores del documento. Sin embargo, algunos creen que \u201clo ideal ser\u00eda darle una formulaci\u00f3n menos precaria, porque hoy se est\u00e1 usando la conformaci\u00f3n de la primera ley, ya que la \u00faltima cay\u00f3 por una resoluci\u00f3n de la Corte\u201d. Pero admiten que se trata de un tema delicado pol\u00edticamente, y que requerir\u00eda de un alto consenso en el Congreso.<\/p>\n\n\n\n<p>No obstante, hay varios proyectos de ley dando vueltas para modificar este organismo que selecciona las ternas de jueces y lleva adelante su enjuiciamiento por mal desempe\u00f1o. El objetivo es&nbsp;<strong>mejorar aspectos de su funcionamiento, pero con consenso previo de la oposici\u00f3n<\/strong>. Entre ellos, la selecci\u00f3n de magistrados, la Escuela Judicial, el proceso disciplinario &#8211; que suele extenderse en el tiempo seg\u00fan intereses pol\u00edticos &#8211; y el jurado de enjuiciamiento. Tambi\u00e9n, un tema central como el de los recursos que requiere la Justicia para su mejor funcionamiento, con particular atenci\u00f3n a la tecnolog\u00eda, \u201cque arrastra problemas cr\u00f3nicos\u201d.<\/p>\n\n\n\n<h2>Vacantes en la Justicia<\/h2>\n\n\n\n<p>Un tema prioritario para Juntos es resolver la cantidad de Juzgados vacantes.&nbsp;<strong>\u201cLa Justicia no puede funcionar con un 30% de cargos a cubrir\u201d<\/strong>, sostuvo uno de los abogados que trabaja en las propuestas. Por eso coinciden en que hay que \u201cdarle prioridad\u201d, una vez iniciado el pr\u00f3ximo gobierno, a avanzar con las ternas que ya fueron elevadas al Poder Ejecutivo y buscar aprobar los pliegos que est\u00e1n en la C\u00e1mara alta. Muchas de esas ternas vienen de la gesti\u00f3n anterior de Cambiemos, ya que al llegar a la Casa Rosada, Alberto Fern\u00e1ndez retir\u00f3 los 200 pliegos que estaban en el Senado esperando aprobaci\u00f3n, y solo volvi\u00f3 a enviar un n\u00famero muy inferior.<\/p>\n\n\n\n<p>Conf\u00edan en que en esta elecci\u00f3n lograr\u00e1n&nbsp;<strong>mejores n\u00fameros en el Senado que cuando llegaron en 2015<\/strong>, y que alcanzar\u00e1n la mayor\u00eda necesaria para aprobar los pliegos, adem\u00e1s de contar con \u201cla fuerza de todo gobierno nuevo que llega con legitimidad\u201d. Uno de los expertos de la UCR, record\u00f3 que \u201cAlfons\u00edn ten\u00eda el Senado en contra, pero nombr\u00f3 jueces acordando. La nominaci\u00f3n es pol\u00edtica. Es leg\u00edtimo acordar con la otra fuerza pol\u00edtica para las designaciones. Siempre se hizo as\u00ed\u201d.<\/p>\n\n\n\n<p><img decoding=\"async\" loading=\"lazy\" alt=\"Entre las prioridades, estar\u00eda acelerar la aprobaci\u00f3n de pliegos ya enviados al Senado \" height=\"1080\" width=\"1920\" class=\"\" src=\"https:\/\/cloudfront-us-east-1.images.arcpublishing.com\/infobae\/2N5FT24XIJEGJPBHBMAJRC6ZLM.jpg\" srcset=\"https:\/\/www.infobae.com\/new-resizer\/1Fs6fM7oV_AlrGDUyebUtwJYcsM=\/420x236\/filters:format(webp):quality(85)\/cloudfront-us-east-1.images.arcpublishing.com\/infobae\/2N5FT24XIJEGJPBHBMAJRC6ZLM.jpg 420w,https:\/\/www.infobae.com\/new-resizer\/Gb5zf-yXyaWSloVLK71UqBk3G4M=\/768x432\/filters:format(webp):quality(85)\/cloudfront-us-east-1.images.arcpublishing.com\/infobae\/2N5FT24XIJEGJPBHBMAJRC6ZLM.jpg 768w,https:\/\/www.infobae.com\/new-resizer\/XjRdOFpnMvckjUDhlXfC8de93Dc=\/992x558\/filters:format(webp):quality(85)\/cloudfront-us-east-1.images.arcpublishing.com\/infobae\/2N5FT24XIJEGJPBHBMAJRC6ZLM.jpg 992w,https:\/\/www.infobae.com\/new-resizer\/hcfJ3D8QkuQcXt5FKVDw_aOjpoE=\/1200x675\/filters:format(webp):quality(85)\/cloudfront-us-east-1.images.arcpublishing.com\/infobae\/2N5FT24XIJEGJPBHBMAJRC6ZLM.jpg 1200w,https:\/\/www.infobae.com\/new-resizer\/HTHVvg_YK4nz_M1gxniuGrOrgpY=\/1440x810\/filters:format(webp):quality(85)\/cloudfront-us-east-1.images.arcpublishing.com\/infobae\/2N5FT24XIJEGJPBHBMAJRC6ZLM.jpg 1440w\">Entre las prioridades, estar\u00eda acelerar la aprobaci\u00f3n de pliegos ya enviados al Senado<\/p>\n\n\n\n<p>Hoy hay unas 290 vacantes en la Justicia en total. Unas 70 termas estaban entre el Ejecutivo (unas 50) y el Senado (unas 20) hasta el jueves 13 de abril, cuando el Presidente envi\u00f3 47 pliegos para designar a magistrados judiciales y del Ministerio P\u00fablico, y se aprobaron seis correspondientes a las provincias de Santa Fe y C\u00f3rdoba.<\/p>\n\n\n\n<p>\u201cVamos a asumir un compromiso de repetir y profundizar lo que hicimos cuando llegamos con Macri, de impulsar r\u00e1pidamente la aprobaci\u00f3n de la mayor cantidad de pliegos posible para cubrir las vacantes. En la gesti\u00f3n de Cambiemos logramos aprobar 311 pliegos de jueces y funcionarios judiciales, casi todos en los dos primeros a\u00f1os, a\u00fan sin tener mayor\u00eda en el Senado. Y enviamos otros 200 que Cristina Kirchner bloque\u00f3 a partir de 2017\u2033, afirm\u00f3 Garavano, al recordar su gesti\u00f3n al frente del Ministerio de Justicia.<\/p>\n\n\n\n<h2>Sistema acusatorio<\/h2>\n\n\n\n<p>Todos los expertos de la alianza opositora coinciden en que es \u201ccentral\u201d&nbsp;<strong>extender la puesta en pr\u00e1ctica del sistema acusatorio<\/strong>&nbsp;(o \u201cadversarial\u201d como se lo denomina t\u00e9cnicamente) en el fuero penal federal, dando prioridad a la jurisdicci\u00f3n de Santa Fe, donde deb\u00eda haber empezado a implementarse en 2020.<\/p>\n\n\n\n<p>\u201c<strong>Con el sistema acusatorio se termin\u00f3 el poder de los Tribunales de Comodoro Py porque ya no van a ser los jueces los que investiguen, sino los fiscales<\/strong>\u201d, advirti\u00f3 uno de los consultados, al admitir que en parte por eso genera resistencias en el propio Poder Judicial y en muchos magistrados. \u201cLos jueces van a pasar a controlar la legalidad del proceso o autorizar medidas como allanamientos. Por lo cual no har\u00e1 falta multiplicar juzgados, como propon\u00eda la reforma judicial de Alberto Fern\u00e1ndez, sino fortalecer al Ministerio P\u00fablico Fiscal\u201d, agreg\u00f3 el especialista de origen radical.<\/p>\n\n\n\n<p>En la anterior gesti\u00f3n estaba previsto un cronograma de puesta en vigencia progresiva, para llegar en el plazo de 7 a\u00f1os. El \u00faltimo distrito al que iba a llegar era la Capital. Pero solo comenz\u00f3 a implementarse en Salta y Jujuy en la gesti\u00f3n de Cambiemos, y si bien todos coinciden en sus buenos resultados,&nbsp;<strong>con el cambio de gobierno no se extendi\u00f3 a ninguna provincia m\u00e1s<\/strong>. En la lista segu\u00eda Santa Fe, Mendoza y San Juan.<\/p>\n\n\n\n<p>\u201cLa&nbsp;<strong>evaluaci\u00f3n de c\u00f3mo est\u00e1 funcionando en Salta y Jujuy es muy satisfactoria<\/strong>, tanto de parte de la Corte como de distintas ONGs. Se alquilaron edificios de plantas libres para trabajar en equipo en los dos lugares, abiertos a la gente en un lugar central. Est\u00e1 funcionando muy bien, los juicios se resuelven en semanas\u201d, destac\u00f3 Garavano, uno de los principales impulsores del sistema en la presidencia de Macri.<\/p>\n\n\n\n<p>Uno de los referentes de consulta del radicalismo, se\u00f1al\u00f3 que \u201c<strong>es incre\u00edble que en todos los proyectos de reformas se destaque la necesidad de implementar el sistema acusatorio, y el ministerio de Justicia no avanz\u00f3 en absoluto en estos casi cuatro a\u00f1os<\/strong>. Desde que lleg\u00f3 Fern\u00e1ndez solo se avanz\u00f3 en las reformas que pod\u00edan interesarle al poder\u201d. De hecho, Garavano advirti\u00f3 \u201csolo se avanz\u00f3 en la conformaci\u00f3n de una Bicameral que lo \u00fanico que hizo fue pedir una auditor\u00eda, cuyos resultados fueron satisfactorios y por eso, el oficialismo la guard\u00f3 en un caj\u00f3n\u201d.<\/p>\n\n\n\n<p>Seg\u00fan los especialistas que forman parte de la mesa de debate, la implementaci\u00f3n requiere recursos y tiempo para avanzar con la capacitaci\u00f3n de operadores, la habilitaci\u00f3n de nuevos espacios f\u00edsicos para las audiencias, la dotaci\u00f3n de m\u00e1s fiscales, la asignaci\u00f3n y distribuci\u00f3n de m\u00e1s recursos humanos, con una previsi\u00f3n a\u00f1o a a\u00f1o para cada nueva jurisdicci\u00f3n.<\/p>\n\n\n\n<h2>La designaci\u00f3n de un nuevo Procurador<\/h2>\n\n\n\n<p><img decoding=\"async\" loading=\"lazy\" alt=\"Eduardo Casal, procurador interino desde 2017 (Nicol\u00e1s Stulberg)\" height=\"1280\" width=\"1920\" class=\"\" src=\"https:\/\/cloudfront-us-east-1.images.arcpublishing.com\/infobae\/RQB3GT6ZVBE5TCDPVBRVRLZ4RE.jpg\" srcset=\"https:\/\/www.infobae.com\/new-resizer\/rAUta4kVZ561A2EVvh7_S3wW7xM=\/420x280\/filters:format(webp):quality(85)\/cloudfront-us-east-1.images.arcpublishing.com\/infobae\/RQB3GT6ZVBE5TCDPVBRVRLZ4RE.jpg 420w,https:\/\/www.infobae.com\/new-resizer\/tKqzJE5fc2XeFqEyTLYVloh-iHM=\/768x512\/filters:format(webp):quality(85)\/cloudfront-us-east-1.images.arcpublishing.com\/infobae\/RQB3GT6ZVBE5TCDPVBRVRLZ4RE.jpg 768w,https:\/\/www.infobae.com\/new-resizer\/tZkNw-xdthYukp_Bd8FhWO5a09A=\/992x661\/filters:format(webp):quality(85)\/cloudfront-us-east-1.images.arcpublishing.com\/infobae\/RQB3GT6ZVBE5TCDPVBRVRLZ4RE.jpg 992w,https:\/\/www.infobae.com\/new-resizer\/T-CK08dXUhW5qM0hmfuMxjJeKFc=\/1200x800\/filters:format(webp):quality(85)\/cloudfront-us-east-1.images.arcpublishing.com\/infobae\/RQB3GT6ZVBE5TCDPVBRVRLZ4RE.jpg 1200w,https:\/\/www.infobae.com\/new-resizer\/WfUi2E6EXxo3CsYR9w2N8eEZdOw=\/1440x960\/filters:format(webp):quality(85)\/cloudfront-us-east-1.images.arcpublishing.com\/infobae\/RQB3GT6ZVBE5TCDPVBRVRLZ4RE.jpg 1440w\">Eduardo Casal, procurador interino desde 2017 (Nicol\u00e1s Stulberg)<\/p>\n\n\n\n<p>De cara al avance de la implementaci\u00f3n del sistema acusatorio, todos coinciden que la figura del Procurador general ser\u00e1 clave. Los referentes de los cuatro partidos de Juntos coinciden en la decisi\u00f3n de nombrar uno nuevo, con consenso. Lo cierto es que, m\u00e1s all\u00e1 de que el resultado electoral le garantice a Juntos mayor n\u00famero de bancas en el Senado, no contar\u00e1n con la mayor\u00eda necesaria de dos tercios para aprobar su pliego. \u201cSe van a evaluar distintos perfiles. Mientras tanto (Eduardo) Casal va a seguir\u201d, resumi\u00f3 uno de los consultados. \u201cHizo muy buena tarea de forma independiente, muy equilibrada y profesional\u201d, agreg\u00f3 otro en referencia al procurador interno desde 2017, al que varios le auguran un buen tiempo m\u00e1s en el cargo.<\/p>\n\n\n\n<h2>Sistema Penitenciario Federal<\/h2>\n\n\n\n<p>Las c\u00e1rceles federales es otro de los temas que se incluir\u00e1 en los acuerdos program\u00e1ticos para un posible futuro gobierno de Juntos. Se buscar\u00e1 darle prioridad a la&nbsp;<strong>finalizaci\u00f3n de la construcci\u00f3n de c\u00e1rceles<\/strong>&nbsp;que estaban avanzadas sobre el final del gobierno de Cambiemos, como las de Coronda, Mercedes y la nueva de Marcos Paz, en reemplazo del penal de Devoto, que no fueron a\u00fan inauguradas y permitir\u00edan sumar un n\u00famero importantes de nuevas plazas. \u201cLa \u00fanica \u00fanica nueva c\u00e1rcel federal que se inagur\u00f3 en 2018, despu\u00e9s de siete a\u00f1os, fue el Centro Federal Penitenciario de Cuyo, ubicado en Luj\u00e1n de Cuyo\u201d, record\u00f3 Garavano.<\/p>\n\n\n\n<p><img decoding=\"async\" loading=\"lazy\" alt=\"Centro Penitenciario Federal de Luj\u00e1n de Cuyo, Mendoza, inaugurado en 2018\" height=\"385\" width=\"789\" class=\"\" src=\"https:\/\/cloudfront-us-east-1.images.arcpublishing.com\/infobae\/HWNF44ZO6NGXTPVBTIYG37N4HY.png\" srcset=\"https:\/\/www.infobae.com\/new-resizer\/dGnoNOsMI1R3SF_wK29ChknqOLM=\/420x187\/filters:format(webp):quality(85)\/cloudfront-us-east-1.images.arcpublishing.com\/infobae\/HWNF44ZO6NGXTPVBTIYG37N4HY.png 420w,https:\/\/www.infobae.com\/new-resizer\/zAKDQwKvtpe11gXe6tajU9ZMP78=\/768x341\/filters:format(webp):quality(85)\/cloudfront-us-east-1.images.arcpublishing.com\/infobae\/HWNF44ZO6NGXTPVBTIYG37N4HY.png 768w,https:\/\/www.infobae.com\/new-resizer\/8pvQ8gJSMesIyaVlAQn0DQixubU=\/992x441\/filters:format(webp):quality(85)\/cloudfront-us-east-1.images.arcpublishing.com\/infobae\/HWNF44ZO6NGXTPVBTIYG37N4HY.png 992w,https:\/\/www.infobae.com\/new-resizer\/QvKDeLJLM3IhbZtrQcI_qw2Xthk=\/1200x533\/filters:format(webp):quality(85)\/cloudfront-us-east-1.images.arcpublishing.com\/infobae\/HWNF44ZO6NGXTPVBTIYG37N4HY.png 1200w\">Centro Penitenciario Federal de Luj\u00e1n de Cuyo, Mendoza, inaugurado en 2018<\/p>\n\n\n\n<p>Tambi\u00e9n hay consenso en profundizar los&nbsp;<strong>sistemas de tobilleras y mecanismos de monitoreo electr\u00f3nico<\/strong>, como los dispositivos que se usaron en la gesti\u00f3n anterior en casos de violencia de g\u00e9nero, en los que no solo el agresor usaba una tobillera, sino que adem\u00e1s la v\u00edctima ten\u00eda un dispositivo que la alertaba si el agresor romp\u00eda la perimetral, y a su vez el dispositivo le avisaba a la Polic\u00eda del posible peligro de que se acercara a la v\u00edctima. En la alianza opositora creen, adem\u00e1s, que se debe incorporar tecnolog\u00eda en las c\u00e1rceles, como los&nbsp;<strong>inhibidores de celulares&nbsp;<\/strong>para evitar que los detenidos ordenen o cometan delitos desde sus tel\u00e9fonos.<\/p>\n\n\n\n<h2>R\u00e9gimen Penal Juvenil<\/h2>\n\n\n\n<p>Tambi\u00e9n hay un consenso en modificar el R\u00e9gimen Penal Juvenil, vigente desde la \u00e9poca de la dictadura. \u201cNo es garantista, ni efectivo para dar una mayor seguridad\u201d, opin\u00f3 uno de los expertos.<\/p>\n\n\n\n<p>Conscientes de que hay posturas diversas, que van desde desde la de Bullrich a la que defend\u00eda, por ejemplo, la ex ministra de Desarrollo Social de Macri, Carolina Stanley, admiten que&nbsp;<strong>es un tema en el que no ser\u00e1 f\u00e1cil ponerse de acuerdo en la letra fina, como bajar o no la edad de imputabilidad<\/strong>. \u201cPero quiz\u00e1s podamos acordar bajar la edad para algunos delitos muy graves y no para todos, por ejemplo\u201d, se\u00f1al\u00f3 uno de los que participa de los debates.<\/p>\n\n\n\n<h2>Revalorizar el rol de la v\u00edctima<\/h2>\n\n\n\n<p>Si bien los Centros de Acceso a la Justicia siguen estando operativos, y dentro de ellos funcionan los Centros de Atenci\u00f3n a las V\u00edctimas de Delitos, en el PRO advirtieron que no sucede lo mismo con el&nbsp;<strong>Observatorio para las V\u00edctimas<\/strong>&nbsp;destinado a monitorear la situaci\u00f3n de los afectados. Inaugurado en 2018, funcionaba bajo la \u00f3rbita del Ministerio de Justicia. \u201cFue un cambio de paradigma en materia penal, pero pareciera que para el kirchnerismo las v\u00edctimas de los delitos no son suficientemente importantes, y las invisibilizan. Y para nosotros son cruciales\u201d, reflexion\u00f3 el ex ministro Garavano.<\/p>\n\n\n\n<h2>Criminalidad compleja y narcocriminalidad<\/h2>\n\n\n\n<p>Los redactores del documento de las fundaciones de Juntos consideran que el flagelo del narcotr\u00e1fico con foco est\u00e1 en Rosario, se va a extender en todo el pa\u00eds si no se act\u00faa a tiempo en forma conjunta desde la Naci\u00f3n y las provincias. Desde la Fundaci\u00f3n Pensar destacan el programa que se desarroll\u00f3 en la gesti\u00f3n pasada desde el Ministerio de Justicia con el de Seguridad, llamado&nbsp;<strong>Argentina sin narcotr\u00e1fico<\/strong>. \u201cHab\u00edamos logrado buenos resultados. Pero cuando se fren\u00f3 este programa, las organizaciones criminales avanzaron de nuevo. Y cuando ganan territorio, corrompen m\u00e1s funcionarios y tienen m\u00e1s recursos\u201d. En ese sentido, comparten la preocupaci\u00f3n por el ingreso de drogas por la Hidrov\u00eda, y la amenaza de la penetraci\u00f3n en el Litoral argentino de las organizaciones criminales Primer Comando Capital (PCC) y el Comando Vermelho, surgidas en Brasil.<\/p>\n\n\n\n<p><img decoding=\"async\" loading=\"lazy\" alt=\"En Rosario, promueven un abordaje conjunto de la Justicia federal y provincial, con fuerzas policiales y de Seguridad nacionales y locales\" height=\"900\" width=\"1600\" class=\"\" src=\"https:\/\/cloudfront-us-east-1.images.arcpublishing.com\/infobae\/WOK4O7Z6SBAWVMB6AQHWKU5P3M.jpeg\" srcset=\"https:\/\/www.infobae.com\/new-resizer\/4R_JQQPpeKRJS6Ubb3hytTzFfNw=\/420x236\/filters:format(webp):quality(85)\/cloudfront-us-east-1.images.arcpublishing.com\/infobae\/WOK4O7Z6SBAWVMB6AQHWKU5P3M.jpeg 420w,https:\/\/www.infobae.com\/new-resizer\/L8b83Q-P0FyGvcdFhL_jbAJrAYU=\/768x432\/filters:format(webp):quality(85)\/cloudfront-us-east-1.images.arcpublishing.com\/infobae\/WOK4O7Z6SBAWVMB6AQHWKU5P3M.jpeg 768w,https:\/\/www.infobae.com\/new-resizer\/PQ0kivhW4gE1T1mOf77ygsMB2CI=\/992x558\/filters:format(webp):quality(85)\/cloudfront-us-east-1.images.arcpublishing.com\/infobae\/WOK4O7Z6SBAWVMB6AQHWKU5P3M.jpeg 992w,https:\/\/www.infobae.com\/new-resizer\/u7l2WhD6EjuhC7BxGYE8srl9zh8=\/1200x675\/filters:format(webp):quality(85)\/cloudfront-us-east-1.images.arcpublishing.com\/infobae\/WOK4O7Z6SBAWVMB6AQHWKU5P3M.jpeg 1200w,https:\/\/www.infobae.com\/new-resizer\/2Fh51_-OCUVfPJRV5OilbjUqMPo=\/1440x810\/filters:format(webp):quality(85)\/cloudfront-us-east-1.images.arcpublishing.com\/infobae\/WOK4O7Z6SBAWVMB6AQHWKU5P3M.jpeg 1440w\">En Rosario, promueven un abordaje conjunto de la Justicia federal y provincial, con fuerzas policiales y de Seguridad nacionales y locales<\/p>\n\n\n\n<p>Otro proyecto que hab\u00eda quedado trunco y que desde el PRO quieren reimpulsar es el del&nbsp;<strong>Centro de Fusi\u00f3n en Rosario para el trabajo conjunto de las fiscal\u00edas federales, provinciales, las fuerzas de seguridad federales y locales<\/strong>, y otros organismos como la UIF, el ex Registro Nacional de Armas y el Registro de Reincidencia, impulsado en la gesti\u00f3n anterior, qued\u00f3 trunco porque se demor\u00f3 la cesi\u00f3n del lugar donde se iba a construir el edificio y, finalmente no se concret\u00f3.<\/p>\n\n\n\n<h2>Oralidad y ley de amparo<\/h2>\n\n\n\n<p>Los distintos sectores est\u00e1n convencidos de avanzar en reformas para \u201cbrindar un mejor servicio de Justicia a la gente\u201d, como el proceso de\u00a0<strong>audiencias por oralidad efectiva en juicios civiles<\/strong>, en lugar de actas escritas, con mayor involucramiento del juez. En las 15 provincias donde se est\u00e1 implementando, los procesos pasaron a durar 6 a\u00f1os a menos de uno. Es el caso, por ejemplo, de Santa Fe, C\u00f3rdoba, Mendoza, Corrientes, La Pampa, Santiago del Estero, Misiones y Jujuy. \u201cFaltar\u00eda llevarla a todo el pa\u00eds en el orden nacional y en la Capital Federal\u201d, advirti\u00f3 uno de los expertos.<\/p>\n\n\n\n<p>\u201cHay que priorizar el mejoramiento de la justicia civil, la vecinal, la del consumidor, que son las que afectan el d\u00eda a d\u00eda de la gente, antes que pensar en reformar la justicia penal federal\u201d, que es la que interviene en los casos de corrupci\u00f3n de funcionarios, sostuvo uno de los redactores del documento.<\/p>\n\n\n\n<p>Finalmente, los t\u00e9cnicos de Juntos tambi\u00e9n promueven\u00a0<strong>sancionar una nueva ley de amparo<\/strong>, ya que la actual es de la \u00e9poca de Juan Carlos Ongan\u00eda, para hacerla \u201c<strong>menos formal y burocr\u00e1tica, y volverla m\u00e1s f\u00e1cil de usar para cualquier ciudadano<\/strong>\u201d.<\/p>\n\n\n\n<p>Fuente: Infobae<\/p>\n","protected":false},"excerpt":{"rendered":"<div class=\"mh-excerpt\"><p>\u00bfQu\u00e9 quiere hacer Juntos por el Cambio con la Justicia, en caso de volver al poder? Cada vez m\u00e1s vapuleada por distintos actores del oficialismo, se trata de&nbsp;un \u00e1rea que se convirti\u00f3 casi en la obsesi\u00f3n del kirchnerismo en esta gesti\u00f3n del Frente de Todos. La principal coalici\u00f3n opositora, con chances reales de ganar las pr\u00f3ximas elecciones, \u00bfpiensa ampliar el n\u00famero de integrantes de la Corte Suprema?\u00bfEval\u00faa cambios en el Consejo de la Magistratura? \u00bfC\u00f3mo planea cubrir las vacantes en los Juzgados que hoy llegan a casi un tercio del total de los cargos? Pese a la interna existente entre <a class=\"mh-excerpt-more\" href=\"http:\/\/dsrmedios.com.ar\/diario\/archivos\/31619\" title=\"Los planes de Juntos por el Cambio para la Justicia en caso de volver al poder\">[Leer m\u00e1s]<\/a><\/p>\n<\/div>","protected":false},"author":6,"featured_media":31620,"comment_status":"open","ping_status":"closed","sticky":false,"template":"","format":"standard","meta":{"_jetpack_newsletter_access":""},"categories":[6],"tags":[],"jetpack_featured_media_url":"http:\/\/dsrmedios.com.ar\/diario\/wp-content\/uploads\/2023\/04\/images-23.jpg","jetpack_sharing_enabled":true,"jetpack_shortlink":"https:\/\/wp.me\/p9fihK-8dZ","_links":{"self":[{"href":"http:\/\/dsrmedios.com.ar\/diario\/wp-json\/wp\/v2\/posts\/31619"}],"collection":[{"href":"http:\/\/dsrmedios.com.ar\/diario\/wp-json\/wp\/v2\/posts"}],"about":[{"href":"http:\/\/dsrmedios.com.ar\/diario\/wp-json\/wp\/v2\/types\/post"}],"author":[{"embeddable":true,"href":"http:\/\/dsrmedios.com.ar\/diario\/wp-json\/wp\/v2\/users\/6"}],"replies":[{"embeddable":true,"href":"http:\/\/dsrmedios.com.ar\/diario\/wp-json\/wp\/v2\/comments?post=31619"}],"version-history":[{"count":1,"href":"http:\/\/dsrmedios.com.ar\/diario\/wp-json\/wp\/v2\/posts\/31619\/revisions"}],"predecessor-version":[{"id":31621,"href":"http:\/\/dsrmedios.com.ar\/diario\/wp-json\/wp\/v2\/posts\/31619\/revisions\/31621"}],"wp:featuredmedia":[{"embeddable":true,"href":"http:\/\/dsrmedios.com.ar\/diario\/wp-json\/wp\/v2\/media\/31620"}],"wp:attachment":[{"href":"http:\/\/dsrmedios.com.ar\/diario\/wp-json\/wp\/v2\/media?parent=31619"}],"wp:term":[{"taxonomy":"category","embeddable":true,"href":"http:\/\/dsrmedios.com.ar\/diario\/wp-json\/wp\/v2\/categories?post=31619"},{"taxonomy":"post_tag","embeddable":true,"href":"http:\/\/dsrmedios.com.ar\/diario\/wp-json\/wp\/v2\/tags?post=31619"}],"curies":[{"name":"wp","href":"https:\/\/api.w.org\/{rel}","templated":true}]}}