{"id":31603,"date":"2023-04-24T06:48:48","date_gmt":"2023-04-24T09:48:48","guid":{"rendered":"http:\/\/dsrmedios.com.ar\/diario\/?p=31603"},"modified":"2023-04-24T06:48:51","modified_gmt":"2023-04-24T09:48:51","slug":"la-politica-entro-en-cuenta-regresiva-a-dos-meses-del-cierre-de-listas-reinan-la-incertidumbre-y-las-intrigas","status":"publish","type":"post","link":"http:\/\/dsrmedios.com.ar\/diario\/archivos\/31603","title":{"rendered":"La pol\u00edtica entr\u00f3 en cuenta regresiva: a dos meses del cierre de listas, reinan la incertidumbre y las intrigas"},"content":{"rendered":"\n<p>En un contexto de fragilidad econ\u00f3mica, la pol\u00edtica argentina entr\u00f3 desde hoy en cuenta regresiva. A dos meses exactos del cierre de listas, el Frente de Todos y Juntos por el Cambio empezaron a acelerar los pasos para definir candidatos y ordenar una oferta electoral que enfrenta un desaf\u00edo in\u00e9dito: la irrupci\u00f3n de una tercera opci\u00f3n competitiva, los libertarios de&nbsp;<strong>Javier Milei.<\/strong><\/p>\n\n\n\n<p>Se trata de un cambio de ritmo, una urgencia, que la impone el cronograma oficial que difundi\u00f3 el a\u00f1o pasado la C\u00e1mara Nacional Electoral. All\u00ed figura, entre m\u00e1s de tres docenas de fechas, el 24 de junio como \u201cInicio de la campa\u00f1a electoral para las PASO\u201d y \u201cfin del plazo para la presentaci\u00f3n de listas de precandidatos ante las Juntas Electorales Partidarias\u201d.<\/p>\n\n\n\n<p>Es un moj\u00f3n crucial, porque definir\u00e1 qui\u00e9nes competir\u00e1n en las primarias convocadas para el 13 de agosto, las generales del 22 de octubre y el inevitable balotaje del 19 de noviembre.<\/p>\n\n\n\n<p>Es una cuenta regresiva con otra caracter\u00edstica especial: los tres presidentes que gobernaron el pa\u00eds los \u00faltimos 15 a\u00f1os &#8211;<strong>Cristina Kirchner, Mauricio Macri y Alberto Fern\u00e1ndez<\/strong>&#8211; anunciaron entre diciembre y el viernes pasado que no competir\u00e1n por otro mandato. Sin embargo, los tres pretenden influir en la definici\u00f3n de los candidatos y enfrentan la resistencia de sus antiguos subordinados.<\/p>\n\n\n\n<p><\/p>\n\n\n\n<p>0 seconds of 7 minutes, 42 secondsVolume 0%El video del anuncio de Alberto Fern\u00e1ndez que anunci\u00f3 que no ir\u00e1 por la reelecci\u00f3n.<\/p>\n\n\n\n<h2>Cristina en La Plata y el turno de Massa<\/h2>\n\n\n\n<p>En concreto, la vicepresidenta estar\u00e1 el pr\u00f3ximo jueves, el d\u00eda que se cumplen 20 a\u00f1os de la elecci\u00f3n de N\u00e9stor Kirchner, en el Teatro Argentino de La Plata. Es la ciudad desde donde gobierna la provincia de Buenos Aires Axel Kicillof y el escenario donde anunci\u00f3 su primera candidatura presidencial, all\u00e1 por 2007.<\/p>\n\n\n\n<p>Como en cada oportunidad que Cristina Kirchner prepara un acto, el contenido de su discurso es conocido por el c\u00edrculo m\u00e1s \u00edntimo y herm\u00e9tico de colaboradores. La semana pasada, una personalidad pol\u00edtica que la conoce hace d\u00e9cadas confi\u00f3 a Infobae: \u201cNinguno de nosotros pierde la esperanza. Aunque ella dijo que no, nosotros queremos que sea candidata\u201d.<\/p>\n\n\n\n<p>El acto del jueves lo anunci\u00f3 M\u00e1ximo Kirchner cuando crec\u00eda la presi\u00f3n para que la vicepresidenta participe de una movilizaci\u00f3n que estaba organizando el kirchnerismo para el 25 de mayo y donde le reclamaban su presencia. \u201cQueremos que venga al acto y que anuncie algo que nos guste. La invitaci\u00f3n se la hicimos. Todav\u00eda no respondi\u00f3\u201d, dec\u00eda esta fuente, con una mezcla de tristeza y recriminaci\u00f3n.<\/p>\n\n\n\n<p>Lejos de desautorizarlo, CFK viene convalidando el operativo clamor en cada acto p\u00fablico -dejando correr el c\u00e1ntico \u201cPresidenta, Cristina Presidenta\u201d-, aunque a cada interlocutor con el que se encuentra le transmite el mismo mensaje: \u201cNo es que si voy de candidata ya est\u00e1 todo solucionado\u201d.<\/p>\n\n\n\n<p>Esas se\u00f1ales alientan a otro sector del Frente de Todos que alientan la alternativa de&nbsp;<strong>Sergio Massa<\/strong>&nbsp;como candidato \u00fanico, con apoyo de CFK y de La C\u00e1mpora. El ministro de Econom\u00eda enfrenta primero el desaf\u00edo de poner en caja el d\u00f3lar, una variable indomable que es el term\u00f3metro que mira la pol\u00edtica para definir, adem\u00e1s de candidaturas, el formato de la campa\u00f1a que viene.<\/p>\n\n\n\n<p>En el Ministerio de Econom\u00eda confiaban en que esta semana la cotizaci\u00f3n libre del billete norteamericano podr\u00eda aflojar, despu\u00e9s de una semana de desquicio, producto de las versiones de devaluaci\u00f3n que surgieron tras la difusi\u00f3n del paper de Antonio Aracre, fugaz jefe de asesores de Alberto Fern\u00e1ndez. Lo cierto es que con las cotizaciones disparadas, la semana termin\u00f3 con el ex CEO eyectado de su cargo y el Presidente declinando competir por otro mandato. \u00bfLe alcanzar\u00e1 eso al mercado?<\/p>\n\n\n\n<p><img decoding=\"async\" loading=\"lazy\" height=\"1080\" width=\"1920\" srcset=\"https:\/\/www.infobae.com\/new-resizer\/T7fr-9hzbd8EUdv9JNkZ1N3TWD4=\/420x236\/filters:format(webp):quality(85)\/cloudfront-us-east-1.images.arcpublishing.com\/infobae\/LVWVQQVHJNBFBOEAPIFZTIQJSM.jpg 420w,https:\/\/www.infobae.com\/new-resizer\/QzyVp6H0W-03mR-XR8s5s9jg2dQ=\/768x432\/filters:format(webp):quality(85)\/cloudfront-us-east-1.images.arcpublishing.com\/infobae\/LVWVQQVHJNBFBOEAPIFZTIQJSM.jpg 768w,https:\/\/www.infobae.com\/new-resizer\/9KYdFwR4PdvXXhsRfmUec2_KCyc=\/992x558\/filters:format(webp):quality(85)\/cloudfront-us-east-1.images.arcpublishing.com\/infobae\/LVWVQQVHJNBFBOEAPIFZTIQJSM.jpg 992w,https:\/\/www.infobae.com\/new-resizer\/IEXRHDy3HkPbfJOiFiLD7PyF6Mw=\/1200x675\/filters:format(webp):quality(85)\/cloudfront-us-east-1.images.arcpublishing.com\/infobae\/LVWVQQVHJNBFBOEAPIFZTIQJSM.jpg 1200w,https:\/\/www.infobae.com\/new-resizer\/cKw83sIQ5T_n5AYjadXGyn6Zb1Q=\/1440x810\/filters:format(webp):quality(85)\/cloudfront-us-east-1.images.arcpublishing.com\/infobae\/LVWVQQVHJNBFBOEAPIFZTIQJSM.jpg 1440w\" class=\"\" src=\"https:\/\/cloudfront-us-east-1.images.arcpublishing.com\/infobae\/LVWVQQVHJNBFBOEAPIFZTIQJSM.jpg\" alt=\"D\u00f3lar indomable y elecciones. Sergio Massa empieza una semana clave.\">D\u00f3lar indomable y elecciones. Sergio Massa empieza una semana clave<\/p>\n\n\n\n<p>En el Palacio de Hacienda confiaban en que esta semana la liquidaci\u00f3n del d\u00f3lar agro -con el aporte de econom\u00edas regionales- y el compromiso de Estados Unidos de que habilitar\u00e1 m\u00e1s desembolsos de organismos multilaterales aplacar\u00e1n algo la histeria financiera. Gravita en esto \u00faltimo una interpretaci\u00f3n geopol\u00edtica que alinea la flexibilidad de Washington con el gobierno argentino a la necesidad de fortalecer un aliado frente al extrav\u00edo diplom\u00e1tico del brasile\u00f1o<strong>&nbsp;Luiz Inacio Lula Da Silva<\/strong>, ensimismado en coqueteos inexplicables con los chinos y los rusos.<\/p>\n\n\n\n<p>\u00bfC\u00f3mo pueden apoyar a la gesti\u00f3n de Massa y al mismo tiempo criticar el acuerdo con el Fondo Monetario y plantear que hay que dejar de pagarlo y renegociar? La plasticidad del peronismo es un arte que Cristina Kirchner le transmiti\u00f3 a La C\u00e1mpora hace rato.<\/p>\n\n\n\n<h2>Macri y la batalla de los egos<\/h2>\n\n\n\n<p>Como anticip\u00f3 este domingo&nbsp;<strong>Infobae<\/strong>, Mauricio Macri tendr\u00e1 toda esta semana una serie de reuniones con l\u00edderes de Juntos por el Cambio. La coalici\u00f3n opositora termin\u00f3 sumida en una crisis pol\u00edtica por su embestida contra Horacio Rodr\u00edguez Larreta por no apoyar a su primo, el intendente de Vicente L\u00f3pez Jorge Macri, como candidato \u00fanico del PRO para jefe de gobierno porte\u00f1o.<\/p>\n\n\n\n<p>Esa reacci\u00f3n cr\u00edtica contra la convocatoria a elecciones concurrentes en la ciudad de Buenos Aires junto a las nacionales, m\u00e1s los elogios a Javier Milei no s\u00f3lo provocaron malestar en la dirigencia alineada con Larreta, sino tambi\u00e9n con una porci\u00f3n importante del radicalismo, un socio clave dentro de JxC.<\/p>\n\n\n\n<p><img decoding=\"async\" loading=\"lazy\" alt=\"La \u00faltima juntos. Mauricio Macri junto a Patricia Bullrich y Horacio Rodr\u00edguez Larreta en un encuentro de la Fundaci\u00f3n Libertad\" height=\"405\" width=\"720\" class=\"\" src=\"https:\/\/cloudfront-us-east-1.images.arcpublishing.com\/infobae\/QVVAMFB55RDHNBIYHRZWFSNILU.jpeg\" srcset=\"https:\/\/www.infobae.com\/new-resizer\/hpFzpOYXsnm6pqWQzs3yxmw3Mg4=\/420x236\/filters:format(webp):quality(85)\/cloudfront-us-east-1.images.arcpublishing.com\/infobae\/QVVAMFB55RDHNBIYHRZWFSNILU.jpeg 420w,https:\/\/www.infobae.com\/new-resizer\/ieZPUHu19TFR1RZn0BhcrfSw3Vk=\/768x432\/filters:format(webp):quality(85)\/cloudfront-us-east-1.images.arcpublishing.com\/infobae\/QVVAMFB55RDHNBIYHRZWFSNILU.jpeg 768w,https:\/\/www.infobae.com\/new-resizer\/_vRhm0KpAm3JAX7evcEq_exeDC4=\/992x558\/filters:format(webp):quality(85)\/cloudfront-us-east-1.images.arcpublishing.com\/infobae\/QVVAMFB55RDHNBIYHRZWFSNILU.jpeg 992w,https:\/\/www.infobae.com\/new-resizer\/cf38Eq_hmsbBsYPs247JvKkKHpM=\/1200x675\/filters:format(webp):quality(85)\/cloudfront-us-east-1.images.arcpublishing.com\/infobae\/QVVAMFB55RDHNBIYHRZWFSNILU.jpeg 1200w,https:\/\/www.infobae.com\/new-resizer\/Y7AjXdwCPZC93PriFfaiQcLW4Kc=\/1440x810\/filters:format(webp):quality(85)\/cloudfront-us-east-1.images.arcpublishing.com\/infobae\/QVVAMFB55RDHNBIYHRZWFSNILU.jpeg 1440w\">La \u00faltima juntos. Mauricio Macri junto a Patricia Bullrich y Horacio Rodr\u00edguez Larreta en un encuentro de la Fundaci\u00f3n Libertad<\/p>\n\n\n\n<p>\u201cNo se entiende por qu\u00e9 reaccion\u00f3 as\u00ed con Horacio. Cuando Gabriela Michetti lo enfrent\u00f3 y compiti\u00f3 para ser jefa de gobierno, \u00e9l la respet\u00f3 pero le hizo campa\u00f1a en contra, sin agresiones y sin decir que no se respetaban los valores del PRO ni plantear que estaba decepcionado. Ahora podr\u00eda haber hecho lo mismo: nadie le va a decir que no haga campa\u00f1a por su primo\u201d, explicaba un dirigente oficialista.<\/p>\n\n\n\n<p>El diputado radical y vicerrector de la UBA,&nbsp;<a href=\"https:\/\/www.infobae.com\/reportajes\/2023\/04\/23\/yacobitti-dijo-que-lousteau-va-a-gestionar-con-los-mejores-no-solo-con-radicales-y-recordo-que-macri-prohibio-los-familiares-en-su-gobierno\/\" target=\"_blank\" rel=\"noreferrer noopener\">Emiliano Yacobitti,<\/a>&nbsp;que apoya a Mart\u00edn Lousteau para la sucesi\u00f3n porte\u00f1a, fue duro con el ex presidente: \u201cMacri es ex presidente y es muy importante en Juntos por el Cambio pero no quiere decir que el resto tenga que hacer lo que \u00e9l dice. Si yo estuviera en su lugar y decid\u00ed no competir, aconsejar\u00eda a todos, pero no tratar\u00eda de influir de esa manera. No es bueno para \u00e9l\u201d.<\/p>\n\n\n\n<p>Lo cierto es que esa tensi\u00f3n con quien fuera su jefe de Gabinete durante los ocho a\u00f1os que gobern\u00f3 la ciudad de Buenos Aires dej\u00f3 a Mauricio Macri del lado de Patricia Bullrich. La precandidata ya avis\u00f3 que no se siente c\u00f3moda con eso. \u201cNo espero el apoyo de Macri\u201d, dijo en declaraciones period\u00edsticas. Un confidente de \u201cLa Piba\u201d le revel\u00f3 a Infobae que en la reuni\u00f3n que ambos tuvieron en Cumel\u00e9n en el verano ella le dej\u00f3 claro que no iba a aceptar tutelaje.<\/p>\n\n\n\n<p>M\u00e1s all\u00e1 del intento de influir en el armado de la oferta electoral de Juntos por el Cambio de Macri, Patricia Bullrich negocia con el denominado \u201cGrupo Malbec\u201d de la UCR no s\u00f3lo su vicepresidente -suenan el mendocino Rodolfo Su\u00e1rez y el formose\u00f1o Luis Naidenoff-, sino un acuerdo m\u00e1s amplio que contenga incluso la provincia de Buenos Aires y un futuro gabinete nacional.<\/p>\n\n\n\n<p>Una figura clave tambi\u00e9n en el PRO es Mar\u00eda Eugenia Vidal, que todav\u00eda no desactiva su precandidatura presidencial. Colaboradores que la consultaron este fin de semana revelaron a Infobae que anunciar\u00e1 su decisi\u00f3n la semana que viene. \u201cDije que lo iba a decidir a fines de abril y principios de mayo y as\u00ed lo voy a hacer\u201d, les respondi\u00f3. Sigue reflexionando cu\u00e1l puede ser su mejor aporte a Juntos por el Cambio mientras se multiplican los pedidos para que acepte ser candidata porte\u00f1a. Hasta la semana pasada la respuesta era no.<\/p>\n\n\n\n<h2>El camino libertario<\/h2>\n\n\n\n<p>Mientras tanto, Javier Milei muestra una potencia individual desconocida para el resto del sistema pol\u00edtica. La difusi\u00f3n de los videos y las fotos de la movilizaci\u00f3n del fin de semana en San Juan sorprenden. Se trata de un territorio gobernado por el peronismo de Sergio U\u00f1ac y que desconoce de movilizaciones como las que ocurrieron el s\u00e1bado.<\/p>\n\n\n\n<p>Sigue una l\u00f3gica que le viene dando \u00e9xito desde que decidi\u00f3 caminar las movedizas arenas de la pol\u00edtica: mucha presencia en los medios de comunicaci\u00f3n y en las redes sociales, las principales herramientas que utiliza para emparejar la falta de estructuras propias en el territorio y recursos econ\u00f3micos.<\/p>\n\n\n\n<p>Aunque los n\u00fameros de las encuestas todav\u00eda le sonr\u00eden y aparece como imparable a cuatro meses de las elecciones, empez\u00f3 a aparecer otra vez las declaraciones pol\u00e9micas que tantos dolores de cabeza le trajo el a\u00f1o pasado, con la venta de \u00f3rganos y la libertad para que todos vayan armados. Esta vez pas\u00f3 con su rechazo a la obligatoriedad de la educaci\u00f3n.<\/p>\n\n\n\n<p><img decoding=\"async\" loading=\"lazy\" alt=\"At\u00edpico. Javier Milei y la multitud que lo acompa\u00f1\u00f3 en San Juan.\" height=\"576\" width=\"1024\" class=\"\" src=\"https:\/\/cloudfront-us-east-1.images.arcpublishing.com\/infobae\/2WXEZCY2FBCRDDEJQMKR7CC5QY.jpeg\" srcset=\"https:\/\/www.infobae.com\/new-resizer\/-btoqWu4D9nEYn6TTgB5Sf8jDIo=\/420x236\/filters:format(webp):quality(85)\/cloudfront-us-east-1.images.arcpublishing.com\/infobae\/2WXEZCY2FBCRDDEJQMKR7CC5QY.jpeg 420w,https:\/\/www.infobae.com\/new-resizer\/9Ma8MAaR9EOiNvGxPodvWQjcz1o=\/768x432\/filters:format(webp):quality(85)\/cloudfront-us-east-1.images.arcpublishing.com\/infobae\/2WXEZCY2FBCRDDEJQMKR7CC5QY.jpeg 768w,https:\/\/www.infobae.com\/new-resizer\/SkncULHisJ7THmF24AFfYdvRvBE=\/992x558\/filters:format(webp):quality(85)\/cloudfront-us-east-1.images.arcpublishing.com\/infobae\/2WXEZCY2FBCRDDEJQMKR7CC5QY.jpeg 992w,https:\/\/www.infobae.com\/new-resizer\/bbw_tweVo4-YK7W9LcTq14V5rGM=\/1200x675\/filters:format(webp):quality(85)\/cloudfront-us-east-1.images.arcpublishing.com\/infobae\/2WXEZCY2FBCRDDEJQMKR7CC5QY.jpeg 1200w,https:\/\/www.infobae.com\/new-resizer\/lyGpACLbDXibUBTCpRI_oo1H4l0=\/1440x810\/filters:format(webp):quality(85)\/cloudfront-us-east-1.images.arcpublishing.com\/infobae\/2WXEZCY2FBCRDDEJQMKR7CC5QY.jpeg 1440w\">At\u00edpico. Javier Milei y la multitud que lo acompa\u00f1\u00f3 en San Juan.<\/p>\n\n\n\n<h2>Encuestas, n\u00fameros y escenarios<\/h2>\n\n\n\n<p>Las \u00faltimas encuestas que trascendieron tienen resultados para todas las preferencias pol\u00edticas, pero una coincidencia: el lugar de Javier Milei no sale de los primeros puestos y disputa de igual a igual con las dos coaliciones que, hasta el a\u00f1o pasado, dominaban el escenario pol\u00edtico. Se trata de una amenaza que cabalga, en simult\u00e1neo, con la necesidad de cambio y un estado de \u00e1nimo entre depresivo y agresivo.<\/p>\n\n\n\n<p>Como anticip\u00f3&nbsp;<strong>Infobae<\/strong>, en la \u00faltima encuesta de Opina Argentina, que encabeza Facundo Nejamkis, Javier Milei encabeza la intenci\u00f3n de voto de manera individual, mientras el tablero electoral queda definido en tercios: 27% Juntos por el Cambio y Frente de Todos, respectivamente, y m\u00e1s atr\u00e1s los libertarios, con 23%. Y en la interna opositora, Horacio Rodr\u00edguez Larreta (16%) aventaja a su rival interna, Patricia Bullrich (10%).<\/p>\n\n\n\n<p>Adem\u00e1s, los \u00faltimos tres presidentes recogen entre los consultados los niveles m\u00e1s altos de rechazo. Seg\u00fan la encuesta, \u201cMacri, Alberto Fern\u00e1ndez y Cristina Kirchner son los dirigentes con el techo m\u00e1s bajo de voto. La opci\u00f3n \u2018nunca los votar\u00eda\u2019 es elegida, respectivamente, por el 75%, el 70% y el 69%\u201d. Y otro punto clave es que la mayor\u00eda de los que respondieron (53%) se pronunciaron a favor de tener en el futuro \u201cun liderazgo firme y capaz de imponer sus ideas\u201d, antes que \u201cun liderazgo que genere di\u00e1logo y consensos\u201d.<\/p>\n\n\n\n<p>La encuesta que Zuban C\u00f3rdoba y Asociados difundi\u00f3 este fin de semana le agreg\u00f3 una dimensi\u00f3n al estado de \u00e1nimo colectivo: detect\u00f3 que m\u00e1s del 76% cree que el pa\u00eds va en direcci\u00f3n incorrecta, el 68,7% tiene una opini\u00f3n negativa sobre el gobierno nacional, y el 62% est\u00e1 de acuerdo con la frase \u201chace falta un cambio de Gobierno en el pa\u00eds\u201d.<\/p>\n\n\n\n<p>Si bien fue el sondeo que ubic\u00f3 a Milei m\u00e1s lejos en el listado de los l\u00edderes pol\u00edticos mejor posicionados, expuso algunas inconsistencias que en la pol\u00edtica se comenta con asiduidad. Votantes dispuestos a elegir un dirigente que est\u00e1 en contra de sus valores: \u201cMedimos la adhesi\u00f3n de la sociedad argentina a determinados postulados o propuestas como \u2018privatizar Aerol\u00edneas o YPF\u2019, \u2018privatizar la educaci\u00f3n p\u00fablica\u2019 o \u2018dolarizar la econom\u00eda\u2019 y todas obtuvieron rechazos mayoritarios, incluso entre los votantes de Milei\u201d, subray\u00f3 el trabajo.<\/p>\n\n\n\n<p>En un sondeo que difundi\u00f3 Shila Vilker, de Trespuntozero, que midi\u00f3 imagen, detect\u00f3 en primer t\u00e9rmino que los que mejor rankean son l\u00edderes de la oposici\u00f3n, pero con una estructuraci\u00f3n distinta de la que mostraron otros sondeos. La primera en esa lista es Patricia Bullrich, le siguen Milei, Mauricio Macri, Mar\u00eda Eugenia Vidal y Horacio Rodr\u00edguez Larreta. Si bien ninguno alcanza el 50% de \u201cpositividad\u201d, tienen saldo a favor -m\u00e1s \u201cbuena y muy buena\u201d que \u201cmala y muy mala\u201d- la ex ministra de Seguridad y el l\u00edder libertario.<\/p>\n\n\n\n<p>Quedan detr\u00e1s en este relevamiento realizado en el \u00e1mbito nacional y que difundi\u00f3 la titular de la encuestadora todas las figuras del oficialismo, con una clave: Cristina Kirchner encabeza el pelot\u00f3n y todos tienen una imagen \u201cmuy mala\u201d entre 64,6% y el 74,8%. Son encuestas que devuelven una imagen ingrata, la de una gesti\u00f3n signada por la frustraci\u00f3n y el fracaso.<\/p>\n\n\n\n<p>Fuente: Infobae<\/p>\n","protected":false},"excerpt":{"rendered":"<div class=\"mh-excerpt\"><p>En un contexto de fragilidad econ\u00f3mica, la pol\u00edtica argentina entr\u00f3 desde hoy en cuenta regresiva. A dos meses exactos del cierre de listas, el Frente de Todos y Juntos por el Cambio empezaron a acelerar los pasos para definir candidatos y ordenar una oferta electoral que enfrenta un desaf\u00edo in\u00e9dito: la irrupci\u00f3n de una tercera opci\u00f3n competitiva, los libertarios de&nbsp;Javier Milei. Se trata de un cambio de ritmo, una urgencia, que la impone el cronograma oficial que difundi\u00f3 el a\u00f1o pasado la C\u00e1mara Nacional Electoral. All\u00ed figura, entre m\u00e1s de tres docenas de fechas, el 24 de junio como \u201cInicio <a class=\"mh-excerpt-more\" href=\"http:\/\/dsrmedios.com.ar\/diario\/archivos\/31603\" title=\"La pol\u00edtica entr\u00f3 en cuenta regresiva: a dos meses del cierre de listas, reinan la incertidumbre y las intrigas\">[Leer m\u00e1s]<\/a><\/p>\n<\/div>","protected":false},"author":6,"featured_media":31604,"comment_status":"open","ping_status":"closed","sticky":false,"template":"","format":"standard","meta":{"_jetpack_newsletter_access":""},"categories":[6],"tags":[],"jetpack_featured_media_url":"http:\/\/dsrmedios.com.ar\/diario\/wp-content\/uploads\/2023\/04\/descarga-37.jpg","jetpack_sharing_enabled":true,"jetpack_shortlink":"https:\/\/wp.me\/p9fihK-8dJ","_links":{"self":[{"href":"http:\/\/dsrmedios.com.ar\/diario\/wp-json\/wp\/v2\/posts\/31603"}],"collection":[{"href":"http:\/\/dsrmedios.com.ar\/diario\/wp-json\/wp\/v2\/posts"}],"about":[{"href":"http:\/\/dsrmedios.com.ar\/diario\/wp-json\/wp\/v2\/types\/post"}],"author":[{"embeddable":true,"href":"http:\/\/dsrmedios.com.ar\/diario\/wp-json\/wp\/v2\/users\/6"}],"replies":[{"embeddable":true,"href":"http:\/\/dsrmedios.com.ar\/diario\/wp-json\/wp\/v2\/comments?post=31603"}],"version-history":[{"count":1,"href":"http:\/\/dsrmedios.com.ar\/diario\/wp-json\/wp\/v2\/posts\/31603\/revisions"}],"predecessor-version":[{"id":31605,"href":"http:\/\/dsrmedios.com.ar\/diario\/wp-json\/wp\/v2\/posts\/31603\/revisions\/31605"}],"wp:featuredmedia":[{"embeddable":true,"href":"http:\/\/dsrmedios.com.ar\/diario\/wp-json\/wp\/v2\/media\/31604"}],"wp:attachment":[{"href":"http:\/\/dsrmedios.com.ar\/diario\/wp-json\/wp\/v2\/media?parent=31603"}],"wp:term":[{"taxonomy":"category","embeddable":true,"href":"http:\/\/dsrmedios.com.ar\/diario\/wp-json\/wp\/v2\/categories?post=31603"},{"taxonomy":"post_tag","embeddable":true,"href":"http:\/\/dsrmedios.com.ar\/diario\/wp-json\/wp\/v2\/tags?post=31603"}],"curies":[{"name":"wp","href":"https:\/\/api.w.org\/{rel}","templated":true}]}}