{"id":31601,"date":"2023-04-23T09:35:31","date_gmt":"2023-04-23T12:35:31","guid":{"rendered":"http:\/\/dsrmedios.com.ar\/diario\/?p=31601"},"modified":"2023-04-23T09:35:35","modified_gmt":"2023-04-23T12:35:35","slug":"con-una-medida-del-banco-central-el-gobierno-prepara-el-terreno-para-el-canje-de-los-bonos-de-la-anses","status":"publish","type":"post","link":"http:\/\/dsrmedios.com.ar\/diario\/archivos\/31601","title":{"rendered":"Con una medida del Banco Central, el Gobierno prepara el terreno para el canje de los bonos de la Anses"},"content":{"rendered":"\n<p>En una semana marcada por los&nbsp;<a href=\"https:\/\/tn.com.ar\/economia\/2023\/04\/22\/dolar-blue-record-seis-razones-que-explican-la-escalada-de-los-ultimos-diez-dias\/\" target=\"_blank\" rel=\"noreferrer noopener\">r\u00e9cords del d\u00f3lar blue y los financieros<\/a>, el&nbsp;<strong>Banco Central<\/strong>&nbsp;(BCRA) tom\u00f3 medidas tendientes a&nbsp;<a href=\"https:\/\/tn.com.ar\/economia\/2023\/04\/20\/en-medio-de-la-tension-cambiaria-el-banco-central-subio-la-tasa-de-interes-al-81\/\" target=\"_blank\" rel=\"noreferrer noopener\">hacer m\u00e1s atractivo el rendimiento de los pesos,<\/a>&nbsp;reforzar el&nbsp;<strong>cepo<\/strong>&nbsp;y favorecer la utilizaci\u00f3n de&nbsp;<strong>bonos con legislaci\u00f3n local<\/strong>&nbsp;para dolarizarse a trav\u00e9s del mercado financiero.<\/p>\n\n\n\n<p>Como parte de la Comunicaci\u00f3n \u201cA\u201d 7746 emitida por la entidad que preside\u00a0<strong>Miguel Pesce<\/strong>, se\u00a0<strong>aument\u00f3 de 90 a 180 d\u00edas\u00a0<\/strong>el per\u00edodo que debe transcurrir para que una persona o empresa pueda\u00a0<strong>acceder al mercado oficial de cambios<\/strong>\u00a0(por ejemplo, para comprar d\u00f3lar solidario o para pagar importaciones) si realiz\u00f3 operaciones de\u00a0<strong>contado con liquidaci\u00f3n<\/strong>\u00a0mediante bonos regidos por legislaci\u00f3n extranjera.<\/p>\n\n\n\n<p>\u201cHasta la fecha, al momento de acceder al mercado de cambios, se deb\u00eda declarar que, en los&nbsp;<strong>90 d\u00edas<\/strong>&nbsp;corridos previos no se hab\u00edan realizado operaciones de \u2018contado con liqui\u2019 o similares, y que no se realizar\u00edan en los 90 d\u00edas corridos posteriores\u201d, explicaron desde el estudio jur\u00eddico&nbsp;<em>Tavarone, Rovelli, Salim &amp; Miani<\/em>.<\/p>\n\n\n\n<p>Y completaron: \u201cA partir de ahora, dicho plazo&nbsp;<strong>se extiende a 180 d\u00edas previos y posteriores<\/strong>, a menos que la operaci\u00f3n se realice con t\u00edtulos valores emitidos bajo ley argentina, en cuyo caso el plazo se mantendr\u00e1 en 90 d\u00edas\u201d. La medida est\u00e1&nbsp;<strong>vigente desde el \u00faltimo viernes<\/strong>&nbsp;y no tiene car\u00e1cter retroactivo.<\/p>\n\n\n\n<h2>Un gui\u00f1o al canje de la Anses<\/h2>\n\n\n\n<p>La medida del BCRA no apunta solamente a disminuir la operatoria cambiaria con bonos Globales (regulados por la Ley de Nueva York) sino tambi\u00e9n a&nbsp;<strong>dirigir la demanda hacia los t\u00edtulos conocidos como Bonares<\/strong>. Estos \u00faltimos est\u00e1n regidos por la legislaci\u00f3n argentina y su s\u00edmbolo empieza con AL.<\/p>\n\n\n\n<figure class=\"wp-block-image\"><img decoding=\"async\" src=\"https:\/\/tn.com.ar\/resizer\/vG01TwHNs6rbu4XFvT98qj1AvXo=\/767x0\/smart\/filters:format(webp)\/cloudfront-us-east-1.images.arcpublishing.com\/artear\/55EQ6XZX5NCKZN2OCIECNYH7BU.jpg\" alt=\"El precio del contado con liquidaci\u00f3n se calcula a partir de las cotizaciones en pesos y en d\u00f3lares de los bonos m\u00e1s negociados.  (Foto: T\u00e9lam)\"\/><figcaption class=\"wp-element-caption\">El precio del contado con liquidaci\u00f3n se calcula a partir de las cotizaciones en pesos y en d\u00f3lares de los bonos m\u00e1s negociados. (Foto: T\u00e9lam)<\/figcaption><\/figure>\n\n\n\n<p>De esta manera, el Gobierno empieza a&nbsp;<strong>preparar el terreno para las subastas de t\u00edtulos<\/strong>&nbsp;que har\u00e1n los organismos p\u00fablicos, entre ellos la&nbsp;<strong>Anses<\/strong>, de acuerdo con<a href=\"https:\/\/tn.com.ar\/economia\/2023\/03\/23\/canje-de-bonos-del-sector-publico-la-trastienda-de-una-medida-acelerada-por-la-sequia-y-la-tension-cambiaria\/\" target=\"_blank\" rel=\"noreferrer noopener\">&nbsp;la medida que impuls\u00f3 el Ministerio de Econom\u00eda<\/a>. \u201cEst\u00e1 orientado a generar demanda por los Bonares que los entes p\u00fablicos vender\u00e1n contra pesos en el mercado en el marco de la operaci\u00f3n de&nbsp;<strong>canje de deuda en d\u00f3lares<\/strong>&nbsp;intra sector p\u00fablico\u201d, analiz\u00f3&nbsp;<em>Grupo SBS<\/em>.<\/p>\n\n\n\n<p><\/p>\n\n\n\n<p>Por el contrario, las tenencias p\u00fablicas de bonos Globales se cambiar\u00e1n por papeles en pesos, que pagar\u00e1n la tasa m\u00e1s alta entre la inflaci\u00f3n y la devaluaci\u00f3n. As\u00ed, el Gobierno&nbsp;<strong>reduce la oferta de esos t\u00edtulos<\/strong>&nbsp;y, como cada vez hay menos,&nbsp;<strong>van perdiendo espacio<\/strong>&nbsp;como referencia para el&nbsp;<strong>c\u00e1lculo del d\u00f3lar financiero<\/strong>.<\/p>\n\n\n\n<figure class=\"wp-block-image\"><img decoding=\"async\" src=\"https:\/\/tn.com.ar\/resizer\/53SabESzaonSwAGjNH3F4qxo73Q=\/767x0\/smart\/filters:format(webp)\/cloudfront-us-east-1.images.arcpublishing.com\/artear\/TWHW5SBWPFGZZOW6SWQWLV4DZA.jpg\" alt=\"La Facultad de Ciencias Econ\u00f3micas de la UBA emiti\u00f3 un dictamen favorable con respecto al canje de bonos. (Foto: NA).\"\/><figcaption class=\"wp-element-caption\">La Facultad de Ciencias Econ\u00f3micas de la UBA emiti\u00f3 un dictamen favorable con respecto al canje de bonos. (Foto: NA).<\/figcaption><\/figure>\n\n\n\n<p>Aunque la operaci\u00f3n de canje de t\u00edtulos p\u00fablicos&nbsp;<a href=\"https:\/\/tn.com.ar\/economia\/2023\/04\/17\/la-uba-aprobo-el-dictamen-de-canje-de-bonos-de-la-anses-impulsado-por-sergio-massa\/\" target=\"_blank\" rel=\"noreferrer noopener\">ya obtuvo el visto bueno de la UBA<\/a>, el ministerio de Econom\u00eda todav\u00eda no brind\u00f3 detalles acerca de c\u00f3mo y cu\u00e1ndo se instrumentar\u00e1. Desde&nbsp;<em>GMA Capital&nbsp;<\/em>alertaron que la<strong>&nbsp;venta masiva<\/strong>&nbsp;de Bonares puede derivar en una&nbsp;<strong>baja muy pronunciada en los precios&nbsp;<\/strong>de los bonos, que ya<a href=\"https:\/\/tn.com.ar\/economia\/2023\/04\/21\/los-bonos-suben-tras-la-decision-de-alberto-fernandez-de-no-ir-por-la-reeleccion\/\" target=\"_blank\" rel=\"noreferrer noopener\">&nbsp;quedaron muy golpeados despu\u00e9s de la \u00faltima semana<\/a>&nbsp;y se encuentran cerca de los&nbsp;<strong>m\u00ednimos<\/strong>&nbsp;hist\u00f3ricos.<\/p>\n\n\n\n<h2>Las medidas paralizaron las operaciones en el mercado oficial<\/h2>\n\n\n\n<p>Las medidas que tom\u00f3 el el BCRA el jueves a \u00faltima hora&nbsp;<strong>frenaron las transacciones<\/strong>&nbsp;en el mercado cambiario oficial el viernes y no est\u00e1 claro que la operatoria pueda volver a la normalidad este lunes.<\/p>\n\n\n\n<p>El organismo\u00a0<a rel=\"noreferrer noopener\" href=\"https:\/\/tn.com.ar\/economia\/2023\/04\/20\/el-bcra-reforzo-las-restricciones-a-las-importaciones-para-postergar-pagos-por-us2000-millones\/\" target=\"_blank\">reforz\u00f3 el cepo para las empresas<\/a>\u00a0y estableci\u00f3 que requerir\u00e1n\u00a0<strong>autorizaci\u00f3n<\/strong>\u00a0para acceder al mercado de cambios con el objetivo de pagar intereses de deudas comerciales por importaci\u00f3n de bienes, servicios y pr\u00e9stamos con el exterior, siempre que el acreedor sea una\u00a0<strong>compa\u00f1\u00eda vinculada<\/strong>.<\/p>\n\n\n\n<p>A partir de esa decisi\u00f3n, el BCRA<strong>&nbsp;aument\u00f3 los requerimientos de informaci\u00f3n<\/strong>&nbsp;que deben cumplir los bancos antes de cursar las operaciones en el mercado cambiario. Por lo tanto, las entidades financieras tuvieron que&nbsp;<strong>adecuar sus sistemas&nbsp;<\/strong>y la demanda de divisas se contrajo en la \u00faltima jornada de la semana.<\/p>\n\n\n\n<figure class=\"wp-block-image\"><img decoding=\"async\" src=\"https:\/\/tn.com.ar\/resizer\/i3woqvYgjodUK0jZZmAWgPw-CJM=\/767x0\/smart\/filters:format(webp)\/cloudfront-us-east-1.images.arcpublishing.com\/artear\/HYWXSIN575FXTFMY7GMGX7W3ZE\" alt=\"El Banco Central compr\u00f3 US$289 millones el viernes y en lo que va de abril tiene un saldo positivo de US$81 millones. (AP Foto\/Natacha Pisarenko, Archivo).\"\/><figcaption class=\"wp-element-caption\">El Banco Central compr\u00f3 US$289 millones el viernes y en lo que va de abril tiene un saldo positivo de US$81 millones. (AP Foto\/Natacha Pisarenko, Archivo).<\/figcaption><\/figure>\n\n\n\n<p>Mientras tanto, la mesa de operaciones del BCRA aprovech\u00f3 la falta de compradores de d\u00f3lares para quedarse con los&nbsp;<strong>US$185 millones que se liquidaron al \u201cd\u00f3lar agro\u201d<\/strong>&nbsp;el viernes y cerr\u00f3 la rueda con compras por US$289 millones.<\/p>\n\n\n\n<p>\u201cLa\u00a0<strong>escasa demanda autorizada<\/strong>, derivada de la puesta en vigencia de las nuevas normas, permiti\u00f3 que los ingresos desde el exterior fueran dominando el desarrollo de las operaciones durante todo el d\u00eda. La a<strong>ctividad oficial sac\u00f3 provecho<\/strong>\u00a0de esa circunstancia, absorbiendo todo el exceso de divisas disponible en el mercado\u201d, indic\u00f3<strong>\u00a0Gustavo Quintana<\/strong>, operador de\u00a0<em>PR Corredores de Cambio.<\/em><\/p>\n\n\n\n<p><\/p>\n\n\n\n<p>Fuente: TN<\/p>\n","protected":false},"excerpt":{"rendered":"<div class=\"mh-excerpt\"><p>En una semana marcada por los&nbsp;r\u00e9cords del d\u00f3lar blue y los financieros, el&nbsp;Banco Central&nbsp;(BCRA) tom\u00f3 medidas tendientes a&nbsp;hacer m\u00e1s atractivo el rendimiento de los pesos,&nbsp;reforzar el&nbsp;cepo&nbsp;y favorecer la utilizaci\u00f3n de&nbsp;bonos con legislaci\u00f3n local&nbsp;para dolarizarse a trav\u00e9s del mercado financiero. Como parte de la Comunicaci\u00f3n \u201cA\u201d 7746 emitida por la entidad que preside\u00a0Miguel Pesce, se\u00a0aument\u00f3 de 90 a 180 d\u00edas\u00a0el per\u00edodo que debe transcurrir para que una persona o empresa pueda\u00a0acceder al mercado oficial de cambios\u00a0(por ejemplo, para comprar d\u00f3lar solidario o para pagar importaciones) si realiz\u00f3 operaciones de\u00a0contado con liquidaci\u00f3n\u00a0mediante bonos regidos por legislaci\u00f3n extranjera. \u201cHasta la fecha, al momento <a class=\"mh-excerpt-more\" href=\"http:\/\/dsrmedios.com.ar\/diario\/archivos\/31601\" title=\"Con una medida del Banco Central, el Gobierno prepara el terreno para el canje de los bonos de la Anses\">[Leer m\u00e1s]<\/a><\/p>\n<\/div>","protected":false},"author":6,"featured_media":31426,"comment_status":"open","ping_status":"closed","sticky":false,"template":"","format":"standard","meta":{"_jetpack_newsletter_access":""},"categories":[6],"tags":[],"jetpack_featured_media_url":"http:\/\/dsrmedios.com.ar\/diario\/wp-content\/uploads\/2023\/04\/1010x567_301247_20181003111802.jpg","jetpack_sharing_enabled":true,"jetpack_shortlink":"https:\/\/wp.me\/p9fihK-8dH","_links":{"self":[{"href":"http:\/\/dsrmedios.com.ar\/diario\/wp-json\/wp\/v2\/posts\/31601"}],"collection":[{"href":"http:\/\/dsrmedios.com.ar\/diario\/wp-json\/wp\/v2\/posts"}],"about":[{"href":"http:\/\/dsrmedios.com.ar\/diario\/wp-json\/wp\/v2\/types\/post"}],"author":[{"embeddable":true,"href":"http:\/\/dsrmedios.com.ar\/diario\/wp-json\/wp\/v2\/users\/6"}],"replies":[{"embeddable":true,"href":"http:\/\/dsrmedios.com.ar\/diario\/wp-json\/wp\/v2\/comments?post=31601"}],"version-history":[{"count":1,"href":"http:\/\/dsrmedios.com.ar\/diario\/wp-json\/wp\/v2\/posts\/31601\/revisions"}],"predecessor-version":[{"id":31602,"href":"http:\/\/dsrmedios.com.ar\/diario\/wp-json\/wp\/v2\/posts\/31601\/revisions\/31602"}],"wp:featuredmedia":[{"embeddable":true,"href":"http:\/\/dsrmedios.com.ar\/diario\/wp-json\/wp\/v2\/media\/31426"}],"wp:attachment":[{"href":"http:\/\/dsrmedios.com.ar\/diario\/wp-json\/wp\/v2\/media?parent=31601"}],"wp:term":[{"taxonomy":"category","embeddable":true,"href":"http:\/\/dsrmedios.com.ar\/diario\/wp-json\/wp\/v2\/categories?post=31601"},{"taxonomy":"post_tag","embeddable":true,"href":"http:\/\/dsrmedios.com.ar\/diario\/wp-json\/wp\/v2\/tags?post=31601"}],"curies":[{"name":"wp","href":"https:\/\/api.w.org\/{rel}","templated":true}]}}