{"id":31595,"date":"2023-04-23T09:26:43","date_gmt":"2023-04-23T12:26:43","guid":{"rendered":"http:\/\/dsrmedios.com.ar\/diario\/?p=31595"},"modified":"2023-04-23T09:26:46","modified_gmt":"2023-04-23T12:26:46","slug":"el-director-argentino-ante-el-fmi-acuso-a-economistas-de-jxc-de-pedir-al-organismo-que-bloquee-fondos","status":"publish","type":"post","link":"http:\/\/dsrmedios.com.ar\/diario\/archivos\/31595","title":{"rendered":"El director argentino ante el FMI acus\u00f3 a economistas de JxC de pedir al organismo que bloquee fondos"},"content":{"rendered":"\n<p>Con fuertes acusaciones a la oposici\u00f3n, el director argentino ante el Fondo Monetario Internacional (FMI),&nbsp;<a href=\"https:\/\/tn.com.ar\/politica\/2022\/02\/02\/preocupacion-en-el-fmi-por-que-la-crisis-en-el-oficialismo-altera-los-planes-del-organismo\/\" target=\"_blank\" rel=\"noreferrer noopener\"><strong>Sergio Chodos<\/strong><\/a><strong>,<\/strong>&nbsp;vincul\u00f3 a tres economistas que fueron funcionarios del gobierno de&nbsp;<a href=\"https:\/\/tn.com.ar\/politica\/2023\/04\/02\/mauricio-macri-busca-influir-mas-que-antes-la-experiencia-de-alfonsin-que-no-le-conviene-repetir\/\" target=\"_blank\" rel=\"noreferrer noopener\"><strong>Mauricio Macri<\/strong><\/a>&nbsp;con un pedido al organismo multilateral de cr\u00e9dito para que<strong>&nbsp;deje de asistir<\/strong>&nbsp;a la Argentina hasta que asuma la pr\u00f3xima administraci\u00f3n, en vista a las elecciones presidenciales.<\/p>\n\n\n\n<p>Chodos evit\u00f3 mencionar los nombres de los economistas de Juntos por el Cambio a quienes acus\u00f3, aunque dijo sobre ellos: \u201cUno tiene a su esposa de directora haciendo trading, otro es sospechado de lavado y el restante declar\u00f3 el default con nombre coqueto\u201d. Dijo que los tres \u201cllamaron a distintos funcionarios del FMI para pedirles que<strong>\u00a0no le den plata<\/strong>\u00a0a la Argentina en este gobierno, ni un front load (anticipos) ni desembolsos, bajo el argumento de que si esperan<strong>\u00a0negocian con ellos un nuevo programa\u201d.<\/strong><\/p>\n\n\n\n<p>El director argentino ante el FMI dijo sobre sus acusaciones que es algo \u201ctriste\u201d porque la deuda con el FMI la tom\u00f3 el gobierno anterior\u201d y calific\u00f3 de \u201c<strong>antipatrias<\/strong>\u201d a los tres economistas contra los que apunt\u00f3: \u201cLa deuda es de la Argentina por culpa de ellos, se contrajo para rescatar a tenedores de deuda privada en muchos casos vinculados y para financiar fuga de activos\u201d.<\/p>\n\n\n\n<p>Chodos consider\u00f3 que \u201ces<strong>&nbsp;triste y antipatria<\/strong>&nbsp;tambi\u00e9n considerando que todo el marco de relaci\u00f3n con el FMI pas\u00f3 a ser discutido de cara a la sociedad, habiendo pasado por el Congreso, y no cerrado a espaldas del pueblo y contra sus intereses\u201d, en declaraciones a la agencia&nbsp;<em>NA<\/em>.<\/p>\n\n\n\n<p>El director argentino ante el FMI dijo que \u201cesta conducta tambi\u00e9n refresca y puede vincularse al dictamen de la Auditor\u00eda General de la Naci\u00f3n que marca las\u00a0<strong>irregularidades\u00a0<\/strong>internas del acuerdo que el Gobierno del 2018 firm\u00f3 a espaldas del Congreso y la sociedad\u201d<\/p>\n\n\n\n<h2>Los datos que obligan Sergio Massa a renegociar el acuerdo con el FMI<\/h2>\n\n\n\n<p>Entre las claves de la&nbsp;<a href=\"https:\/\/tn.com.ar\/economia\/2023\/04\/15\/ante-la-extrema-sequia-el-fmi-y-la-argentina-acordaron-reconfigurar-el-acuerdo-por-la-deuda\/\">reconfiguraci\u00f3n del acuerdo<\/a>&nbsp;del Gobierno con el FMI, pese a que todav\u00eda no trascendieron&nbsp;<a href=\"https:\/\/tn.com.ar\/economia\/2023\/04\/17\/el-gobierno-inicia-negociaciones-contra-reloj-con-el-fmi-para-cerrar-la-reconfiguracion-del-acuerdo\/\">los detalles<\/a>, est\u00e1n el&nbsp;<strong>ajuste de la meta de d\u00e9ficit fiscal,<\/strong>&nbsp;ya que el dato de marzo publicado esta semana evidencia que la Argentina incumpli\u00f3 el objetivo pactado,&nbsp;<a href=\"https:\/\/tn.com.ar\/economia\/2023\/04\/22\/los-numeros-que-complican-a-sergio-massa-y-lo-obligan-a-renegociar-con-el-fmi\/\" target=\"_blank\" rel=\"noreferrer noopener\">como anticip\u00f3&nbsp;<strong>TN<\/strong><\/a><strong>.<\/strong><\/p>\n\n\n\n<ul>\n<li>Se suma al<strong>&nbsp;desv\u00edo en el objetivo de reservas<\/strong>, que&nbsp;<a href=\"https:\/\/tn.com.ar\/economia\/2023\/04\/03\/el-fmi-modifico-la-meta-de-reservas-pero-pidio-mas-control-sobre-el-gasto-la-moratoria-y-los-subsidios\/\">requiri\u00f3 una flexibilizaci\u00f3n de la meta anual<\/a>, as\u00ed como de la exigencia para el primer trimestre. Igualmente el&nbsp;<a href=\"https:\/\/tn.com.ar\/economia\/2023\/04\/19\/el-dolar-agro-no-arranca-el-bcra-vendio-casi-us200-millones-y-crece-la-preocupacion-por-las-reservas\/\">bajo nivel de adhesi\u00f3n al \u201cd\u00f3lar agro\u201d<\/a>&nbsp;complica el cumplimiento de la meta prevista para junio.<\/li>\n\n\n\n<li>De acuerdo el entendimiento con el FMI la Argentina deb\u00eda cerrar el primer trimestre del a\u00f1o con un d\u00e9ficit primario de $441.500 millones,&nbsp;<strong>equivalente al 0,3%<\/strong>&nbsp;del PBI. Pero&nbsp;<strong>el rojo alcanz\u00f3 los $690.000 millones,&nbsp;<\/strong>el 0,4% del producto.<\/li>\n\n\n\n<li>Previo a la difusi\u00f3n del resultado fiscal de marzo los n\u00fameros previos hac\u00edan pensar que habr\u00eda un desv\u00edo de la meta. La consultora LCG destac\u00f3 que el&nbsp;<strong>desv\u00edo&nbsp;<\/strong>con respecto a la meta trimestral fue del&nbsp;<strong>56%.<\/strong><\/li>\n\n\n\n<li>Entre las razones que explican el incumplimiento de la meta de d\u00e9ficit aparece nuevamente la&nbsp;<strong>sequ\u00eda,<\/strong>&nbsp;que&nbsp;<strong>recort\u00f3 un 84% real los ingresos por retenciones.<\/strong><\/li>\n\n\n\n<li>Por el lado de los&nbsp;<strong>gastos<\/strong>&nbsp;el Gobierno hizo un&nbsp;<strong>ajuste<\/strong>&nbsp;importante, del orden del 17% real. Aunque esta reducci\u00f3n&nbsp;<strong>no alcanz\u00f3&nbsp;<\/strong>para compensar la ca\u00edda en los ingresos del primer trimestre, que fue del 21% real.<\/li>\n\n\n\n<li>M\u00e1s all\u00e1 de no haber alcanzado la meta fiscal del primer trimestre los analistas creen que ser\u00e1 dif\u00edcil que el Gobierno pueda cumplir con el\u00a0<strong>objetivo anual de d\u00e9ficit,<\/strong>\u00a0fijado en\u00a0<strong>1,9%<\/strong>. Por eso es probable que la discusi\u00f3n t\u00e9cnica con el FMI aborde la redefinici\u00f3n de este par\u00e1metro<\/li>\n<\/ul>\n\n\n\n<p>Fuente: TN<\/p>\n","protected":false},"excerpt":{"rendered":"<div class=\"mh-excerpt\"><p>Con fuertes acusaciones a la oposici\u00f3n, el director argentino ante el Fondo Monetario Internacional (FMI),&nbsp;Sergio Chodos,&nbsp;vincul\u00f3 a tres economistas que fueron funcionarios del gobierno de&nbsp;Mauricio Macri&nbsp;con un pedido al organismo multilateral de cr\u00e9dito para que&nbsp;deje de asistir&nbsp;a la Argentina hasta que asuma la pr\u00f3xima administraci\u00f3n, en vista a las elecciones presidenciales. Chodos evit\u00f3 mencionar los nombres de los economistas de Juntos por el Cambio a quienes acus\u00f3, aunque dijo sobre ellos: \u201cUno tiene a su esposa de directora haciendo trading, otro es sospechado de lavado y el restante declar\u00f3 el default con nombre coqueto\u201d. Dijo que los tres \u201cllamaron a <a class=\"mh-excerpt-more\" href=\"http:\/\/dsrmedios.com.ar\/diario\/archivos\/31595\" title=\"El director argentino ante el FMI acus\u00f3 a economistas de JxC de pedir al organismo que bloquee fondos\">[Leer m\u00e1s]<\/a><\/p>\n<\/div>","protected":false},"author":6,"featured_media":31596,"comment_status":"open","ping_status":"closed","sticky":false,"template":"","format":"standard","meta":{"_jetpack_newsletter_access":""},"categories":[6],"tags":[],"jetpack_featured_media_url":"http:\/\/dsrmedios.com.ar\/diario\/wp-content\/uploads\/2023\/04\/images-2-1.jpg","jetpack_sharing_enabled":true,"jetpack_shortlink":"https:\/\/wp.me\/p9fihK-8dB","_links":{"self":[{"href":"http:\/\/dsrmedios.com.ar\/diario\/wp-json\/wp\/v2\/posts\/31595"}],"collection":[{"href":"http:\/\/dsrmedios.com.ar\/diario\/wp-json\/wp\/v2\/posts"}],"about":[{"href":"http:\/\/dsrmedios.com.ar\/diario\/wp-json\/wp\/v2\/types\/post"}],"author":[{"embeddable":true,"href":"http:\/\/dsrmedios.com.ar\/diario\/wp-json\/wp\/v2\/users\/6"}],"replies":[{"embeddable":true,"href":"http:\/\/dsrmedios.com.ar\/diario\/wp-json\/wp\/v2\/comments?post=31595"}],"version-history":[{"count":1,"href":"http:\/\/dsrmedios.com.ar\/diario\/wp-json\/wp\/v2\/posts\/31595\/revisions"}],"predecessor-version":[{"id":31597,"href":"http:\/\/dsrmedios.com.ar\/diario\/wp-json\/wp\/v2\/posts\/31595\/revisions\/31597"}],"wp:featuredmedia":[{"embeddable":true,"href":"http:\/\/dsrmedios.com.ar\/diario\/wp-json\/wp\/v2\/media\/31596"}],"wp:attachment":[{"href":"http:\/\/dsrmedios.com.ar\/diario\/wp-json\/wp\/v2\/media?parent=31595"}],"wp:term":[{"taxonomy":"category","embeddable":true,"href":"http:\/\/dsrmedios.com.ar\/diario\/wp-json\/wp\/v2\/categories?post=31595"},{"taxonomy":"post_tag","embeddable":true,"href":"http:\/\/dsrmedios.com.ar\/diario\/wp-json\/wp\/v2\/tags?post=31595"}],"curies":[{"name":"wp","href":"https:\/\/api.w.org\/{rel}","templated":true}]}}