{"id":31593,"date":"2023-04-23T09:21:28","date_gmt":"2023-04-23T12:21:28","guid":{"rendered":"http:\/\/dsrmedios.com.ar\/diario\/?p=31593"},"modified":"2023-04-23T09:21:31","modified_gmt":"2023-04-23T12:21:31","slug":"el-kirchnerismo-agita-el-operativo-clamor-y-asoman-definiciones-en-la-estrategia-del-frente-de-todos","status":"publish","type":"post","link":"http:\/\/dsrmedios.com.ar\/diario\/archivos\/31593","title":{"rendered":"El kirchnerismo agita el operativo clamor y asoman definiciones en la estrategia del Frente de Todos"},"content":{"rendered":"\n<p>Pese a que era lo que esperaban,&nbsp;<strong>el anuncio de<\/strong><a href=\"https:\/\/tn.com.ar\/politica\/2023\/04\/22\/el-presidente-renuncio-a-ser-candidato-porque-no-tenia-otra-alternativa-cual-es-el-escenario-para-el-fdt\/\" target=\"_blank\" rel=\"noreferrer noopener\"><strong>&nbsp;Alberto Fern\u00e1ndez<\/strong><\/a><strong>&nbsp;tom\u00f3 por sorpresa al kirchnerismo<\/strong>. Dirigentes cercanos a&nbsp;<a href=\"https:\/\/tn.com.ar\/politica\/2023\/04\/21\/despues-del-anuncio-de-alberto-fernandez-cristina-kirchner-reaparece-en-un-acto-rodeada-de-militancia\/\" target=\"_blank\" rel=\"noreferrer noopener\"><strong>Cristina Kirchner<\/strong><\/a>&nbsp;aguardaban la reuni\u00f3n en la sede del Partido Justicialista en la calle Matheu para asestar la estocada final a la idea reeleccionista del Presidente, pero este decidi\u00f3 adelantarse, tal vez para evitar una nueva muestra de debilidad y ahorrarse un nuevo episodio de cr\u00edticas internas.<\/p>\n\n\n\n<p>Con Fern\u00e1ndez fuera de carrera, el kirchnerismo queda fortalecido en la interna del\u00a0<strong>Frente de Todos<\/strong>\u00a0y -ahora s\u00ed- empieza a cargar con el peso del horizonte electoral, que asoma al calor del operativo clamor y el suspenso en torno al papel que jugar\u00e1\u00a0<a rel=\"noreferrer noopener\" href=\"https:\/\/tn.com.ar\/economia\/2023\/04\/22\/dolar-blue-record-enojo-con-la-rosada-y-advertencia-de-cfk-massa-evade-definiciones-y-se-enfoca-en-el-fmi\/\" target=\"_blank\"><strong>Sergio Massa<\/strong><\/a>.<\/p>\n\n\n\n<p>La decisi\u00f3n del Presidente abri\u00f3 una ventana para que el oficialismo intente descomprimir tensiones internas, aunque se mantiene la disputa sobre si finalmente&nbsp;<strong>habr\u00e1 o no elecciones primarias para definir al candidato.<\/strong><\/p>\n\n\n\n<h2>Las cr\u00edticas de Alberto Fern\u00e1ndez al kirchnerismo mientras anunciaba que no ir\u00e1 por otro mandato<\/h2>\n\n\n\n<p>Alberto Fern\u00e1ndez ya dej\u00f3 en claro que quiere que el postulante surja de una&nbsp;<strong>competencia interna.&nbsp;<\/strong>En el video donde comunic\u00f3 la decisi\u00f3n de bajarse de la carrera electoral, advirti\u00f3 que trabajar\u00e1 activamente en el rearmado del Frente de Todos.<\/p>\n\n\n\n<p><strong>Tambi\u00e9n desliz\u00f3 cr\u00edticas hacia quienes desde el kirchnerismo&nbsp;<\/strong>impulsan que la Vicepresidenta sea la candidata, y pidi\u00f3 \u201crevitalizar\u201d y \u201cdemocratizar\u201d el espacio. Un claro mensaje de que, pese a desistir de la b\u00fasqueda de un nuevo mandato, est\u00e1 dispuesto a mantener juego propio en el sendero electoral del oficialismo.<\/p>\n\n\n\n<figure class=\"wp-block-image\"><img decoding=\"async\" src=\"https:\/\/tn.com.ar\/resizer\/ARDXhhFPqM38mqcRYgXO4lgGWic=\/767x0\/smart\/filters:format(webp)\/cloudfront-us-east-1.images.arcpublishing.com\/artear\/TXUEB7NF2FBSHAD2MMYA4V4BUY.jpg\" alt=\"D\u00f3lar blue r\u00e9cord: Alberto Fern\u00e1ndez y Sergio Massa se reunieron en Olivos. (Foto: Ministerio de Econom\u00eda)\"\/><figcaption class=\"wp-element-caption\">D\u00f3lar blue r\u00e9cord: Alberto Fern\u00e1ndez y Sergio Massa se reunieron en Olivos. (Foto: Ministerio de Econom\u00eda)<\/figcaption><\/figure>\n\n\n\n<p><\/p>\n\n\n\n<p>Luego de que&nbsp;<a href=\"https:\/\/tn.com.ar\/politica\/2023\/04\/22\/maximo-kirchner-cierra-un-acto-en-ferro-y-se-esperan-definiciones-tras-el-anuncio-de-alberto-fernandez\/\" target=\"_blank\" rel=\"noreferrer noopener\"><strong>M\u00e1ximo Kirchner<\/strong><\/a>&nbsp;llamara a la conformaci\u00f3n de un plan de Gobierno para evitar \u201cdolores de cabeza\u201d, desde el c\u00edrculo K esperan ahora una se\u00f1al de la l\u00edder del espacio.<\/p>\n\n\n\n<p>Cristina Kirchner movi\u00f3 una ficha apenas se difundi\u00f3 el anuncio del jefe de Estado: confirm\u00f3&nbsp;<a href=\"https:\/\/tn.com.ar\/politica\/2023\/04\/21\/despues-del-anuncio-de-alberto-fernandez-cristina-kirchner-reaparece-en-un-acto-rodeada-de-militancia\/\" target=\"_blank\" rel=\"noreferrer noopener\">su presencia para el jueves 27 de abril en el Teatro Argentino de La Plata<\/a>. El acto, que se organiz\u00f3 como parte del operativo clamor de sus fieles de La C\u00e1mpora, se presenta como un terreno f\u00e9rtil para las&nbsp;<strong>definiciones en el Frente de Todos.<\/strong><\/p>\n\n\n\n<p>Los tiempos del calendario electoral empiezan a acotarse: el 14 de junio es el cierre de alianzas y una semana despu\u00e9s vence el plazo para la presentaci\u00f3n de las listas. Y el oficialismo, por el momento,&nbsp;<strong>no tiene resuelto un candidato.<\/strong><\/p>\n\n\n\n<p>El operativo clamor fogonea&nbsp;<strong>\u201cluchar contra la proscripci\u00f3n\u201d<\/strong>&nbsp;de la expresidenta condenada a seis a\u00f1os de prisi\u00f3n e inhabilitaci\u00f3n para ejercer cargos p\u00fablicos en el juicio de la causa Vialidad, aunque legalmente puede presentarse. Sin embargo, una candidatura de Cristina Kirchner sin el filtro de una PASO surge hoy como la alternativa m\u00e1s dif\u00edcil, adem\u00e1s de mantenerse atada a la voluntad de la propia titular del Senado.<\/p>\n\n\n\n<figure class=\"wp-block-image\"><img decoding=\"async\" src=\"https:\/\/tn.com.ar\/resizer\/1xhdxRrLM1RK35jK76XDMpPMpvQ=\/767x0\/smart\/filters:format(webp)\/cloudfront-us-east-1.images.arcpublishing.com\/artear\/VVPNXZU3B5GUFF753GZR2SCUSU.jpg\" alt=\"El l\u00edder de La C\u00e1mpora, M\u00e1ximo Kirchner, encabez\u00f3 un acto en la Ciudad de Buenos Aires tras la decisi\u00f3n de Alberto Fern\u00e1ndez de bajar su candidatura. (Foto: NA).\"\/><figcaption class=\"wp-element-caption\">El l\u00edder de La C\u00e1mpora, M\u00e1ximo Kirchner, encabez\u00f3 un acto en la Ciudad de Buenos Aires tras la decisi\u00f3n de Alberto Fern\u00e1ndez de bajar su candidatura. (Foto: NA).<\/figcaption><\/figure>\n\n\n\n<h2>Sergio Massa, \u00bfel candidato de la unidad?<\/h2>\n\n\n\n<p>En ese escenario, tras una semana de ruido por el fuerte salto que experiment\u00f3 el d\u00f3lar y luego de la difusi\u00f3n del dato r\u00e9cord de inflaci\u00f3n en la presente gesti\u00f3n,\u00a0<strong>Massa mantiene el suspenso sobre su futuro pol\u00edtico.\u00a0<\/strong>El ministro de Econom\u00eda tambi\u00e9n celebr\u00f3 el anuncio de Alberto Fern\u00e1ndez, y si bien por el momento evita las se\u00f1ales de corte electoral, est\u00e1 atento a las opiniones de quienes lo ven como el\u00a0<strong>candidato del consenso<\/strong>.<\/p>\n\n\n\n<p>El otro posible postulante del oficialismo es<strong>&nbsp;Daniel Scioli<\/strong>,que pidi\u00f3 \u201ccomprometerse con la unidad del peronismo\u201d con miras a un \u201cproceso democr\u00e1tico interno que fortalezca el espacio\u201d.<\/p>\n\n\n\n<p>Pese a un contexto de crisis econ\u00f3mica y creciente conflictividad social, en el Frente de Todos sostienen que el espacio todav\u00eda es competitivo. Con el kirchnerismo a la cabeza de un nuevo escenario interno, se vienen d\u00edas de definiciones sobre la estrategia electoral.<\/p>\n\n\n\n<p>Fuente: TN<\/p>\n","protected":false},"excerpt":{"rendered":"<div class=\"mh-excerpt\"><p>Pese a que era lo que esperaban,&nbsp;el anuncio de&nbsp;Alberto Fern\u00e1ndez&nbsp;tom\u00f3 por sorpresa al kirchnerismo. Dirigentes cercanos a&nbsp;Cristina Kirchner&nbsp;aguardaban la reuni\u00f3n en la sede del Partido Justicialista en la calle Matheu para asestar la estocada final a la idea reeleccionista del Presidente, pero este decidi\u00f3 adelantarse, tal vez para evitar una nueva muestra de debilidad y ahorrarse un nuevo episodio de cr\u00edticas internas. Con Fern\u00e1ndez fuera de carrera, el kirchnerismo queda fortalecido en la interna del\u00a0Frente de Todos\u00a0y -ahora s\u00ed- empieza a cargar con el peso del horizonte electoral, que asoma al calor del operativo clamor y el suspenso en torno <a class=\"mh-excerpt-more\" href=\"http:\/\/dsrmedios.com.ar\/diario\/archivos\/31593\" title=\"El kirchnerismo agita el operativo clamor y asoman definiciones en la estrategia del Frente de Todos\">[Leer m\u00e1s]<\/a><\/p>\n<\/div>","protected":false},"author":6,"featured_media":1199,"comment_status":"open","ping_status":"closed","sticky":false,"template":"","format":"standard","meta":{"_jetpack_newsletter_access":""},"categories":[6],"tags":[],"jetpack_featured_media_url":"http:\/\/dsrmedios.com.ar\/diario\/wp-content\/uploads\/2017\/10\/cristina123.jpg","jetpack_sharing_enabled":true,"jetpack_shortlink":"https:\/\/wp.me\/p9fihK-8dz","_links":{"self":[{"href":"http:\/\/dsrmedios.com.ar\/diario\/wp-json\/wp\/v2\/posts\/31593"}],"collection":[{"href":"http:\/\/dsrmedios.com.ar\/diario\/wp-json\/wp\/v2\/posts"}],"about":[{"href":"http:\/\/dsrmedios.com.ar\/diario\/wp-json\/wp\/v2\/types\/post"}],"author":[{"embeddable":true,"href":"http:\/\/dsrmedios.com.ar\/diario\/wp-json\/wp\/v2\/users\/6"}],"replies":[{"embeddable":true,"href":"http:\/\/dsrmedios.com.ar\/diario\/wp-json\/wp\/v2\/comments?post=31593"}],"version-history":[{"count":1,"href":"http:\/\/dsrmedios.com.ar\/diario\/wp-json\/wp\/v2\/posts\/31593\/revisions"}],"predecessor-version":[{"id":31594,"href":"http:\/\/dsrmedios.com.ar\/diario\/wp-json\/wp\/v2\/posts\/31593\/revisions\/31594"}],"wp:featuredmedia":[{"embeddable":true,"href":"http:\/\/dsrmedios.com.ar\/diario\/wp-json\/wp\/v2\/media\/1199"}],"wp:attachment":[{"href":"http:\/\/dsrmedios.com.ar\/diario\/wp-json\/wp\/v2\/media?parent=31593"}],"wp:term":[{"taxonomy":"category","embeddable":true,"href":"http:\/\/dsrmedios.com.ar\/diario\/wp-json\/wp\/v2\/categories?post=31593"},{"taxonomy":"post_tag","embeddable":true,"href":"http:\/\/dsrmedios.com.ar\/diario\/wp-json\/wp\/v2\/tags?post=31593"}],"curies":[{"name":"wp","href":"https:\/\/api.w.org\/{rel}","templated":true}]}}