{"id":31591,"date":"2023-04-23T09:18:27","date_gmt":"2023-04-23T12:18:27","guid":{"rendered":"http:\/\/dsrmedios.com.ar\/diario\/?p=31591"},"modified":"2023-04-23T09:18:29","modified_gmt":"2023-04-23T12:18:29","slug":"anibal-fernandez-destrozo-a-la-campora-no-son-vanguardia-ni-iluminados","status":"publish","type":"post","link":"http:\/\/dsrmedios.com.ar\/diario\/archivos\/31591","title":{"rendered":"An\u00edbal Fern\u00e1ndez destroz\u00f3 a La C\u00e1mpora: &#8220;no son vanguardia ni iluminados&#8221;"},"content":{"rendered":"\n<p>Frente a&nbsp;<a href=\"https:\/\/infocielo.com\/victoria-tolosa-paz\/en-un-masivo-acto-victoria-tolosa-paz-defendio-las-paso-la-necesidad-organizar-al-peronismo-n761086\" target=\"_blank\" rel=\"noreferrer noopener\">una verdadera multitud<\/a>&nbsp;que se convoc\u00f3 en<strong>&nbsp;el camping de SOSBA, en Ensenada,<\/strong>&nbsp;muy cerca de&nbsp;<strong>La Plata<\/strong>, la dirigencia m\u00e1s cercana al presidente<strong>&nbsp;Alberto Fern\u00e1ndez<\/strong>&nbsp;sali\u00f3 a pedir competencia dentro del peronismo y a plantear una mirada de lo que se viene tras el renunciamiento del Jefe de Estado. Entusiasmado,&nbsp;<strong>An\u00edbal Fern\u00e1ndez&nbsp;<\/strong>dijo algunas cosas m\u00e1s.<\/p>\n\n\n\n<p>El<strong>\u00a0ministro de Seguridad de la Naci\u00f3n<\/strong>, que hizo su aporte de militancia al encuentro, arremeti\u00f3 contra\u00a0<strong>La C\u00e1mpora<\/strong>\u00a0en un breve discurso: habl\u00f3 de &#8220;soberbia&#8221; y acus\u00f3 a los miembros de la agrupaci\u00f3n de creerse una &#8220;vanguardia iluminada&#8221;.<\/p>\n\n\n\n<p>An\u00edbal Fern\u00e1ndez destroz\u00f3 a La C\u00e1mpora<\/p>\n\n\n\n<p>&#8220;Venimos de trabajar fuertemente al lado de un presidente que eligieron los compa\u00f1eros y las compa\u00f1eras peronistas, nosotros seguimos creyendo en \u00e9l&#8221;, plante\u00f3 Fern\u00e1ndez al tomar el micr\u00f3fono con la premisa de &#8220;decir las cosas como son&#8221;.<\/p>\n\n\n\n<p>&#8220;No aceptar mansamente esa soberbia de La C\u00e1mpora, no aceptar mansamente que nos quieran mostrar que pertenecen a una vanguardia iluminada; no son vanguardia ni son iluminados&#8221;, dispar\u00f3 el funcionario quilme\u00f1o, directo al coraz\u00f3n de la agrupaci\u00f3n que conduce el diputado M\u00e1ximo Kirchner, hijo de la Vicepresidenta de la Naci\u00f3n.<\/p>\n\n\n\n<p>En ese mismo momento, M\u00e1ximo Kirchner, presidente del PJ Bonaerense, encabezaba un acto en la Capital Federal en el que redoblaba sus cr\u00edticas hacia el gobierno de Alberto Fern\u00e1ndez. All\u00ed insisti\u00f3 con el clamor por la candidatura de CFK y con la idea de que fue proscripta por la Justicia para competir en los pr\u00f3ximos comicios.<\/p>\n\n\n\n<p><strong>&#8220;Lo peor -continu\u00f3- es que para los que venimos trabajando desde hace muchos a\u00f1os vemos que gozan del apa\u00f1amiento de Cristina. Nos duele mucho pero no nos hace bajar los brazos&#8221;.<\/strong><\/p>\n\n\n\n<p>Esa fue la introducci\u00f3n para pedir que haya competencia en las PASO del peronismo. &#8220;Elegimos, presentamos candidatos, sacamos los votos que tengamos que sacar y veremos a qui\u00e9n le toca gobernar. No aceptamos otra forma&#8221;, cerr\u00f3.<\/p>\n\n\n\n<p>Fuente: Infocielo<\/p>\n","protected":false},"excerpt":{"rendered":"<div class=\"mh-excerpt\"><p>Frente a&nbsp;una verdadera multitud&nbsp;que se convoc\u00f3 en&nbsp;el camping de SOSBA, en Ensenada,&nbsp;muy cerca de&nbsp;La Plata, la dirigencia m\u00e1s cercana al presidente&nbsp;Alberto Fern\u00e1ndez&nbsp;sali\u00f3 a pedir competencia dentro del peronismo y a plantear una mirada de lo que se viene tras el renunciamiento del Jefe de Estado. Entusiasmado,&nbsp;An\u00edbal Fern\u00e1ndez&nbsp;dijo algunas cosas m\u00e1s. El\u00a0ministro de Seguridad de la Naci\u00f3n, que hizo su aporte de militancia al encuentro, arremeti\u00f3 contra\u00a0La C\u00e1mpora\u00a0en un breve discurso: habl\u00f3 de &#8220;soberbia&#8221; y acus\u00f3 a los miembros de la agrupaci\u00f3n de creerse una &#8220;vanguardia iluminada&#8221;. An\u00edbal Fern\u00e1ndez destroz\u00f3 a La C\u00e1mpora &#8220;Venimos de trabajar fuertemente al lado de un <a class=\"mh-excerpt-more\" href=\"http:\/\/dsrmedios.com.ar\/diario\/archivos\/31591\" title=\"An\u00edbal Fern\u00e1ndez destroz\u00f3 a La C\u00e1mpora: &#8220;no son vanguardia ni iluminados&#8221;\">[Leer m\u00e1s]<\/a><\/p>\n<\/div>","protected":false},"author":6,"featured_media":30533,"comment_status":"open","ping_status":"closed","sticky":false,"template":"","format":"standard","meta":{"_jetpack_newsletter_access":""},"categories":[6],"tags":[],"jetpack_featured_media_url":"http:\/\/dsrmedios.com.ar\/diario\/wp-content\/uploads\/2023\/04\/Anibal-Fernandez-2009-e1655511841407.webp","jetpack_sharing_enabled":true,"jetpack_shortlink":"https:\/\/wp.me\/p9fihK-8dx","_links":{"self":[{"href":"http:\/\/dsrmedios.com.ar\/diario\/wp-json\/wp\/v2\/posts\/31591"}],"collection":[{"href":"http:\/\/dsrmedios.com.ar\/diario\/wp-json\/wp\/v2\/posts"}],"about":[{"href":"http:\/\/dsrmedios.com.ar\/diario\/wp-json\/wp\/v2\/types\/post"}],"author":[{"embeddable":true,"href":"http:\/\/dsrmedios.com.ar\/diario\/wp-json\/wp\/v2\/users\/6"}],"replies":[{"embeddable":true,"href":"http:\/\/dsrmedios.com.ar\/diario\/wp-json\/wp\/v2\/comments?post=31591"}],"version-history":[{"count":1,"href":"http:\/\/dsrmedios.com.ar\/diario\/wp-json\/wp\/v2\/posts\/31591\/revisions"}],"predecessor-version":[{"id":31592,"href":"http:\/\/dsrmedios.com.ar\/diario\/wp-json\/wp\/v2\/posts\/31591\/revisions\/31592"}],"wp:featuredmedia":[{"embeddable":true,"href":"http:\/\/dsrmedios.com.ar\/diario\/wp-json\/wp\/v2\/media\/30533"}],"wp:attachment":[{"href":"http:\/\/dsrmedios.com.ar\/diario\/wp-json\/wp\/v2\/media?parent=31591"}],"wp:term":[{"taxonomy":"category","embeddable":true,"href":"http:\/\/dsrmedios.com.ar\/diario\/wp-json\/wp\/v2\/categories?post=31591"},{"taxonomy":"post_tag","embeddable":true,"href":"http:\/\/dsrmedios.com.ar\/diario\/wp-json\/wp\/v2\/tags?post=31591"}],"curies":[{"name":"wp","href":"https:\/\/api.w.org\/{rel}","templated":true}]}}