{"id":31589,"date":"2023-04-23T09:16:21","date_gmt":"2023-04-23T12:16:21","guid":{"rendered":"http:\/\/dsrmedios.com.ar\/diario\/?p=31589"},"modified":"2023-04-23T09:16:25","modified_gmt":"2023-04-23T12:16:25","slug":"alberto-fernandez-defendera-su-agenda-politica-pese-a-cristina-kirchner-que-pretende-controlar-la-estrategia-electoral-del-frente-de-todos","status":"publish","type":"post","link":"http:\/\/dsrmedios.com.ar\/diario\/archivos\/31589","title":{"rendered":"Alberto Fern\u00e1ndez defender\u00e1 su agenda pol\u00edtica, pese a Cristina Kirchner que pretende controlar la estrategia electoral del Frente de Todos"},"content":{"rendered":"\n<p>Antes de entregar la Casa Rosada el 10 de diciembre, Alberto Fern\u00e1ndez y Cristina Fern\u00e1ndez de Kirchner librar\u00e1n la \u00faltima batalla palaciega: el presidente y la vicepresidente se disputar\u00e1n el control de la campa\u00f1a electoral,&nbsp;<strong>que implica mantener cierto poder propio hasta la asunci\u00f3n del pr\u00f3ximo gobierno.<\/strong><\/p>\n\n\n\n<p>Alberto Fern\u00e1ndez argumenta que es jefe de Estado y titular del Partido Justicialista, dos cargos institucionales que justificar\u00edan su manejo de la campa\u00f1a electoral del Frente de Todos. En Balcarce 50 consideran obvio este razonamiento, pero tambi\u00e9n a\u00f1aden que si el presidente no lidera la campa\u00f1a, su poder real -afuera y adentro del gobierno- tendr\u00e1 la consistencia del&nbsp;<em>papel mach\u00e9<\/em>.<\/p>\n\n\n\n<p>CFK sostiene que la mayor\u00eda de los votos del Frente de Todos le pertenecen, que el jefe de Estado tiene m\u00ednima imagen p\u00fablica y que\u00a0<strong>no hay un s\u00f3lo candidato con aspiraciones de poder\u00a0<\/strong>que tenga intenciones de aceptar que Alberto Fern\u00e1ndez trace la estrategia de campa\u00f1a del oficialismo.<\/p>\n\n\n\n<p>Si el presidente insiste con sus intenciones pol\u00edticas, no ser\u00eda la primera vez que el kirchnerismo juegue a su favor y en contra de la estrategia electoral dise\u00f1ada&nbsp;<em>ad hoc<\/em>&nbsp;para el candidato a presidente del peronismo.<\/p>\n\n\n\n<p>Cuando el gobernador Daniel Scioli intent\u00f3 llegar a la Casa Rosada en 2015, Axel Kicillof -por entonces ministro de Econom\u00eda- cumpl\u00eda las \u00f3rdenes de CFK -en esa \u00e9poca presidenta-, y<strong>&nbsp;demoraba las partidas&nbsp;<\/strong>que deb\u00edan llegar para sostener la administraci\u00f3n de la Provincia de Buenos Aires.<\/p>\n\n\n\n<p><strong>Era fuego amigo que disparaba Kicillof bajo las instrucciones directas de Cristina.<\/strong><\/p>\n\n\n\n<p><img decoding=\"async\" loading=\"lazy\" alt=\"Daniel Scioli y Axel Kicillof ahora tienen di\u00e1logo pol\u00edtico, a diferencia de la campa\u00f1a electoral de 2015\" height=\"1080\" width=\"1920\" class=\"\" src=\"https:\/\/cloudfront-us-east-1.images.arcpublishing.com\/infobae\/UM57YKODXFC5HMJHB4MIS425TE.JPG\" srcset=\"https:\/\/www.infobae.com\/new-resizer\/-BHmsxDB6TAc3WnpPIHZFQPFIWM=\/420x236\/filters:format(webp):quality(85)\/cloudfront-us-east-1.images.arcpublishing.com\/infobae\/UM57YKODXFC5HMJHB4MIS425TE.JPG 420w,https:\/\/www.infobae.com\/new-resizer\/bxxD0ZiNYdZjqmKYiULg_1WZXUE=\/768x432\/filters:format(webp):quality(85)\/cloudfront-us-east-1.images.arcpublishing.com\/infobae\/UM57YKODXFC5HMJHB4MIS425TE.JPG 768w,https:\/\/www.infobae.com\/new-resizer\/pRNI70MHrxEr-5zxEYLo9ErHxwg=\/992x558\/filters:format(webp):quality(85)\/cloudfront-us-east-1.images.arcpublishing.com\/infobae\/UM57YKODXFC5HMJHB4MIS425TE.JPG 992w,https:\/\/www.infobae.com\/new-resizer\/0Y3gNiBk2Zwqaw60ZbAK1k5r3p4=\/1200x675\/filters:format(webp):quality(85)\/cloudfront-us-east-1.images.arcpublishing.com\/infobae\/UM57YKODXFC5HMJHB4MIS425TE.JPG 1200w,https:\/\/www.infobae.com\/new-resizer\/1i4ai2kSlVcoOnhZVd49DT6ewuU=\/1440x810\/filters:format(webp):quality(85)\/cloudfront-us-east-1.images.arcpublishing.com\/infobae\/UM57YKODXFC5HMJHB4MIS425TE.JPG 1440w\">Daniel Scioli y Axel Kicillof ahora tienen di\u00e1logo pol\u00edtico, a diferencia de la campa\u00f1a electoral de 2015<\/p>\n\n\n\n<p>Alberto Fern\u00e1ndez conoce qu\u00e9 sucedi\u00f3 en la campa\u00f1a electoral de 2015,&nbsp;<strong>pero su poder interno es muy d\u00e9bil&nbsp;<\/strong>para contener las intenciones pol\u00edticas de la Vicepresidenta y La C\u00e1mpora. El jefe de Estado apenas tiene un pu\u00f1ado de funcionarios leales y la situaci\u00f3n econ\u00f3mica lesiona a\u00fan m\u00e1s su peso propio en el Frente de Todos.<\/p>\n\n\n\n<p>En este contexto, la crisis palaciega que trab\u00f3 la gesti\u00f3n del gobierno se puede transformar en una replica que tambi\u00e9n afecte la campa\u00f1a del Frente de Todos. De hecho, ayer hubo un acto de La C\u00e1mpora en Ferro que lider\u00f3 M\u00e1ximo Kirchner, y otro del espacio&nbsp;<em>\u201cAlbertista\u201d<\/em>&nbsp;que fue protagonizado por Victoria Tolosa Paz, Santiago Cafiero, Agust\u00edn Rossi y An\u00edbal Fern\u00e1ndez.<\/p>\n\n\n\n<p>Si se comparan los discursos, al margen de las similares simbolog\u00edas hist\u00f3ricas,&nbsp;<strong>parecieron dos actos de partidos diferentes&nbsp;<\/strong>que tratan de seducir a un mismo electorado.<\/p>\n\n\n\n<p>Juan Grabois, Daniel Scioli y Eduardo \u201cWado\u201d de Pedro ya corren como precandidatos a presidente del oficialismo, mientras que Rossi y Sergio Massa todav\u00eda consideran la posibilidad de competir en las elecciones de este a\u00f1o.&nbsp;<strong>Grabois y Wado de Pedro jam\u00e1s aceptar\u00e1n una instrucci\u00f3n de Alberto Fern\u00e1ndez:<\/strong>&nbsp;s\u00f3lo respetan a CFK y su estrategia pol\u00edtica.<\/p>\n\n\n\n<p>Scioli se lanz\u00f3 a la campa\u00f1a alentado por el Presidente, pero en las \u00faltimas semanas tom\u00f3 distancia y se acerc\u00f3 al kirchnerismo duro. Ya pag\u00f3 por la tensi\u00f3n con Cristina y La C\u00e1mpora, y ahora no quiere repetir ese error. A Alberto Fern\u00e1ndez no le gust\u00f3 ese&nbsp;<em>Gambito de dama<\/em>, un movimiento que Scioli -h\u00e1bil jugador de ajedrez- hizo para tratar de ocupar el centro del tablero partidario.<\/p>\n\n\n\n<p><img decoding=\"async\" loading=\"lazy\" alt=\"Sergio Massa durante una conferencia de prensa en el Ministerio de Econom\u00eda\" height=\"450\" width=\"800\" class=\"\" src=\"https:\/\/cloudfront-us-east-1.images.arcpublishing.com\/infobae\/TYIIT6RBTREWXEKUL66VGC6DLM\" srcset=\"https:\/\/www.infobae.com\/new-resizer\/RlOy463hHBnjGkKfTGjKjvbHbxs=\/420x236\/filters:format(webp):quality(85)\/cloudfront-us-east-1.images.arcpublishing.com\/infobae\/TYIIT6RBTREWXEKUL66VGC6DLM 420w,https:\/\/www.infobae.com\/new-resizer\/P87LUhxEJlz3qYT0z-iaC12M7oc=\/768x432\/filters:format(webp):quality(85)\/cloudfront-us-east-1.images.arcpublishing.com\/infobae\/TYIIT6RBTREWXEKUL66VGC6DLM 768w,https:\/\/www.infobae.com\/new-resizer\/xEn8uoSTv9m2vKIzWDj5cajn6lQ=\/992x558\/filters:format(webp):quality(85)\/cloudfront-us-east-1.images.arcpublishing.com\/infobae\/TYIIT6RBTREWXEKUL66VGC6DLM 992w,https:\/\/www.infobae.com\/new-resizer\/zG90BzgblgaUTzp_tMWdqPMnQ3Q=\/1200x675\/filters:format(webp):quality(85)\/cloudfront-us-east-1.images.arcpublishing.com\/infobae\/TYIIT6RBTREWXEKUL66VGC6DLM 1200w,https:\/\/www.infobae.com\/new-resizer\/NOsQSBx4j4guFiybIaforO-l6K0=\/1440x810\/filters:format(webp):quality(85)\/cloudfront-us-east-1.images.arcpublishing.com\/infobae\/TYIIT6RBTREWXEKUL66VGC6DLM 1440w\">Sergio Massa durante una conferencia de prensa en el Ministerio de Econom\u00eda<\/p>\n\n\n\n<p>Los alineamientos que exhiben los posibles candidatos a presidentes del Frente de Todos complican la estrategia pol\u00edtica de Alberto Fern\u00e1ndez. No es posible controlar una campa\u00f1a electoral, si los candidatos a sucederlo responden a Cristina. Bastar\u00e1 una palabra de ella para que&nbsp;<strong>le claven<\/strong>&nbsp;el visto al jefe de Estado.<\/p>\n\n\n\n<p>Este probable&nbsp;<em>status quo<\/em>&nbsp;se podr\u00eda romper si Massa decide jugar en la campa\u00f1a presidencial. El ministro de Econom\u00eda se har\u00eda cargo de la estrategia electoral y exigir\u00eda a Alberto Fern\u00e1ndez y CFK que se mantengan equidistantes en su carrera hacia Balcarce 50. Massa necesita a los dos para ser&nbsp;<strong>un candidato de la unidad<\/strong>, y despu\u00e9s necesitar\u00e1 que los dos est\u00e9n detr\u00e1s del cortinado en puntas de pie y sin hacer ruido pol\u00edtico.<\/p>\n\n\n\n<p>Un instante despu\u00e9s que se conociera el tuit presidencial informando que declinaba su intenci\u00f3n de competir por un segundo mandato, ciertos periodistas recibieron un mensaje por WhatsApp que anticipaba las intenciones pol\u00edticas de Alberto Fern\u00e1ndez.<\/p>\n\n\n\n<p>Ese chat dec\u00eda: \u201cEl presidente decidi\u00f3 no ir por la reelecci\u00f3n. Debe concentrarse en resolver los problemas de los argentinos.&nbsp;<strong>Se pone al frente de las Paso y el armado electoral<\/strong>\u201d.<\/p>\n\n\n\n<p>Fue una maniobra de marketing pol\u00edtico destinada a evitar que el Presidente sufra &#8211;<em>ipso facto<\/em>&#8211; el denominado&nbsp;<strong>S\u00edndrome del Pato Cojo,&nbsp;<\/strong>un estado de anomia que torna casi imposible la toma de decisiones en el poder.<\/p>\n\n\n\n<p>A menos de ocho meses de la entrega de la Casa Rosada, Alberto Fern\u00e1ndez enfrenta el complejo desaf\u00edo de preservar su agenda institucional y proteger la transici\u00f3n electoral.<\/p>\n\n\n\n<p>No es una tarea que pertenece s\u00f3lo al Presidente:\u00a0<strong>a Cristina Fern\u00e1ndez tambi\u00e9n le tocar\u00e1 hacer su parte.<\/strong><\/p>\n\n\n\n<p>FUENTE: iNFOBAE<\/p>\n","protected":false},"excerpt":{"rendered":"<div class=\"mh-excerpt\"><p>Antes de entregar la Casa Rosada el 10 de diciembre, Alberto Fern\u00e1ndez y Cristina Fern\u00e1ndez de Kirchner librar\u00e1n la \u00faltima batalla palaciega: el presidente y la vicepresidente se disputar\u00e1n el control de la campa\u00f1a electoral,&nbsp;que implica mantener cierto poder propio hasta la asunci\u00f3n del pr\u00f3ximo gobierno. Alberto Fern\u00e1ndez argumenta que es jefe de Estado y titular del Partido Justicialista, dos cargos institucionales que justificar\u00edan su manejo de la campa\u00f1a electoral del Frente de Todos. En Balcarce 50 consideran obvio este razonamiento, pero tambi\u00e9n a\u00f1aden que si el presidente no lidera la campa\u00f1a, su poder real -afuera y adentro del gobierno- <a class=\"mh-excerpt-more\" href=\"http:\/\/dsrmedios.com.ar\/diario\/archivos\/31589\" title=\"Alberto Fern\u00e1ndez defender\u00e1 su agenda pol\u00edtica, pese a Cristina Kirchner que pretende controlar la estrategia electoral del Frente de Todos\">[Leer m\u00e1s]<\/a><\/p>\n<\/div>","protected":false},"author":6,"featured_media":31506,"comment_status":"open","ping_status":"closed","sticky":false,"template":"","format":"standard","meta":{"_jetpack_newsletter_access":""},"categories":[6],"tags":[],"jetpack_featured_media_url":"http:\/\/dsrmedios.com.ar\/diario\/wp-content\/uploads\/2023\/04\/af-y-cfk-20230401-1539191.jpg","jetpack_sharing_enabled":true,"jetpack_shortlink":"https:\/\/wp.me\/p9fihK-8dv","_links":{"self":[{"href":"http:\/\/dsrmedios.com.ar\/diario\/wp-json\/wp\/v2\/posts\/31589"}],"collection":[{"href":"http:\/\/dsrmedios.com.ar\/diario\/wp-json\/wp\/v2\/posts"}],"about":[{"href":"http:\/\/dsrmedios.com.ar\/diario\/wp-json\/wp\/v2\/types\/post"}],"author":[{"embeddable":true,"href":"http:\/\/dsrmedios.com.ar\/diario\/wp-json\/wp\/v2\/users\/6"}],"replies":[{"embeddable":true,"href":"http:\/\/dsrmedios.com.ar\/diario\/wp-json\/wp\/v2\/comments?post=31589"}],"version-history":[{"count":1,"href":"http:\/\/dsrmedios.com.ar\/diario\/wp-json\/wp\/v2\/posts\/31589\/revisions"}],"predecessor-version":[{"id":31590,"href":"http:\/\/dsrmedios.com.ar\/diario\/wp-json\/wp\/v2\/posts\/31589\/revisions\/31590"}],"wp:featuredmedia":[{"embeddable":true,"href":"http:\/\/dsrmedios.com.ar\/diario\/wp-json\/wp\/v2\/media\/31506"}],"wp:attachment":[{"href":"http:\/\/dsrmedios.com.ar\/diario\/wp-json\/wp\/v2\/media?parent=31589"}],"wp:term":[{"taxonomy":"category","embeddable":true,"href":"http:\/\/dsrmedios.com.ar\/diario\/wp-json\/wp\/v2\/categories?post=31589"},{"taxonomy":"post_tag","embeddable":true,"href":"http:\/\/dsrmedios.com.ar\/diario\/wp-json\/wp\/v2\/tags?post=31589"}],"curies":[{"name":"wp","href":"https:\/\/api.w.org\/{rel}","templated":true}]}}