{"id":31576,"date":"2023-04-23T08:37:16","date_gmt":"2023-04-23T11:37:16","guid":{"rendered":"http:\/\/dsrmedios.com.ar\/diario\/?p=31576"},"modified":"2023-04-23T08:37:20","modified_gmt":"2023-04-23T11:37:20","slug":"enfrentados-los-sectores-del-gobierno-aceleran-el-armado-electoral-tras-la-declinacion-de-alberto-fernandez","status":"publish","type":"post","link":"http:\/\/dsrmedios.com.ar\/diario\/archivos\/31576","title":{"rendered":"Enfrentados, los sectores del Gobierno aceleran el armado electoral tras la declinaci\u00f3n de Alberto Fern\u00e1ndez"},"content":{"rendered":"\n<p>Hab\u00eda amanecido el s\u00e1bado y nadie en el&nbsp;<strong>PJ porte\u00f1o<\/strong>&nbsp;sab\u00eda a ciencia cierta si&nbsp;<strong>M\u00e1ximo Kirchner&nbsp;<\/strong>ir\u00eda al \u201c<strong>Plenario de la Ciudad con Cristina<\/strong>\u201d, que empezaba a las 10 en el estadio de Ferro. La confirmaci\u00f3n qued\u00f3 a cargo del senador nacional camporista y jefe del partido a nivel local,&nbsp;<strong>Mariano Recalde,&nbsp;<\/strong>que avis\u00f3 en una entrevista radial, poco antes de que se activaran las comisiones del encuentro pol\u00edtico, que el principal y \u00fanico orador ser\u00eda el titular nacional de la organizaci\u00f3n.<\/p>\n\n\n\n<p>La asistencia del hijo de Cristina Kirchner se precipit\u00f3 despu\u00e9s de la renuncia de Alberto Fern\u00e1ndez a la reelecci\u00f3n, una decisi\u00f3n previsible pero anunciada sorpresivamente, que\u00a0<strong>aceler\u00f3 los planes pol\u00edticos\u00a0<\/strong>a lo largo y ancho del\u00a0<strong>Frente de Todos\u00a0<\/strong>de cara al\u00a0<strong>cierre de listas\u00a0<\/strong>para las\u00a0<strong>Primarias<\/strong>, en junio. Y los organizadores del acto en Caballito aumentaron sus expectativas. \u201cHay un clima interesante\u201d, se entusiasm\u00f3 un armador, al mediod\u00eda, despu\u00e9s de la constataci\u00f3n de que escuchar\u00edan al referente principal del espacio.<\/p>\n\n\n\n<p>Un par de horas despu\u00e9s, rodeado de militantes que hab\u00edan estado haciendo pogo durante horas entre las banderas de las agrupaciones afines,&nbsp;<strong>M\u00e1ximo Kirchner&nbsp;<\/strong>cerr\u00f3 su mensaje con otra novedad: Cristina Kirchner encabezar\u00eda el homenaje a la presidencia de N\u00e9stor Kirchner que vienen organizando sus soldados desde hace semanas para el 27 de abril, por el aniversario del ajustado&nbsp;<strong>triunfo&nbsp;<\/strong>de 2003, en el Teatro Argentino de La Plata, su ciudad de origen y sede de varios de los m\u00e1s importantes actos del kirchnerismo.<\/p>\n\n\n\n<p>Hasta el renunciamiento de Alberto Fern\u00e1ndez, el viernes por la ma\u00f1ana, el encuentro pol\u00edtico de mayor peso del sector duro del Gobierno estaba planeado para el 25 de mayo, para recordar&nbsp;<strong>la asunci\u00f3n&nbsp;<\/strong>del ex mandatario. As\u00ed lo hab\u00edan deslizado distintos dirigentes a&nbsp;<strong>Infobae&nbsp;<\/strong>hace diez d\u00edas, al final de la protesta del kirchnerismo frente a los Tribunales.&nbsp;<strong>\u201cEse d\u00eda s\u00ed vamos a tirar toda la carne al asador. Lo del 27 va a ser m\u00e1s bien protocolar\u201d,<\/strong>&nbsp;hab\u00eda augurado un intendente.<\/p>\n\n\n\n<p>Con bajo perfil, la actividad del pr\u00f3ximo jueves estaba organizada en torno al lanzamiento de una reedici\u00f3n de la \u201cescuela de gobierno\u201d de 2019 que vienen impulsando ex senadora cristinista<strong>&nbsp;Virginia Garc\u00eda,<\/strong>&nbsp;hoy a cargo de la Direcci\u00f3n General Impositiva de AFIP, y el ex ministro de Educaci\u00f3n,&nbsp;<strong>Nicol\u00e1s Trotta,&nbsp;<\/strong>cercano al sindicalista<strong>&nbsp;V\u00edctor Santa Mar\u00eda&nbsp;<\/strong>(ambos muy afines a Alberto Fern\u00e1ndez durante los primeros dos a\u00f1os de su mandato, hasta que se alejaron entre fuertes ruidos y se alinearon con el kirchnerismo).<\/p>\n\n\n\n<p>Ayer, con la constataci\u00f3n, en boca de su hijo, de que CFK ir\u00e1 al teatro platense, el acto del 27 de abril tom\u00f3 otro cariz. La \u201cescuela\u201d quedar\u00e1 en segundo plano, y ahora toda la expectativa apunta a su mensaje, en medio de las dudas sobre el rol que tendr\u00e1 este a\u00f1o. A la salida del \u201cVIP\u201d de Ferro, en Caballito, ayer, las especulaciones estaban a la orden del d\u00eda.&nbsp;<strong>\u201cComo est\u00e1n las cosas, es una posibilidad que anuncie ese d\u00eda si va a ser candidata o no\u201d,<\/strong>&nbsp;se ilusion\u00f3 un armador bonaerense, militante del operativo clamor Cristina 2023. Otros fueron m\u00e1s cautos: \u201cEs dif\u00edcil que Cristina sea tan previsible\u201d, dijo un funcionario.<\/p>\n\n\n\n<p><img decoding=\"async\" loading=\"lazy\" alt=\"M\u00e1ximo Kirchner en el estadio de Ferro, en la Ciudad. Foto: Nicol\u00e1s Stulberg\" height=\"1280\" width=\"1920\" class=\"\" src=\"https:\/\/cloudfront-us-east-1.images.arcpublishing.com\/infobae\/IDSRNCFQ4RAR3KC5GNR3CJ4FFM.jpg\" srcset=\"https:\/\/www.infobae.com\/new-resizer\/kApDSYN9vnT6FBF1jtZuunkIcWU=\/420x280\/filters:format(webp):quality(85)\/cloudfront-us-east-1.images.arcpublishing.com\/infobae\/IDSRNCFQ4RAR3KC5GNR3CJ4FFM.jpg 420w,https:\/\/www.infobae.com\/new-resizer\/zQ-z7i7mpP6O8cOiYKKG6mMpoJQ=\/768x512\/filters:format(webp):quality(85)\/cloudfront-us-east-1.images.arcpublishing.com\/infobae\/IDSRNCFQ4RAR3KC5GNR3CJ4FFM.jpg 768w,https:\/\/www.infobae.com\/new-resizer\/nWmBZfc7Q4Pt5osFFBLv4wOsskA=\/992x661\/filters:format(webp):quality(85)\/cloudfront-us-east-1.images.arcpublishing.com\/infobae\/IDSRNCFQ4RAR3KC5GNR3CJ4FFM.jpg 992w,https:\/\/www.infobae.com\/new-resizer\/CvcDg6grWgujMV2dyHFdU2IvMeI=\/1200x800\/filters:format(webp):quality(85)\/cloudfront-us-east-1.images.arcpublishing.com\/infobae\/IDSRNCFQ4RAR3KC5GNR3CJ4FFM.jpg 1200w,https:\/\/www.infobae.com\/new-resizer\/VMC-G2YKSP3mv5LHXFf4Zl2WeDc=\/1440x960\/filters:format(webp):quality(85)\/cloudfront-us-east-1.images.arcpublishing.com\/infobae\/IDSRNCFQ4RAR3KC5GNR3CJ4FFM.jpg 1440w\">M\u00e1ximo Kirchner en el estadio de Ferro, en la Ciudad. Foto: Nicol\u00e1s Stulberg<\/p>\n\n\n\n<p>En la tropa K admiten que la decisi\u00f3n del Presidente apur\u00f3 los tiempos en el espacio. Inclusive los de la vice.&nbsp;<strong>\u201cTodos est\u00e1bamos esperando a mayo, pero las cosas se aceleraron\u201d,&nbsp;<\/strong>reconoci\u00f3 un funcionario en la soleada tarde porte\u00f1a, antes de subirse a un auto en Mart\u00edn de Gainza y Avellaneda.<\/p>\n\n\n\n<p>En espejo, el ala de moderada del FDT tambi\u00e9n agiliza las definiciones tras el corrimiento del Presidente. Pocas horas despu\u00e9s del acto de La C\u00e1mpora en el distrito que gobierna el PRO desde hace 16 a\u00f1os, los ministros de Desarrollo Social,&nbsp;<strong>Victoria Tolosa Paz; Relaciones Exteriores, Santiago Cafiero;&nbsp;<\/strong>Seguridad,&nbsp;<strong>An\u00edbal Fern\u00e1ndez;<\/strong>&nbsp;y el jefe de Gabinete,&nbsp;<strong>Agust\u00edn Rossi,&nbsp;<\/strong>todos alfiles de Alberto Fern\u00e1ndez, encabezaron un acto en Ensenada que estaba previsto desde hace varios d\u00edas pero que termin\u00f3 sumando m\u00e1s figuras de las que se esperaba.<\/p>\n\n\n\n<p>El m\u00edtin se hizo en el camping del&nbsp;<strong>Sindicato de Obras Sanitarias (Sosba),&nbsp;<\/strong>a 10 minutos del predio de Punta Lara donde suele reunirse la&nbsp;<strong>\u201cmesa de Ensenada\u201d,&nbsp;<\/strong>integrada por referentes de bonaerenses que trabajan por la candidatura de Cristina Kirchner, entre ellos, el fervientemente kirchnerista intendente,&nbsp;<strong>Mario Secco<\/strong>. La ceremonia pol\u00edtica de los \u201calbertistas\u201d se arm\u00f3 en torno a Tolosa Paz, referente platense muy ligada al primer mandatario, que encabez\u00f3 la lista de diputados nacionales por la Provincia de Buenos Aires en las \u00faltimas elecciones legislativas, donde el oficialismo result\u00f3 derrotado contra Juntos por el Cambio.<\/p>\n\n\n\n<p><img decoding=\"async\" loading=\"lazy\" alt=\"Tolosa Paz junto a Agust\u00edn Rossi, An\u00edbal Fern\u00e1ndez y Santiago Cafiero en Ensenada\" height=\"1080\" width=\"1920\" class=\"\" src=\"https:\/\/cloudfront-us-east-1.images.arcpublishing.com\/infobae\/DFBOPCCZSNHNFO4YCVX3BQNC2U.jpg\" srcset=\"https:\/\/www.infobae.com\/new-resizer\/oE34utRLCTUGjeIWsSPEp-vvCYI=\/420x236\/filters:format(webp):quality(85)\/cloudfront-us-east-1.images.arcpublishing.com\/infobae\/DFBOPCCZSNHNFO4YCVX3BQNC2U.jpg 420w,https:\/\/www.infobae.com\/new-resizer\/O29A6qVJi8b71V9AWD4PZjyCECI=\/768x432\/filters:format(webp):quality(85)\/cloudfront-us-east-1.images.arcpublishing.com\/infobae\/DFBOPCCZSNHNFO4YCVX3BQNC2U.jpg 768w,https:\/\/www.infobae.com\/new-resizer\/SmKvBwfBeeCxcIblpyUG8D1u43A=\/992x558\/filters:format(webp):quality(85)\/cloudfront-us-east-1.images.arcpublishing.com\/infobae\/DFBOPCCZSNHNFO4YCVX3BQNC2U.jpg 992w,https:\/\/www.infobae.com\/new-resizer\/7CL8wgxSClWceRq5gbggvI1jzO4=\/1200x675\/filters:format(webp):quality(85)\/cloudfront-us-east-1.images.arcpublishing.com\/infobae\/DFBOPCCZSNHNFO4YCVX3BQNC2U.jpg 1200w,https:\/\/www.infobae.com\/new-resizer\/0ADrFDMzh2QTWTN43biZaG_DCWU=\/1440x810\/filters:format(webp):quality(85)\/cloudfront-us-east-1.images.arcpublishing.com\/infobae\/DFBOPCCZSNHNFO4YCVX3BQNC2U.jpg 1440w\">Tolosa Paz junto a Agust\u00edn Rossi, An\u00edbal Fern\u00e1ndez y Santiago Cafiero en Ensenada<\/p>\n\n\n\n<p>Con los sugestivos slogan\u00a0<strong>\u201cCamino a la Victoria\u201d,<\/strong>\u00a0y\u00a0<strong>\u201cSer\u00e1 Victoria\u201d,<\/strong>\u00a0la ministra defendi\u00f3 las PASO y llam\u00f3 a organizar las \u201creglas de juego\u201d para la competencia interna, que probablemente se terminen de delinear en el Congreso del PJ convocado en el Consejo del viernes por la tarde, en la sede partidaria de la calle Matheu. Rodeada de carteles rosas, y vestida, ella misma, con una camisa de ese color, no dijo a qu\u00e9 cargo apunta. Pero ya avis\u00f3 a los propios que no competir\u00e1 nuevamente en La Plata, como hace cuatro a\u00f1os, cuando perdi\u00f3 diezmada por la interna. Y en el frente la ubican, o bien como compa\u00f1era de f\u00f3rmula de alguno de los candidatos moderados; o para la provincia de Buenos Aires, donde el candidato puesto es\u00a0<strong>Axel Kicillof,\u00a0<\/strong>que responde a Cristina Kirchner y quiere la reelecci\u00f3n, pero podr\u00eda ir a la Naci\u00f3n si la vicepresidenta as\u00ed lo dispusiera. De todas formas, los rumores de que habr\u00e1 dos listas en la Provincia est\u00e1n vigentes, si bien los armadores m\u00e1s experimentados advierten que ser\u00eda peligroso fragmentar la oferta en el distrito m\u00e1s poblado.<\/p>\n\n\n\n<p>La ministra, identificada con el peronismo no camporista, evit\u00f3 los cuestionamientos contra el espacio opuesto. Pero&nbsp;<strong>An\u00edbal Fern\u00e1ndez,&nbsp;<\/strong>el principal espadach\u00edn del Presidente, se encarg\u00f3 de fustigar contra la orga, a la que calific\u00f3, una vez m\u00e1s, como \u201csoberbia\u201d. Del otro lado de la&nbsp;<strong>General Paz,<\/strong>&nbsp;en las primeras horas de la tarde M\u00e1ximo Kirchner le hab\u00eda dedicado algunos comentarios picantes a Alberto Fern\u00e1ndez, como siempre, sobre el rumbo de la gesti\u00f3n econ\u00f3mica. Pero sobre el final, le concedi\u00f3 cierto reconocimiento por la gesti\u00f3n de&nbsp;<strong>la pandemia.<\/strong><\/p>\n\n\n\n<h2>Mientras tanto, la crisis<\/h2>\n\n\n\n<p>Mientras se colocan en posici\u00f3n de lanzamiento, todos los referentes miran atentamente el curso de la econom\u00eda. El lunes ser\u00e1 una&nbsp;<strong>jornada clave,&nbsp;<\/strong>donde el Gobierno evaluar\u00e1 si sirvieron los anuncios pol\u00edticos de los \u00faltimos d\u00edas de la semana, atravesada por la corrida cambiaria que llev\u00f3 el d\u00f3lar a un pico de&nbsp;<strong>$440<\/strong>. Aguardan el efecto en los mercados de la foto que se tomaron juntos&nbsp;<strong>Alberto Fern\u00e1ndez&nbsp;<\/strong>y el ministro de Econom\u00eda,&nbsp;<strong>Sergio Massa,&nbsp;<\/strong>para mostrar continuidad en el esquema del Gabinete despu\u00e9s de los rumores de renuncia; y el anuncio del apartamiento del jefe de Estado de la carrera electoral. Adem\u00e1s, eval\u00faan anunciar&nbsp;<strong>medidas,&nbsp;<\/strong>por ahora misteriosas.<\/p>\n\n\n\n<p><img decoding=\"async\" loading=\"lazy\" alt=\"La foto con la que Alberto Fern\u00e1ndez y Massa buscaron llevar tranquilidad a los mercados en medio de los rumores \" height=\"1080\" width=\"1920\" class=\"\" src=\"https:\/\/cloudfront-us-east-1.images.arcpublishing.com\/infobae\/LVWVQQVHJNBFBOEAPIFZTIQJSM.jpg\" srcset=\"https:\/\/www.infobae.com\/new-resizer\/T7fr-9hzbd8EUdv9JNkZ1N3TWD4=\/420x236\/filters:format(webp):quality(85)\/cloudfront-us-east-1.images.arcpublishing.com\/infobae\/LVWVQQVHJNBFBOEAPIFZTIQJSM.jpg 420w,https:\/\/www.infobae.com\/new-resizer\/QzyVp6H0W-03mR-XR8s5s9jg2dQ=\/768x432\/filters:format(webp):quality(85)\/cloudfront-us-east-1.images.arcpublishing.com\/infobae\/LVWVQQVHJNBFBOEAPIFZTIQJSM.jpg 768w,https:\/\/www.infobae.com\/new-resizer\/9KYdFwR4PdvXXhsRfmUec2_KCyc=\/992x558\/filters:format(webp):quality(85)\/cloudfront-us-east-1.images.arcpublishing.com\/infobae\/LVWVQQVHJNBFBOEAPIFZTIQJSM.jpg 992w,https:\/\/www.infobae.com\/new-resizer\/IEXRHDy3HkPbfJOiFiLD7PyF6Mw=\/1200x675\/filters:format(webp):quality(85)\/cloudfront-us-east-1.images.arcpublishing.com\/infobae\/LVWVQQVHJNBFBOEAPIFZTIQJSM.jpg 1200w,https:\/\/www.infobae.com\/new-resizer\/cKw83sIQ5T_n5AYjadXGyn6Zb1Q=\/1440x810\/filters:format(webp):quality(85)\/cloudfront-us-east-1.images.arcpublishing.com\/infobae\/LVWVQQVHJNBFBOEAPIFZTIQJSM.jpg 1440w\">La foto con la que Alberto Fern\u00e1ndez y Massa buscaron llevar tranquilidad a los mercados en medio de los rumores<\/p>\n\n\n\n<p>Massa, en tanto, a\u00fan medita si se presentar\u00e1 en las PASO, o dejar\u00e1 pasar cuatro a\u00f1os hasta las siguientes elecciones presidenciales. El&nbsp;<strong>5 de mayo&nbsp;<\/strong>tiene planeado encabezar el encuentro del&nbsp;<strong>Frente Renovador, donde oficializar\u00e1n que presentar\u00e1n candidatos en todas las categor\u00edas.&nbsp;<\/strong>El discurso m\u00e1s importante de Cristina Kirchner ser\u00e1 una semana antes, y en el kirchnerismo adelantan, sin dudas, que&nbsp;<strong>condicionar\u00e1 sus planes.&nbsp;<\/strong>Algunos se ilusionan con que la Vicepresidenta juegue, pero la mayor\u00eda cree que mantendr\u00e1 firme la postura de diciembre tras la condena en vialidad. En ese caso, consideran que lo m\u00e1s probable es que haya PASO, sean quienes sean los candidatos. Por ahora, adem\u00e1s de Massa, siguen en carrera el embajador en Brasil, Daniel Scioli; el ministro del Interior, Eduardo \u201cWado de Pedro. Y empieza a perfilarse, tambi\u00e9n, Rossi.<\/p>\n\n\n\n<p>Para los pr\u00f3ximos d\u00edas, Alberto Fern\u00e1ndez, que se mantuvo en silencio despu\u00e9s de su anuncio y de su participaci\u00f3n en el Consejo del PJ, tiene planeado continuar con una agenda estrictamente \u201cinstitucional\u201d, seg\u00fan dijeron en su entorno, que incluir\u00e1 sendas visitas a Salta y a Santa Cruz, un encuentro con el presidente de Rumania, y un acto sobre Seguridad. Sin embargo, estar\u00e1 abocado principalmente a seguir la evoluci\u00f3n del d\u00f3lar paralelo y la renegociaci\u00f3n de la deuda con el FMI, temas clave en una agenda nacional donde el\u00a0<strong>armado electoral\u00a0<\/strong>qued\u00f3 atravesado por la profundizaci\u00f3n de la\u00a0<strong>crisis econ\u00f3mica<\/strong>.<\/p>\n\n\n\n<p>FUENTE: INFOBAE<\/p>\n","protected":false},"excerpt":{"rendered":"<div class=\"mh-excerpt\"><p>Hab\u00eda amanecido el s\u00e1bado y nadie en el&nbsp;PJ porte\u00f1o&nbsp;sab\u00eda a ciencia cierta si&nbsp;M\u00e1ximo Kirchner&nbsp;ir\u00eda al \u201cPlenario de la Ciudad con Cristina\u201d, que empezaba a las 10 en el estadio de Ferro. La confirmaci\u00f3n qued\u00f3 a cargo del senador nacional camporista y jefe del partido a nivel local,&nbsp;Mariano Recalde,&nbsp;que avis\u00f3 en una entrevista radial, poco antes de que se activaran las comisiones del encuentro pol\u00edtico, que el principal y \u00fanico orador ser\u00eda el titular nacional de la organizaci\u00f3n. La asistencia del hijo de Cristina Kirchner se precipit\u00f3 despu\u00e9s de la renuncia de Alberto Fern\u00e1ndez a la reelecci\u00f3n, una decisi\u00f3n previsible pero <a class=\"mh-excerpt-more\" href=\"http:\/\/dsrmedios.com.ar\/diario\/archivos\/31576\" title=\"Enfrentados, los sectores del Gobierno aceleran el armado electoral tras la declinaci\u00f3n de Alberto Fern\u00e1ndez\">[Leer m\u00e1s]<\/a><\/p>\n<\/div>","protected":false},"author":6,"featured_media":31503,"comment_status":"open","ping_status":"closed","sticky":false,"template":"","format":"standard","meta":{"_jetpack_newsletter_access":""},"categories":[6],"tags":[],"jetpack_featured_media_url":"http:\/\/dsrmedios.com.ar\/diario\/wp-content\/uploads\/2023\/04\/NZPVIXR6NNAOROHP462N7OADPY-1.jpg","jetpack_sharing_enabled":true,"jetpack_shortlink":"https:\/\/wp.me\/p9fihK-8di","_links":{"self":[{"href":"http:\/\/dsrmedios.com.ar\/diario\/wp-json\/wp\/v2\/posts\/31576"}],"collection":[{"href":"http:\/\/dsrmedios.com.ar\/diario\/wp-json\/wp\/v2\/posts"}],"about":[{"href":"http:\/\/dsrmedios.com.ar\/diario\/wp-json\/wp\/v2\/types\/post"}],"author":[{"embeddable":true,"href":"http:\/\/dsrmedios.com.ar\/diario\/wp-json\/wp\/v2\/users\/6"}],"replies":[{"embeddable":true,"href":"http:\/\/dsrmedios.com.ar\/diario\/wp-json\/wp\/v2\/comments?post=31576"}],"version-history":[{"count":1,"href":"http:\/\/dsrmedios.com.ar\/diario\/wp-json\/wp\/v2\/posts\/31576\/revisions"}],"predecessor-version":[{"id":31577,"href":"http:\/\/dsrmedios.com.ar\/diario\/wp-json\/wp\/v2\/posts\/31576\/revisions\/31577"}],"wp:featuredmedia":[{"embeddable":true,"href":"http:\/\/dsrmedios.com.ar\/diario\/wp-json\/wp\/v2\/media\/31503"}],"wp:attachment":[{"href":"http:\/\/dsrmedios.com.ar\/diario\/wp-json\/wp\/v2\/media?parent=31576"}],"wp:term":[{"taxonomy":"category","embeddable":true,"href":"http:\/\/dsrmedios.com.ar\/diario\/wp-json\/wp\/v2\/categories?post=31576"},{"taxonomy":"post_tag","embeddable":true,"href":"http:\/\/dsrmedios.com.ar\/diario\/wp-json\/wp\/v2\/tags?post=31576"}],"curies":[{"name":"wp","href":"https:\/\/api.w.org\/{rel}","templated":true}]}}