{"id":31556,"date":"2023-04-22T15:38:42","date_gmt":"2023-04-22T18:38:42","guid":{"rendered":"http:\/\/dsrmedios.com.ar\/diario\/?p=31556"},"modified":"2023-04-22T15:38:46","modified_gmt":"2023-04-22T18:38:46","slug":"me-parece-todo-muy-falso-el-diagnostico-de-patricia-bullrich-sobre-el-renunciamiento-del-presidente","status":"publish","type":"post","link":"http:\/\/dsrmedios.com.ar\/diario\/archivos\/31556","title":{"rendered":"\u00abMe parece todo muy falso\u00bb: el diagn\u00f3stico de Patricia Bullrich sobre el renunciamiento del Presidente"},"content":{"rendered":"\n<p>El l\u00edder de La C\u00e1mpora&nbsp;<strong><a href=\"https:\/\/elintransigente.com\/tag\/maximo-kirchner\/\" target=\"_blank\" rel=\"noreferrer noopener\">M\u00e1ximo Kirchner<\/a><\/strong>&nbsp;<strong>cerr\u00f3 el acto partidista del PJ porte\u00f1o \u00abLa Ciudad con Cristina\u00bb, en el marco de un nuevo \u00aboperativo clamor\u00bb para reclamar por la candidatura de<\/strong>&nbsp;<strong><a href=\"https:\/\/elintransigente.com\/tag\/cristina-kirchner\/\" target=\"_blank\" rel=\"noreferrer noopener\">Cristina Kirchner<\/a><\/strong>. Durante su discurso, pidi\u00f3 primero \u00abdebatir un programa de Gobierno\u00bb, a ra\u00edz de la reciente baja del presidente&nbsp;<strong><a href=\"https:\/\/twitter.com\/alferdez\">Alberto Fern\u00e1ndez<\/a><\/strong>&nbsp;de la candidatura presidencial. Sin embargo, concentr\u00f3 casi todo el tiempo en dirigir severas cr\u00edticas a la oposici\u00f3n y a los organismos multilaterales que condicionan el crecimiento del pa\u00eds como el Fondo Monetario Internacional (FMI).<\/p>\n\n\n\n<p>En primera instancia, el diputado nacional remarc\u00f3 que el Frente de Todos (FdT) debe \u00abtener un programa claro que tenga 10, 15 o 20 puntos\u00bb y reflejar \u00abel compromiso inquebrantable\u00bb de los dirigentes. Por ello, apunt\u00f3 contra el jefe de Estado al indicar que \u00abno hay derecho a que alguien est\u00e9 enojado y hoy no ayude a construir una nueva opci\u00f3n. Si hubo errores durante estos tres a\u00f1os, es bueno reconocerlo. Pero es muy complejo si cada uno de los sectores del FdT est\u00e1 todo el tiempo poniendo en duda su aporte por un lugar m\u00e1s o un lugar menos en las listas\u00bb.<\/p>\n\n\n\n<p>Adem\u00e1s, M\u00e1ximo Kirchner subray\u00f3 que se debe construir una alianza oficialista \u00abpara despu\u00e9s no tener errores de cabeza\u00bb, siguiendo con la cr\u00edtica al mandatario. Por eso, insisti\u00f3 en la necesidad de \u00abdebatir un programa de Gobierno, m\u00e1s all\u00e1 de las plataformas que se preparan para las elecciones.<\/p>\n\n\n\n<h3 id=\"h-las-chicanas-a-juntos-por-el-cambio-y-los-liberales\">Las chicanas a Juntos por el Cambio y los liberales<\/h3>\n\n\n\n<p>Al hablar de Juntos por el Cambio (antes Cambiemos), Kirchner defini\u00f3 su gesti\u00f3n como \u00abuna tragedia\u00bb y realiz\u00f3 comparaciones entre dirigentes del macrismo con peronistas, entre ellos, Patricia Bullrich y Gerardo Morales. \u00abVi a otra candidata, que fue la ministra de Trabajo de De la R\u00faa, y me dije d\u00f3nde estaba. Era la ministra de Trabajo para quien la palabra \u00aborden\u00bb significaba 13% de recorte para los jubilados\u00bb. Posteriormente, la contrapuso con el ministro provincial&nbsp;Walter Correa, a quien lo posicion\u00f3 como parte de la resistencia durante la crisis institucional del 2001.<\/p>\n\n\n\n<p>\u00abSon los mismos verdugos del pueblo que no tuvieron empacho en regar las calles de sangre, dolor y miseria\u00bb, afirm\u00f3 sobre los nombrados. Con respecto a la Ciudad, M\u00e1ximo Kirchner critic\u00f3 el fallo a favor de la coparticipaci\u00f3n en CABA. \u00abAc\u00e1 reside el poder financiero que quiere poner de rodillas al pa\u00eds. El resto de las provincias coparticipan. Es hora de que la Ciudad lo haga a cada una de sus columnas\u00bb, aport\u00f3.<\/p>\n\n\n\n<p>En otra parte del mon\u00f3logo, el dirigente peronista pidi\u00f3 a la sociedad un especial cuidado con el espacio liberal y sus promesas de libertad. \u00abEn el oc\u00e9ano, nada prohibe al krill comerse a la ballena, pero siempre es la ballena la que se come al krill. Y as\u00ed, si se miran en el espejo y no son una ballena, por favor, tengan cuidado con ese lema de la libertad. El Estado debe estar presente donde el mercado excluye\u00bb, recomend\u00f3.<\/p>\n\n\n\n<h3 id=\"h-el-analisis-de-maximo-kirchner-sobre-el-fmi-y-su-mensaje-a-georgieva\">El an\u00e1lisis de M\u00e1ximo Kirchner sobre el FMI y su mensaje a Georgieva<\/h3>\n\n\n\n<p>Otro de los t\u00f3picos principales fue el an\u00e1lisis sobre el FMI, en el marco de la p\u00e9rdida de soberan\u00eda y de capacidad de decisi\u00f3n nacional. \u00abNos pusieron de rodillas\u00bb, destac\u00f3, al mismo tiempo que defini\u00f3 el acuerdo con el Fondo como \u00abinnecesario\u00bb. \u00abObviamente que va a haber que hacer un sacrifico inmenso para sacar a nuestro pa\u00eds adelante\u00bb, a\u00f1adi\u00f3, aunque recordando positivamente la gesti\u00f3n de N\u00e9stor Kirchner.<\/p>\n\n\n\n<p>\u00abEn ese momento decidi\u00f3 dar un paso al costado, pero no abandonar el bloque, me qued\u00e9 adentro del Frente de Todos. Lo hice con la mayor de las honestidades pol\u00edticas, no fue cuidar un legado que se cuida solo. Fue entender que ese acuerdo iba a tener las consecuencias que estamos viendo, firmado a 15 d\u00edas de iniciada la guerra. Un acuerdo incumplible\u00bb, sentenci\u00f3.<\/p>\n\n\n\n<p>Por otra parte, le habl\u00f3 directamente a Kristalina Georgieva, titular del organismo, y apel\u00f3 a la dif\u00edcil infancia que tuvo en Bulgaria, seg\u00fan le inform\u00f3 el exministro de Econom\u00eda Mart\u00edn Guzm\u00e1n. \u00abYo le pido a la se\u00f1ora Georgieva del FMI que, si Guzm\u00e1n no me minti\u00f3, que no tenga tanta perversidad de aplicarle a 40 millones de argentinos lo que ella sufri\u00f3 de peque\u00f1a. No merece este trato ning\u00fan pa\u00eds del mundo\u00bb, exclam\u00f3.<\/p>\n\n\n\n<p>Fuente: EL INTRANSIGENTE<\/p>\n","protected":false},"excerpt":{"rendered":"<div class=\"mh-excerpt\"><p>El l\u00edder de La C\u00e1mpora&nbsp;M\u00e1ximo Kirchner&nbsp;cerr\u00f3 el acto partidista del PJ porte\u00f1o \u00abLa Ciudad con Cristina\u00bb, en el marco de un nuevo \u00aboperativo clamor\u00bb para reclamar por la candidatura de&nbsp;Cristina Kirchner. Durante su discurso, pidi\u00f3 primero \u00abdebatir un programa de Gobierno\u00bb, a ra\u00edz de la reciente baja del presidente&nbsp;Alberto Fern\u00e1ndez&nbsp;de la candidatura presidencial. Sin embargo, concentr\u00f3 casi todo el tiempo en dirigir severas cr\u00edticas a la oposici\u00f3n y a los organismos multilaterales que condicionan el crecimiento del pa\u00eds como el Fondo Monetario Internacional (FMI). En primera instancia, el diputado nacional remarc\u00f3 que el Frente de Todos (FdT) debe \u00abtener un <a class=\"mh-excerpt-more\" href=\"http:\/\/dsrmedios.com.ar\/diario\/archivos\/31556\" title=\"\u00abMe parece todo muy falso\u00bb: el diagn\u00f3stico de Patricia Bullrich sobre el renunciamiento del Presidente\">[Leer m\u00e1s]<\/a><\/p>\n<\/div>","protected":false},"author":6,"featured_media":30930,"comment_status":"open","ping_status":"closed","sticky":false,"template":"","format":"standard","meta":{"_jetpack_newsletter_access":""},"categories":[6],"tags":[],"jetpack_featured_media_url":"http:\/\/dsrmedios.com.ar\/diario\/wp-content\/uploads\/2023\/04\/patriciabulrich.png","jetpack_sharing_enabled":true,"jetpack_shortlink":"https:\/\/wp.me\/p9fihK-8cY","_links":{"self":[{"href":"http:\/\/dsrmedios.com.ar\/diario\/wp-json\/wp\/v2\/posts\/31556"}],"collection":[{"href":"http:\/\/dsrmedios.com.ar\/diario\/wp-json\/wp\/v2\/posts"}],"about":[{"href":"http:\/\/dsrmedios.com.ar\/diario\/wp-json\/wp\/v2\/types\/post"}],"author":[{"embeddable":true,"href":"http:\/\/dsrmedios.com.ar\/diario\/wp-json\/wp\/v2\/users\/6"}],"replies":[{"embeddable":true,"href":"http:\/\/dsrmedios.com.ar\/diario\/wp-json\/wp\/v2\/comments?post=31556"}],"version-history":[{"count":1,"href":"http:\/\/dsrmedios.com.ar\/diario\/wp-json\/wp\/v2\/posts\/31556\/revisions"}],"predecessor-version":[{"id":31557,"href":"http:\/\/dsrmedios.com.ar\/diario\/wp-json\/wp\/v2\/posts\/31556\/revisions\/31557"}],"wp:featuredmedia":[{"embeddable":true,"href":"http:\/\/dsrmedios.com.ar\/diario\/wp-json\/wp\/v2\/media\/30930"}],"wp:attachment":[{"href":"http:\/\/dsrmedios.com.ar\/diario\/wp-json\/wp\/v2\/media?parent=31556"}],"wp:term":[{"taxonomy":"category","embeddable":true,"href":"http:\/\/dsrmedios.com.ar\/diario\/wp-json\/wp\/v2\/categories?post=31556"},{"taxonomy":"post_tag","embeddable":true,"href":"http:\/\/dsrmedios.com.ar\/diario\/wp-json\/wp\/v2\/tags?post=31556"}],"curies":[{"name":"wp","href":"https:\/\/api.w.org\/{rel}","templated":true}]}}