{"id":31553,"date":"2023-04-22T15:29:33","date_gmt":"2023-04-22T18:29:33","guid":{"rendered":"http:\/\/dsrmedios.com.ar\/diario\/?p=31553"},"modified":"2023-04-22T15:29:37","modified_gmt":"2023-04-22T18:29:37","slug":"la-actividad-industrial-crecio-en-marzo-y-cerro-el-mejor-primer-trimestre-en-5-anos","status":"publish","type":"post","link":"http:\/\/dsrmedios.com.ar\/diario\/archivos\/31553","title":{"rendered":"La actividad industrial creci\u00f3 en marzo y cerr\u00f3 el mejor primer trimestre en 5 a\u00f1os"},"content":{"rendered":"\n<p>La actividad industrial creci\u00f3 en marzo 0,7% interanual cerrando, de esta forma, el mejor primer trimestre de los \u00faltimos cinco a\u00f1os, de acuerdo con el \u00edndice adelantado de actividad industrial elaborado por el Centro de Estudios para la Producci\u00f3n (CEPXXI) de la Secretar\u00eda de Industria. Seg\u00fan el indicador que fue publicado hoy, la producci\u00f3n industrial en marzo creci\u00f3 0,7% frente a igual mes de 2022, y 0,3% respecto de febrero de este a\u00f1o.<\/p>\n\n\n\n<p>A partir de esta estimaci\u00f3n, en el primer trimestre del a\u00f1o la industria creci\u00f3 1,9% a comparaci\u00f3n del mismo periodo de 2022, cifra que asciende a 11,4% respecto del primer trimestre de 2019, antes de la pandemia de Coronavirus. El \u00edndice adelantado toma como referencia el consumo de energ\u00eda sobre la base de la Compa\u00f1\u00eda Administradora del Mercado Mayorista El\u00e9ctrico (Cammesa).<\/p>\n\n\n\n<p>Por su parte, la utilizaci\u00f3n de la capacidad instalada industrial se ubic\u00f3 en 65% en febrero \u00faltimo, situ\u00e1ndose as\u00ed en un punto porcentual (p.p.) por encima del mismo mes de 2022, y 6,5 pp. arriba de febrero de 2019. Se trat\u00f3 del mejor febrero en uso de capacidad industrial desde que comenz\u00f3 la serie en 2016, seg\u00fan indic\u00f3 el CEP-XXI.<\/p>\n\n\n\n<p>Si se toma al primer bimestre de este a\u00f1o en su conjunto, el uso de la capacidad instalada \u201cpromedi\u00f3 el mayor nivel en siete a\u00f1os\u201d, con un crecimiento de 2,8 p.p. respecto del mismo per\u00edodo de 2022 y de 6,2 p.p. frente al primer bimestre de 2019. Entre los diversos sectores, hubo seis que incrementaron el uso de su capacidad instalada en febrero respecto del mes anterior, destac\u00e1ndose la industria automotriz (+ 5 p.p.), qu\u00edmicos (1,5 p.p.), y metalmec\u00e1nica (+ 1,3 p.p.).<\/p>\n\n\n\n<p>El secretario de Industria y Desarrollo Productivo, Jos\u00e9 Ignacio de Mendiguren, se\u00f1al\u00f3 que \u201cel ministro (de Econom\u00eda), Sergio Massa traz\u00f3 una hoja de ruta clara: ordenar la macroeconom\u00eda a partir de pol\u00edticas que sostengan el nivel de actividad y que impulsen el desarrollo estructural del pa\u00eds\u201d. \u201cA pesar de los problemas que atravesamos y que reconocemos, estos n\u00fameros muestran de manera concreta que el camino es la alianza que sellamos la producci\u00f3n y el trabajo\u201d, afirm\u00f3 el funcionario a trav\u00e9s de un comunicado.<\/p>\n\n\n\n<p>De Mendiguren tambi\u00e9n destac\u00f3 que \u201cla inversi\u00f3n est\u00e1 en su pico m\u00e1ximo en 14 a\u00f1os porque las empresas creen en el futuro de Argentina\u201d. \u201cEste es el rumbo que tenemos que fortalecer y profundizar\u201d. <\/p>\n\n\n\n<p>Fuente: LA ARENA<\/p>\n","protected":false},"excerpt":{"rendered":"<div class=\"mh-excerpt\"><p>La actividad industrial creci\u00f3 en marzo 0,7% interanual cerrando, de esta forma, el mejor primer trimestre de los \u00faltimos cinco a\u00f1os, de acuerdo con el \u00edndice adelantado de actividad industrial elaborado por el Centro de Estudios para la Producci\u00f3n (CEPXXI) de la Secretar\u00eda de Industria. Seg\u00fan el indicador que fue publicado hoy, la producci\u00f3n industrial en marzo creci\u00f3 0,7% frente a igual mes de 2022, y 0,3% respecto de febrero de este a\u00f1o. A partir de esta estimaci\u00f3n, en el primer trimestre del a\u00f1o la industria creci\u00f3 1,9% a comparaci\u00f3n del mismo periodo de 2022, cifra que asciende a 11,4% <a class=\"mh-excerpt-more\" href=\"http:\/\/dsrmedios.com.ar\/diario\/archivos\/31553\" title=\"La actividad industrial creci\u00f3 en marzo y cerr\u00f3 el mejor primer trimestre en 5 a\u00f1os\">[Leer m\u00e1s]<\/a><\/p>\n<\/div>","protected":false},"author":6,"featured_media":31554,"comment_status":"open","ping_status":"closed","sticky":false,"template":"","format":"standard","meta":{"_jetpack_newsletter_access":""},"categories":[6],"tags":[],"jetpack_featured_media_url":"http:\/\/dsrmedios.com.ar\/diario\/wp-content\/uploads\/2023\/04\/o_1679858272.jpg","jetpack_sharing_enabled":true,"jetpack_shortlink":"https:\/\/wp.me\/p9fihK-8cV","_links":{"self":[{"href":"http:\/\/dsrmedios.com.ar\/diario\/wp-json\/wp\/v2\/posts\/31553"}],"collection":[{"href":"http:\/\/dsrmedios.com.ar\/diario\/wp-json\/wp\/v2\/posts"}],"about":[{"href":"http:\/\/dsrmedios.com.ar\/diario\/wp-json\/wp\/v2\/types\/post"}],"author":[{"embeddable":true,"href":"http:\/\/dsrmedios.com.ar\/diario\/wp-json\/wp\/v2\/users\/6"}],"replies":[{"embeddable":true,"href":"http:\/\/dsrmedios.com.ar\/diario\/wp-json\/wp\/v2\/comments?post=31553"}],"version-history":[{"count":1,"href":"http:\/\/dsrmedios.com.ar\/diario\/wp-json\/wp\/v2\/posts\/31553\/revisions"}],"predecessor-version":[{"id":31555,"href":"http:\/\/dsrmedios.com.ar\/diario\/wp-json\/wp\/v2\/posts\/31553\/revisions\/31555"}],"wp:featuredmedia":[{"embeddable":true,"href":"http:\/\/dsrmedios.com.ar\/diario\/wp-json\/wp\/v2\/media\/31554"}],"wp:attachment":[{"href":"http:\/\/dsrmedios.com.ar\/diario\/wp-json\/wp\/v2\/media?parent=31553"}],"wp:term":[{"taxonomy":"category","embeddable":true,"href":"http:\/\/dsrmedios.com.ar\/diario\/wp-json\/wp\/v2\/categories?post=31553"},{"taxonomy":"post_tag","embeddable":true,"href":"http:\/\/dsrmedios.com.ar\/diario\/wp-json\/wp\/v2\/tags?post=31553"}],"curies":[{"name":"wp","href":"https:\/\/api.w.org\/{rel}","templated":true}]}}