{"id":31551,"date":"2023-04-22T15:26:52","date_gmt":"2023-04-22T18:26:52","guid":{"rendered":"http:\/\/dsrmedios.com.ar\/diario\/?p=31551"},"modified":"2023-04-22T15:26:56","modified_gmt":"2023-04-22T18:26:56","slug":"dolar-blue-record-seis-razones-que-explican-la-escalada-de-los-ultimos-diez-dias","status":"publish","type":"post","link":"http:\/\/dsrmedios.com.ar\/diario\/archivos\/31551","title":{"rendered":"D\u00f3lar blue r\u00e9cord: seis razones que explican la escalada de los \u00faltimos diez d\u00edas"},"content":{"rendered":"\n<p>El&nbsp;<a href=\"https:\/\/tn.com.ar\/economia\/2023\/04\/21\/dolar-blue-y-dolar-hoy-todas-las-cotizaciones-de-este-viernes-21-de-abril\/\" target=\"_blank\" rel=\"noreferrer noopener\"><strong>d\u00f3lar blue<\/strong><\/a>&nbsp;escala y anota&nbsp;<strong>m\u00e1ximo tras m\u00e1ximo<\/strong>. El viernes 21 de abril alcanz\u00f3 un<strong>&nbsp;nuevo r\u00e9cord: $442<\/strong>. En solo una semana aument\u00f3 42 pesos. La escalada de la divisa paralela se inici\u00f3 una semana antes, previo a conocerse el&nbsp;<a href=\"https:\/\/tn.com.ar\/economia\/2023\/04\/14\/la-inflacion-de-marzo-fue-de-77-y-fue-la-mas-alta-del-gobierno-de-alberto-fernandez\/\">dato de inflaci\u00f3n de marzo<\/a>, que<strong>&nbsp;marc\u00f3 7,7%<\/strong>&nbsp;y result\u00f3 un r\u00e9cord mensual desde 2002.<\/p>\n\n\n\n<p>En una sinton\u00eda similar, los\u00a0<strong>d\u00f3lares financieros<\/strong>\u00a0tambi\u00e9n se despertaron. En la \u00faltima rueda cambiaria de la semana, el\u00a0<strong>d\u00f3lar MEP lleg\u00f3 a $440 y el contado con liquidaci\u00f3n super\u00f3 los 450<\/strong>\u00a0pesos.<\/p>\n\n\n\n<p>Ante la situaci\u00f3n, hay&nbsp;<strong>distintos elementos<\/strong>&nbsp;que explican la escalada, que TN compila a continuaci\u00f3n:<\/p>\n\n\n\n<h2>1. El retraso respecto a la inflaci\u00f3n<\/h2>\n\n\n\n<p>La escalada del d\u00f3lar blue y los financieros se inici\u00f3 en la previa a la difusi\u00f3n e&nbsp;<a href=\"https:\/\/tn.com.ar\/opinion\/2023\/04\/20\/las-internas-en-el-gobierno-y-las-aspiraciones-de-poder-disparan-el-dolar-y-desestabilizan-la-economia\/\" target=\"_blank\" rel=\"noreferrer noopener\"><strong>inflaci\u00f3n<\/strong><\/a>&nbsp;de marzo, de 7,7% y continu\u00f3 durante toda la semana. El aumento del costo de vida en el<strong>&nbsp;primer trimestre fue del 21,7%<\/strong>, mientras en el mismo per\u00edodo&nbsp;<strong>el billete paralelo hab\u00eda incrementado su valor un 12,9%<\/strong>.<\/p>\n\n\n\n<h2>2. El \u201cefecto Milei\u201d por su plan para dolarizar<\/h2>\n\n\n\n<p>Otra de las&nbsp;<a href=\"https:\/\/tn.com.ar\/economia\/2023\/04\/18\/precio-atrasado-pocas-reservas-y-efecto-milei-las-razones-detras-de-la-suba-del-dolar-blue\/\" target=\"_blank\" rel=\"noreferrer noopener\">razones fundamentales detr\u00e1s de la escalada del d\u00f3lar es el<strong>&nbsp;ruido pol\u00edtico<\/strong><\/a>, como inform\u00f3&nbsp;<strong>TN<\/strong>. En particular, las declaraciones del precandidato a presidente&nbsp;<strong>Javier Milei<\/strong>, que propone una&nbsp;<strong>dolarizaci\u00f3n de la econom\u00eda<\/strong>. Sus dichos no solamente generan dudas desde ahora, sino que seguir\u00e1n impulsando las cotizaciones en los pr\u00f3ximos meses, a medida que se acerquen las&nbsp;<strong>elecciones presidenciales<\/strong>.<\/p>\n\n\n\n<figure class=\"wp-block-image\"><img decoding=\"async\" src=\"https:\/\/tn.com.ar\/resizer\/b0GgXQoBScplhZ1pBc9jJMwF9AI=\/767x0\/smart\/filters:format(webp)\/cloudfront-us-east-1.images.arcpublishing.com\/artear\/R2H6WGXMHVGSTIXCTEZRZDNBWY.png\" alt=\"Javier Milei propone una dolarizaci\u00f3n de la econom\u00eda. (Foto: Dami\u00e1n Dopacio \/ NA)\"\/><figcaption class=\"wp-element-caption\">Javier Milei propone una dolarizaci\u00f3n de la econom\u00eda. (Foto: Dami\u00e1n Dopacio \/ NA)<\/figcaption><\/figure>\n\n\n\n<h2>3. El atraso de la tasa de inter\u00e9s respecto de la inflaci\u00f3n<\/h2>\n\n\n\n<p>El alza&nbsp;<a href=\"https:\/\/tn.com.ar\/economia\/2023\/04\/20\/en-medio-de-la-tension-cambiaria-el-banco-central-subio-la-tasa-de-interes-al-81\/\" target=\"_blank\" rel=\"noreferrer noopener\"><strong>de la tasa de inter\u00e9s al 81%<\/strong><\/a>&nbsp;dispuesta por el Banco Central, resulta insuficiente para convencer a los ahorristas e inversores a mantenerse en pesos porque sigue siendo negativa con relaci\u00f3n a la inflaci\u00f3n de marzo.<\/p>\n\n\n\n<p>La tasa nominal anual equivale a un rendimiento mensual de<strong>\u00a06,7%<\/strong>, un punto por debajo del \u00faltimo IPC.<\/p>\n\n\n\n<h2>4. El magro desempe\u00f1o del d\u00f3lar agro<\/h2>\n\n\n\n<p>Sergio Massa esperaba obtener aproximadamente US$5000 millones con el \u201c<a href=\"https:\/\/tn.com.ar\/campo\/2023\/04\/21\/no-son-tiempos-para-seguir-improvisando-dura-critica-al-dolar-agro-en-la-cuna-del-mercado-de-soja\/\" target=\"_blank\" rel=\"noreferrer noopener\"><strong>d\u00f3lar agro<\/strong><\/a>\u201d para fortalecer las reservas y cumplir en junio las metas con el&nbsp;<strong>Fondo Monetario Internacional (FMI)<\/strong>.<\/p>\n\n\n\n<p>La medida arranc\u00f3 muy por debajo de las expectativas. Si bien desde que el<strong>&nbsp;10 de abril y hasta fines de mayo&nbsp;<\/strong>eleva a $300 el tipo de cambio para varias exportaciones del campo, los productores consideran que no alcanza ante la incertidumbre. Hasta ahora lleva un&nbsp;<strong>acumulado de US$1255,11 millones.<\/strong><\/p>\n\n\n\n<h2>5. Los rumores de renuncia de Sergio Massa y de medidas extremas<\/h2>\n\n\n\n<p>El&nbsp;<strong>ruido pol\u00edtico<\/strong>&nbsp;de los \u00faltimos d\u00edas desemboc\u00f3 en la salida del jefe de asesores presidencial Antonio Aracre, que se sum\u00f3 a la preocupaci\u00f3n por los valores r\u00e9cord del d\u00f3lar y la demora en la liquidaci\u00f3n por parte del sector agropecuario que afecta a las reservas del Central.<\/p>\n\n\n\n<p><strong>Alberto Fern\u00e1ndez&nbsp;<\/strong>y&nbsp;<a href=\"https:\/\/tn.com.ar\/politica\/2023\/04\/21\/en-la-previa-del-consejo-del-pj-alberto-fernandez-se-bajo-de-la-reeleccion-presidencial\/\" target=\"_blank\" rel=\"noreferrer noopener\"><strong>Sergio Massa<\/strong><\/a>&nbsp;se mostraron juntos el jueves 20 de abril en un intento por calmar la desconfianza de los mercados ante las versiones de una&nbsp;<strong>supuesta renuncia&nbsp;<\/strong>del ministro de Econom\u00eda. Seguido de ello, la titular de AySa y esposa del funcionario, Malena Galmarini, sali\u00f3 en su respaldo a trav\u00e9s de la r\u00e9plica de un mensaje en redes sociales:&nbsp;<a href=\"https:\/\/tn.com.ar\/politica\/2023\/04\/19\/el-final-es-cuando-se-vaya-massa-el-mensaje-de-malena-galmarini-que-agito-la-interna-del-gobierno\/\" target=\"_blank\" rel=\"noreferrer noopener\"><strong>\u201cMassa se queda hasta el final, porque el final es cuando se vaya Massa\u201d<\/strong><\/a>.<\/p>\n\n\n\n<p>A eso se sum\u00f3 el viernes, distintas versiones que alentaban una fuerte devaluaci\u00f3n, en medio de denuncias por las redes sobre una \u201cparalizaci\u00f3n\u201d de las operaciones cambiarias en el mercado oficial, luego de una serie de<a rel=\"noreferrer noopener\" href=\"https:\/\/tn.com.ar\/economia\/2023\/04\/20\/el-bcra-reforzo-las-restricciones-a-las-importaciones-para-postergar-pagos-por-us2000-millones\/\" target=\"_blank\">\u00a0medidas que puso en marcha el BCRA para contener la sangr\u00eda de divisas.<\/a><\/p>\n\n\n\n<h2>6. La incertidumbre pol\u00edtica en el a\u00f1o electoral<\/h2>\n\n\n\n<p>Lejos de calmarse, la&nbsp;<strong>incertidumbre<\/strong>&nbsp;pol\u00edtica seguir\u00e1 en aumento a medida que se acerquen los tiempos de definiciones de las alianzas electorales y se acerquen los comicios. De esta manera,&nbsp;<strong>continuar\u00e1 presionando<\/strong>&nbsp;sobre las cotizaciones paralelas del d\u00f3lar junto con la alta inflaci\u00f3n proyectada para los pr\u00f3ximos meses.<\/p>\n\n\n\n<p>Eso puede explicar que el&nbsp;<a href=\"https:\/\/tn.com.ar\/economia\/2023\/04\/21\/los-bonos-suben-tras-la-decision-de-alberto-fernandez-de-no-ir-por-la-reeleccion\/\" target=\"_blank\" rel=\"noreferrer noopener\">blue registr\u00f3 un m\u00e1ximo nominal tras el anuncio de&nbsp;<strong>Alberto Fern\u00e1ndez<\/strong><\/a>&nbsp;de&nbsp;<strong>bajarse de la candidatura para la&nbsp;<\/strong><a href=\"https:\/\/tn.com.ar\/politica\/2023\/04\/22\/datos-alarmantes-en-las-encuestas-y-una-interna-feroz-los-motivos-que-obligaron-a-alberto-fernandez-a-bajarse\/\" target=\"_blank\" rel=\"noreferrer noopener\"><strong>reelecci\u00f3n<\/strong><\/a>. A pesar de que diera un paso al costado, asegur\u00f3 que estar\u00e1 al frente del armado de la estrategia electoral del Frente de Todos con miras a las PASO y las generales.<\/p>\n\n\n\n<figure class=\"wp-block-image\"><img decoding=\"async\" src=\"https:\/\/tn.com.ar\/resizer\/Q1lDQECTRH8aWiLTGRSIUd37Ql4=\/767x0\/smart\/filters:format(webp)\/cloudfront-us-east-1.images.arcpublishing.com\/artear\/2VH3W6OTX5WTXQUWMEVKFAZKZU.jpg\" alt=\"El Presidente confirm\u00f3 que no ser\u00e1 candidato en las pr\u00f3ximas elecciones generales en un video publicado en sus redes sociales. (AP Foto\/Natacha Pisarenko)\"\/><figcaption class=\"wp-element-caption\">El Presidente confirm\u00f3 que no ser\u00e1 candidato en las pr\u00f3ximas elecciones generales en un video publicado en sus redes sociales. (AP Foto\/Natacha Pisarenko)Por:&nbsp;<strong>AP<\/strong><\/figcaption><\/figure>\n\n\n\n<p>Fuente: TN<\/p>\n","protected":false},"excerpt":{"rendered":"<div class=\"mh-excerpt\"><p>El&nbsp;d\u00f3lar blue&nbsp;escala y anota&nbsp;m\u00e1ximo tras m\u00e1ximo. El viernes 21 de abril alcanz\u00f3 un&nbsp;nuevo r\u00e9cord: $442. En solo una semana aument\u00f3 42 pesos. La escalada de la divisa paralela se inici\u00f3 una semana antes, previo a conocerse el&nbsp;dato de inflaci\u00f3n de marzo, que&nbsp;marc\u00f3 7,7%&nbsp;y result\u00f3 un r\u00e9cord mensual desde 2002. En una sinton\u00eda similar, los\u00a0d\u00f3lares financieros\u00a0tambi\u00e9n se despertaron. En la \u00faltima rueda cambiaria de la semana, el\u00a0d\u00f3lar MEP lleg\u00f3 a $440 y el contado con liquidaci\u00f3n super\u00f3 los 450\u00a0pesos. Ante la situaci\u00f3n, hay&nbsp;distintos elementos&nbsp;que explican la escalada, que TN compila a continuaci\u00f3n: 1. El retraso respecto a la inflaci\u00f3n La escalada <a class=\"mh-excerpt-more\" href=\"http:\/\/dsrmedios.com.ar\/diario\/archivos\/31551\" title=\"D\u00f3lar blue r\u00e9cord: seis razones que explican la escalada de los \u00faltimos diez d\u00edas\">[Leer m\u00e1s]<\/a><\/p>\n<\/div>","protected":false},"author":6,"featured_media":31325,"comment_status":"open","ping_status":"closed","sticky":false,"template":"","format":"standard","meta":{"_jetpack_newsletter_access":""},"categories":[6],"tags":[],"jetpack_featured_media_url":"http:\/\/dsrmedios.com.ar\/diario\/wp-content\/uploads\/2023\/04\/descarga-25.jpg","jetpack_sharing_enabled":true,"jetpack_shortlink":"https:\/\/wp.me\/p9fihK-8cT","_links":{"self":[{"href":"http:\/\/dsrmedios.com.ar\/diario\/wp-json\/wp\/v2\/posts\/31551"}],"collection":[{"href":"http:\/\/dsrmedios.com.ar\/diario\/wp-json\/wp\/v2\/posts"}],"about":[{"href":"http:\/\/dsrmedios.com.ar\/diario\/wp-json\/wp\/v2\/types\/post"}],"author":[{"embeddable":true,"href":"http:\/\/dsrmedios.com.ar\/diario\/wp-json\/wp\/v2\/users\/6"}],"replies":[{"embeddable":true,"href":"http:\/\/dsrmedios.com.ar\/diario\/wp-json\/wp\/v2\/comments?post=31551"}],"version-history":[{"count":1,"href":"http:\/\/dsrmedios.com.ar\/diario\/wp-json\/wp\/v2\/posts\/31551\/revisions"}],"predecessor-version":[{"id":31552,"href":"http:\/\/dsrmedios.com.ar\/diario\/wp-json\/wp\/v2\/posts\/31551\/revisions\/31552"}],"wp:featuredmedia":[{"embeddable":true,"href":"http:\/\/dsrmedios.com.ar\/diario\/wp-json\/wp\/v2\/media\/31325"}],"wp:attachment":[{"href":"http:\/\/dsrmedios.com.ar\/diario\/wp-json\/wp\/v2\/media?parent=31551"}],"wp:term":[{"taxonomy":"category","embeddable":true,"href":"http:\/\/dsrmedios.com.ar\/diario\/wp-json\/wp\/v2\/categories?post=31551"},{"taxonomy":"post_tag","embeddable":true,"href":"http:\/\/dsrmedios.com.ar\/diario\/wp-json\/wp\/v2\/tags?post=31551"}],"curies":[{"name":"wp","href":"https:\/\/api.w.org\/{rel}","templated":true}]}}