{"id":31549,"date":"2023-04-22T15:24:59","date_gmt":"2023-04-22T18:24:59","guid":{"rendered":"http:\/\/dsrmedios.com.ar\/diario\/?p=31549"},"modified":"2023-04-22T15:25:03","modified_gmt":"2023-04-22T18:25:03","slug":"los-numeros-que-complican-a-sergio-massa-y-lo-obligan-a-renegociar-con-el-fmi","status":"publish","type":"post","link":"http:\/\/dsrmedios.com.ar\/diario\/archivos\/31549","title":{"rendered":"Los n\u00fameros que complican a Sergio Massa y lo obligan a renegociar con el FMI"},"content":{"rendered":"\n<p>D\u00edas antes de&nbsp;<a href=\"https:\/\/tn.com.ar\/politica\/2023\/04\/21\/en-la-previa-del-consejo-del-pj-alberto-fernandez-se-bajo-de-la-reeleccion-presidencial\/\" target=\"_blank\" rel=\"noreferrer noopener\">la decisi\u00f3n de Alberto Fern\u00e1ndez<\/a>&nbsp;de no buscar la reelecci\u00f3n, el ministro de Econom\u00eda&nbsp;<strong>Sergio Massa<\/strong>&nbsp;acord\u00f3 con el FMI&nbsp;<a href=\"https:\/\/tn.com.ar\/economia\/2023\/04\/15\/ante-la-extrema-sequia-el-fmi-y-la-argentina-acordaron-reconfigurar-el-acuerdo-por-la-deuda\/\" target=\"_blank\" rel=\"noreferrer noopener\">una reconfiguraci\u00f3n del acuerdo<\/a>.<\/p>\n\n\n\n<p>Aunque todav\u00eda no trascendieron\u00a0<a rel=\"noreferrer noopener\" href=\"https:\/\/tn.com.ar\/economia\/2023\/04\/17\/el-gobierno-inicia-negociaciones-contra-reloj-con-el-fmi-para-cerrar-la-reconfiguracion-del-acuerdo\/\" target=\"_blank\">los detalles de esa recalibraci\u00f3n<\/a>, uno de los puntos fundamentales ser\u00e1 el\u00a0<strong>ajuste de la meta de d\u00e9ficit fiscal<\/strong>, ya que el dato de marzo -publicado esta semana- no deja lugar a la duda: la Argentina incumpli\u00f3 el objetivo pactado con el FMI.<\/p>\n\n\n\n<p>Eso se suma al<strong>&nbsp;desv\u00edo en el objetivo de reservas<\/strong>, que&nbsp;<a href=\"https:\/\/tn.com.ar\/economia\/2023\/04\/03\/el-fmi-modifico-la-meta-de-reservas-pero-pidio-mas-control-sobre-el-gasto-la-moratoria-y-los-subsidios\/\" target=\"_blank\" rel=\"noreferrer noopener\">ya requiri\u00f3 una flexibilizaci\u00f3n de la meta anual<\/a>, as\u00ed como de la exigencia para el primer trimestre. Sin embargo, el&nbsp;<a href=\"https:\/\/tn.com.ar\/economia\/2023\/04\/19\/el-dolar-agro-no-arranca-el-bcra-vendio-casi-us200-millones-y-crece-la-preocupacion-por-las-reservas\/\" target=\"_blank\" rel=\"noreferrer noopener\">bajo nivel de adhesi\u00f3n al \u201cd\u00f3lar agro\u201d<\/a>&nbsp;tambi\u00e9n&nbsp;<strong>complica el cumplimiento de la meta prevista para junio<\/strong>.<\/p>\n\n\n\n<h2>El d\u00e9ficit fiscal fue un 56% m\u00e1s alto que la meta<\/h2>\n\n\n\n<p>Seg\u00fan el entendimiento con el FMI, la Argentina deb\u00eda cerrar el primer trimestre del a\u00f1o con un d\u00e9ficit primario de $441.500 millones,&nbsp;<strong>equivalente al 0,3%<\/strong>&nbsp;del PBI. Sin embargo,&nbsp;<strong>el rojo alcanz\u00f3 los $690.000 millones<\/strong>, es decir, el 0,4% del producto. \u201cEn la misma l\u00ednea, el d\u00e9ficit primario del primer trimestre se situ\u00f3 como el 3\u00b0 m\u00e1s elevado en los \u00faltimos 30 a\u00f1os\u201d, puntualiz\u00f3 un informe de&nbsp;<em>Ecolatina<\/em>.<\/p>\n\n\n\n<figure class=\"wp-block-image\"><img decoding=\"async\" src=\"https:\/\/tn.com.ar\/resizer\/y5bXPAIMwj9ARrtmrYXtAYbJjIY=\/767x0\/smart\/filters:format(webp)\/cloudfront-us-east-1.images.arcpublishing.com\/artear\/E7GF54EIF3O7GEPIUKIQ75SD6A.jpg\" alt=\"El FMI, conducido por Kristalina Georgieva, reconoci\u00f3 el impacto de la hist\u00f3rica sequ\u00eda en las cuentas p\u00fablicas. (Foto: Michele Tanntussi\/Reuters).\"\/><figcaption class=\"wp-element-caption\">El FMI, conducido por Kristalina Georgieva, reconoci\u00f3 el impacto de la hist\u00f3rica sequ\u00eda en las cuentas p\u00fablicas. (Foto: Michele Tanntussi\/Reuters).Por:&nbsp;<strong>REUTERS<\/strong><\/figcaption><\/figure>\n\n\n\n<p>Ya antes de conocer el resultado fiscal de marzo, los n\u00fameros previos hac\u00edan pensar que habr\u00eda un desv\u00edo de la meta. La consultora LCG destac\u00f3 que el&nbsp;<strong>desv\u00edo con respecto a la meta trimestral fue del 56%<\/strong>.<\/p>\n\n\n\n<p>\u201cEl&nbsp;<strong>resultado del primer bimestre&nbsp;<\/strong>del a\u00f1o hac\u00eda prever que la meta fiscal comprometida con el FMI no iba a ser alcanzada: en dos meses el Gobierno&nbsp;<strong>se hab\u00eda consumido pr\u00e1cticamente la totalidad<\/strong>&nbsp;de la meta trimestral de d\u00e9ficit acordada con el FMI ($432.000 milllones versus un compromiso de $441.000 en el primer trimestre)\u201d, agreg\u00f3.<\/p>\n\n\n\n<h2>El ajuste no compens\u00f3 a la sequ\u00eda<\/h2>\n\n\n\n<p>Entre las razones que explican el incumplimiento de la meta de d\u00e9ficit, aparece una vez m\u00e1s la&nbsp;<strong>sequ\u00eda<\/strong>&nbsp;que&nbsp;<strong>recort\u00f3 un 84% real los ingresos por retenciones<\/strong>. \u201cPara cuantificar el impacto negativo de la sequ\u00eda en las cuentas p\u00fablicas: si la recaudaci\u00f3n por derechos de exportaci\u00f3n se hubiera mantenido estable en t\u00e9rminos reales, el rojo primario en el primer trimestre habr\u00eda sido apenas el 40% de lo evidenciado, y se habr\u00eda sobrecumplido la meta acordada con el FMI\u201d, apunt\u00f3&nbsp;<em>Ecolatina<\/em>.<\/p>\n\n\n\n<figure class=\"wp-block-image\"><img decoding=\"async\" src=\"https:\/\/tn.com.ar\/resizer\/PQWMtq-4JJJCVGNnx8D5cfDmt7s=\/767x0\/smart\/filters:format(webp)\/cloudfront-us-east-1.images.arcpublishing.com\/artear\/OP6YILCVPBFXZFPVYRYC6QDRFI.jpg\" alt=\"Las jubilaciones cayeron en t\u00e9rminos reales entre enero y marzo. (Foto: NA\/Juan Vargas).\"\/><figcaption class=\"wp-element-caption\">Las jubilaciones cayeron en t\u00e9rminos reales entre enero y marzo. (Foto: NA\/Juan Vargas).<\/figcaption><\/figure>\n\n\n\n<p>Por el lado de los&nbsp;<strong>gastos<\/strong>, el Gobierno hizo un&nbsp;<strong>ajuste<\/strong>&nbsp;importante, del orden del 17% real. Sin embargo, esa reducci\u00f3n no alcanz\u00f3 para compensar la ca\u00edda en los ingresos del primer trimestre, que fue del 21% real.<\/p>\n\n\n\n<p>\u201cEl 70% del recorte estuvo explicado por el ajuste real en los subsidios econ\u00f3micos (-68% interanual)\u201d, indic\u00f3 Ecolatina.<strong>&nbsp;Y agreg\u00f3 que el gasto social sufri\u00f3 un ajuste de 10% real,&nbsp;<\/strong>conca\u00edda en las jubilaciones, pensiones y asignaciones, que fue en parte compensada por el marcado incremento real en la partida \u201cotros programas\u201d.<\/p>\n\n\n\n<h2>La meta fiscal anual, complicada<\/h2>\n\n\n\n<p>M\u00e1s all\u00e1 de no haber alcanzado la meta fiscal del primer trimestre, los analistas ya ven complicado que el Gobierno pueda cumplir con el&nbsp;<strong>objetivo anual de d\u00e9ficit<\/strong>, fijado en&nbsp;<strong>1,9%<\/strong>. Por eso, es probable que la discusi\u00f3n t\u00e9cnica con el FMI aborde la redefinici\u00f3n de este par\u00e1metro.<\/p>\n\n\n\n<p>\u201cCon una proyecci\u00f3n de&nbsp;<strong>menores recursos<\/strong>&nbsp;(por derechos de comercio exterior, menor actividad y mayor inflaci\u00f3n) y mayores erogaciones asociadas a obras de infraestructura,&nbsp;<strong>la meta luce muy desafiante<\/strong>, sobre todo despu\u00e9s de cerrado el primer trimestre\u201d, expres\u00f3 el reporte de&nbsp;<em>LCG<\/em>.<\/p>\n\n\n\n<figure class=\"wp-block-image\"><img decoding=\"async\" src=\"https:\/\/tn.com.ar\/resizer\/pkNxEf3RAzDXdVy-UT0rJVG4Hf8=\/767x0\/smart\/filters:format(webp)\/cloudfront-us-east-1.images.arcpublishing.com\/artear\/V2SXUBFYKVE6TCOXXBMKBG4WGA.jfif\" alt=\"El ministro de Econom\u00eda, Sergio Massa, y su equipo mantendr\u00e1n discusiones t\u00e9cnicas con el FMI en las pr\u00f3ximas semanas. (Foto: AFP).\"\/><figcaption class=\"wp-element-caption\">El ministro de Econom\u00eda, Sergio Massa, y su equipo mantendr\u00e1n discusiones t\u00e9cnicas con el FMI en las pr\u00f3ximas semanas. (Foto: AFP).<\/figcaption><\/figure>\n\n\n\n<p>Desde Ecolatina, en tanto, a\u00f1adieron que, partiendo del d\u00e9ficit acumulado en los primeros tres meses del a\u00f1o,&nbsp;<strong>la posibilidad de cumplir con el rojo de 1,9% del PIB a fin de 2023 \u201ces harto desafiante\u201d. \u201c<\/strong>Aun recalibrando la meta, el interrogante radicar\u00e1 en la disponibilidad de financiamiento para cubrir ese mayor bache\u201d, afirmaron los analistas.<\/p>\n\n\n\n<h2>Reservas, incumplimiento en el primer trimestre y desaf\u00edo para el segundo<\/h2>\n\n\n\n<p>La meta de reservas ya hab\u00eda sido flexibilizada por el FMI, teniendo en cuenta la merma en las liquidaciones del agro, producto de la sequ\u00eda. El objetivo anual de acumulaci\u00f3n de divisas se redujo de US$9800 millones a US$8000 millones.<\/p>\n\n\n\n<p>Por su parte, la\u00a0<strong>meta del primer trimestre\u00a0<\/strong>se redujo de US$5500 millones a US$1900 millones y la Argentina<strong>\u00a0tampoco pudo cumplirla.\u00a0<\/strong>El objetivo para el per\u00edodo abril-junio, en tanto, se increment\u00f3 con respecto al programa previo: pas\u00f3 de US$3100 millones a US$4900 millones.<\/p>\n\n\n\n<p>Para cumplirlo, el Gobierno apostaba al \u00e9xito del \u201cd\u00f3lar agro\u201d, pero las primeras dos semanas de funcionamiento dejaron m\u00e1s dudas que certezas. Las liquidaciones acumuladas hasta el momento suman\u00a0<strong>US$1255 millones<\/strong>, muy por debajo de lo que hab\u00eda ingresado en los primeros 10 d\u00edas h\u00e1biles de los programas de incentivo exportador previos. El\u00a0<strong>saldo comprador del Banco Central\u00a0<\/strong>en abril es de apenas\u00a0<strong>US$81 millones.<\/strong><\/p>\n\n\n\n<p>Fuente: TN<\/p>\n","protected":false},"excerpt":{"rendered":"<div class=\"mh-excerpt\"><p>D\u00edas antes de&nbsp;la decisi\u00f3n de Alberto Fern\u00e1ndez&nbsp;de no buscar la reelecci\u00f3n, el ministro de Econom\u00eda&nbsp;Sergio Massa&nbsp;acord\u00f3 con el FMI&nbsp;una reconfiguraci\u00f3n del acuerdo. Aunque todav\u00eda no trascendieron\u00a0los detalles de esa recalibraci\u00f3n, uno de los puntos fundamentales ser\u00e1 el\u00a0ajuste de la meta de d\u00e9ficit fiscal, ya que el dato de marzo -publicado esta semana- no deja lugar a la duda: la Argentina incumpli\u00f3 el objetivo pactado con el FMI. Eso se suma al&nbsp;desv\u00edo en el objetivo de reservas, que&nbsp;ya requiri\u00f3 una flexibilizaci\u00f3n de la meta anual, as\u00ed como de la exigencia para el primer trimestre. Sin embargo, el&nbsp;bajo nivel de adhesi\u00f3n al <a class=\"mh-excerpt-more\" href=\"http:\/\/dsrmedios.com.ar\/diario\/archivos\/31549\" title=\"Los n\u00fameros que complican a Sergio Massa y lo obligan a renegociar con el FMI\">[Leer m\u00e1s]<\/a><\/p>\n<\/div>","protected":false},"author":6,"featured_media":31416,"comment_status":"open","ping_status":"closed","sticky":false,"template":"","format":"standard","meta":{"_jetpack_newsletter_access":""},"categories":[6],"tags":[],"jetpack_featured_media_url":"http:\/\/dsrmedios.com.ar\/diario\/wp-content\/uploads\/2023\/04\/CULIKXKBYJ5VYCFKH4L7XKC57Q.jpg","jetpack_sharing_enabled":true,"jetpack_shortlink":"https:\/\/wp.me\/p9fihK-8cR","_links":{"self":[{"href":"http:\/\/dsrmedios.com.ar\/diario\/wp-json\/wp\/v2\/posts\/31549"}],"collection":[{"href":"http:\/\/dsrmedios.com.ar\/diario\/wp-json\/wp\/v2\/posts"}],"about":[{"href":"http:\/\/dsrmedios.com.ar\/diario\/wp-json\/wp\/v2\/types\/post"}],"author":[{"embeddable":true,"href":"http:\/\/dsrmedios.com.ar\/diario\/wp-json\/wp\/v2\/users\/6"}],"replies":[{"embeddable":true,"href":"http:\/\/dsrmedios.com.ar\/diario\/wp-json\/wp\/v2\/comments?post=31549"}],"version-history":[{"count":1,"href":"http:\/\/dsrmedios.com.ar\/diario\/wp-json\/wp\/v2\/posts\/31549\/revisions"}],"predecessor-version":[{"id":31550,"href":"http:\/\/dsrmedios.com.ar\/diario\/wp-json\/wp\/v2\/posts\/31549\/revisions\/31550"}],"wp:featuredmedia":[{"embeddable":true,"href":"http:\/\/dsrmedios.com.ar\/diario\/wp-json\/wp\/v2\/media\/31416"}],"wp:attachment":[{"href":"http:\/\/dsrmedios.com.ar\/diario\/wp-json\/wp\/v2\/media?parent=31549"}],"wp:term":[{"taxonomy":"category","embeddable":true,"href":"http:\/\/dsrmedios.com.ar\/diario\/wp-json\/wp\/v2\/categories?post=31549"},{"taxonomy":"post_tag","embeddable":true,"href":"http:\/\/dsrmedios.com.ar\/diario\/wp-json\/wp\/v2\/tags?post=31549"}],"curies":[{"name":"wp","href":"https:\/\/api.w.org\/{rel}","templated":true}]}}