{"id":31541,"date":"2023-04-22T15:17:32","date_gmt":"2023-04-22T18:17:32","guid":{"rendered":"http:\/\/dsrmedios.com.ar\/diario\/?p=31541"},"modified":"2023-04-22T15:17:35","modified_gmt":"2023-04-22T18:17:35","slug":"en-un-acto-albertista-anibal-fernandez-critico-a-la-campora-no-vamos-a-aceptar-mansamente-su-soberbia","status":"publish","type":"post","link":"http:\/\/dsrmedios.com.ar\/diario\/archivos\/31541","title":{"rendered":"En un acto albertista, An\u00edbal Fern\u00e1ndez critic\u00f3 a La C\u00e1mpora: \u201cNo vamos a aceptar mansamente su soberbia\u201d"},"content":{"rendered":"\n<p>El ministro de Seguridad,&nbsp;<strong>An\u00edbal Fern\u00e1ndez&nbsp;<\/strong>abri\u00f3 el plenario convocado por la ministra de Desarrollo Social,&nbsp;<strong>Victoria Tolosa Paz<\/strong>&nbsp;en Ensenada. \u201cVenimos de trabajar al lado de un presidente que eligieron los compa\u00f1eros y compa\u00f1eras peronistas y que nosotros seguimos creyendo en \u00e9l\u201d, expres\u00f3 el funcionario en referencia a Alberto Fern\u00e1ndez.<\/p>\n\n\n\n<p>El evento se desarrolla un d\u00eda despu\u00e9s de la<a href=\"https:\/\/tn.com.ar\/politica\/2023\/04\/21\/se-reune-el-consejo-nacional-del-pj-tras-el-anuncio-de-alberto-fernandez-de-no-ir-por-la-reeleccion\/\" target=\"_blank\" rel=\"noreferrer noopener\"><strong>&nbsp;reuni\u00f3n del Consejo del PJ&nbsp;<\/strong><\/a>nacional y la decisi\u00f3n del actual mandatario de<strong>&nbsp;no buscar su reelecci\u00f3n presidencial.<\/strong><\/p>\n\n\n\n<p>\u201cNecesitamos&nbsp;<strong>dar pelea<\/strong>&nbsp;y decir las cosas como son. No vamos a aceptar mansamente esa&nbsp;<strong>soberbia de La C\u00e1mpora.&nbsp;<\/strong>Nos quieren mostrar que pertenecen a una vanguardia iluminada, cuando&nbsp;<strong>no son vanguardia ni son iluminados<\/strong>\u201d, sostuvo el ministro.<\/p>\n\n\n\n<figure class=\"wp-block-image\"><img decoding=\"async\" src=\"https:\/\/tn.com.ar\/resizer\/QqcayhWfO3Ujzh_OCr1q-Mqf2Iw=\/767x0\/smart\/filters:format(webp)\/cloudfront-us-east-1.images.arcpublishing.com\/artear\/QRHH3F6CVND4HOK6AIPIM42XDY.jpg\" alt=\"El ministro de Seguridad, An\u00edbal Fern\u00e1ndez. (Foto: captura)\"\/><figcaption class=\"wp-element-caption\">El ministro de Seguridad, An\u00edbal Fern\u00e1ndez. (Foto: captura)<\/figcaption><\/figure>\n\n\n\n<p>Por su parte, el jefe de Gabinete,&nbsp;<strong>Agust\u00edn Rossi&nbsp;<\/strong>tambi\u00e9n particip\u00f3 del acto y calific\u00f3 como&nbsp;<strong>\u201cun acto de generosidad\u201d<\/strong>&nbsp;a la decisi\u00f3n de Alberto Fern\u00e1ndez de no ir por la reelecci\u00f3n.<\/p>\n\n\n\n<p>Asimismo, Rossi apunt\u00f3 contra los candidatos opositores que quieren eliminar el Ministerio de la Mujer: \u201cHablan del curro de los derechos humanos porque no quieren condenar a la dictadura militar genocida \u00bfCu\u00e1nto faltar\u00e1 para que hablen del curro del feminismo?\u201d.<\/p>\n\n\n\n<figure class=\"wp-block-image\"><img decoding=\"async\" src=\"https:\/\/tn.com.ar\/resizer\/wrs4GDKGeqMLI5PkeUD3fno8HCQ=\/767x0\/smart\/filters:format(webp)\/cloudfront-us-east-1.images.arcpublishing.com\/artear\/SHOUGAYVQX2MHTWMTUPY47ACSY.jpg\" alt=\"El jefe de Gabinete, Agust\u00edn Rossi en el plenario organizado por Victoria Tolosa Paz. \"\/><figcaption class=\"wp-element-caption\">El jefe de Gabinete, Agust\u00edn Rossi en el plenario organizado por Victoria Tolosa Paz.<\/figcaption><\/figure>\n\n\n\n<p>\u201cHay una cadena de des\u00e1nimo que dice que el peronismo est\u00e1 derrotado, que no puede ganar las elecciones nacionales y&nbsp;<strong>eso lamentablemente retumba en los o\u00eddos de nuestros compa\u00f1eros<\/strong>&nbsp;y les termina haciendo bajar los brazos\u201d, sostuvo el canciller Santiago Cafiero.<\/p>\n\n\n\n<p>Finalmente la ministra de Desarrollo Social,<strong>&nbsp;Victoria Tolosa Paz<\/strong>&nbsp;subi\u00f3 al escenario y sostuvo que \u201cel camino que tenemos que emprender es el de finalizar una etapa para reconstruir la provincia de Buenos Aires y el peronismo\u201d.<\/p>\n\n\n\n<p><\/p>\n\n\n\n<p>\u201c<strong>Lo \u00fanico que no puede hacer una militante pol\u00edtica es bajar los brazos.&nbsp;<\/strong>Me siento identificada con el camino a la victoria y con las ganas de seguir caminando\u201d, agreg\u00f3 la funcionaria y se refiri\u00f3 tambi\u00e9n a Alberto Fern\u00e1ndez: \u201cTenemos que&nbsp;<strong>seguir sosteniendo al gobierno<\/strong>&nbsp;y reconociendo el enorme esfuerzo del presidente\u201d.<\/p>\n\n\n\n<figure class=\"wp-block-image\"><img decoding=\"async\" src=\"https:\/\/tn.com.ar\/resizer\/FawLOyQ50f6h7VCoc1HqsvcZb5k=\/767x0\/smart\/filters:format(webp)\/cloudfront-us-east-1.images.arcpublishing.com\/artear\/LGY2323H4RDBDPN2Q5DW5YKY4Y.jpeg\" alt=\"La ministra de Desarrollo Social, Victoria Tolosa Paz. (Foto: prensa Tolosa Paz)\"\/><figcaption class=\"wp-element-caption\">La ministra de Desarrollo Social, Victoria Tolosa Paz. (Foto: prensa Tolosa Paz)<\/figcaption><\/figure>\n\n\n\n<p>Fuente: TN<\/p>\n","protected":false},"excerpt":{"rendered":"<div class=\"mh-excerpt\"><p>El ministro de Seguridad,&nbsp;An\u00edbal Fern\u00e1ndez&nbsp;abri\u00f3 el plenario convocado por la ministra de Desarrollo Social,&nbsp;Victoria Tolosa Paz&nbsp;en Ensenada. \u201cVenimos de trabajar al lado de un presidente que eligieron los compa\u00f1eros y compa\u00f1eras peronistas y que nosotros seguimos creyendo en \u00e9l\u201d, expres\u00f3 el funcionario en referencia a Alberto Fern\u00e1ndez. El evento se desarrolla un d\u00eda despu\u00e9s de la&nbsp;reuni\u00f3n del Consejo del PJ&nbsp;nacional y la decisi\u00f3n del actual mandatario de&nbsp;no buscar su reelecci\u00f3n presidencial. \u201cNecesitamos&nbsp;dar pelea&nbsp;y decir las cosas como son. No vamos a aceptar mansamente esa&nbsp;soberbia de La C\u00e1mpora.&nbsp;Nos quieren mostrar que pertenecen a una vanguardia iluminada, cuando&nbsp;no son vanguardia ni son <a class=\"mh-excerpt-more\" href=\"http:\/\/dsrmedios.com.ar\/diario\/archivos\/31541\" title=\"En un acto albertista, An\u00edbal Fern\u00e1ndez critic\u00f3 a La C\u00e1mpora: \u201cNo vamos a aceptar mansamente su soberbia\u201d\">[Leer m\u00e1s]<\/a><\/p>\n<\/div>","protected":false},"author":6,"featured_media":30533,"comment_status":"open","ping_status":"closed","sticky":false,"template":"","format":"standard","meta":{"_jetpack_newsletter_access":""},"categories":[6],"tags":[],"jetpack_featured_media_url":"http:\/\/dsrmedios.com.ar\/diario\/wp-content\/uploads\/2023\/04\/Anibal-Fernandez-2009-e1655511841407.webp","jetpack_sharing_enabled":true,"jetpack_shortlink":"https:\/\/wp.me\/p9fihK-8cJ","_links":{"self":[{"href":"http:\/\/dsrmedios.com.ar\/diario\/wp-json\/wp\/v2\/posts\/31541"}],"collection":[{"href":"http:\/\/dsrmedios.com.ar\/diario\/wp-json\/wp\/v2\/posts"}],"about":[{"href":"http:\/\/dsrmedios.com.ar\/diario\/wp-json\/wp\/v2\/types\/post"}],"author":[{"embeddable":true,"href":"http:\/\/dsrmedios.com.ar\/diario\/wp-json\/wp\/v2\/users\/6"}],"replies":[{"embeddable":true,"href":"http:\/\/dsrmedios.com.ar\/diario\/wp-json\/wp\/v2\/comments?post=31541"}],"version-history":[{"count":1,"href":"http:\/\/dsrmedios.com.ar\/diario\/wp-json\/wp\/v2\/posts\/31541\/revisions"}],"predecessor-version":[{"id":31542,"href":"http:\/\/dsrmedios.com.ar\/diario\/wp-json\/wp\/v2\/posts\/31541\/revisions\/31542"}],"wp:featuredmedia":[{"embeddable":true,"href":"http:\/\/dsrmedios.com.ar\/diario\/wp-json\/wp\/v2\/media\/30533"}],"wp:attachment":[{"href":"http:\/\/dsrmedios.com.ar\/diario\/wp-json\/wp\/v2\/media?parent=31541"}],"wp:term":[{"taxonomy":"category","embeddable":true,"href":"http:\/\/dsrmedios.com.ar\/diario\/wp-json\/wp\/v2\/categories?post=31541"},{"taxonomy":"post_tag","embeddable":true,"href":"http:\/\/dsrmedios.com.ar\/diario\/wp-json\/wp\/v2\/tags?post=31541"}],"curies":[{"name":"wp","href":"https:\/\/api.w.org\/{rel}","templated":true}]}}