{"id":31539,"date":"2023-04-22T12:13:52","date_gmt":"2023-04-22T15:13:52","guid":{"rendered":"http:\/\/dsrmedios.com.ar\/diario\/?p=31539"},"modified":"2023-04-22T12:13:55","modified_gmt":"2023-04-22T15:13:55","slug":"desde-mayo-sera-mas-caro-financiarse-con-la-tarjeta-de-credito","status":"publish","type":"post","link":"http:\/\/dsrmedios.com.ar\/diario\/archivos\/31539","title":{"rendered":"Desde mayo ser\u00e1 m\u00e1s caro financiarse con la tarjeta de cr\u00e9dito"},"content":{"rendered":"\n<p>A partir de mayo,&nbsp;<strong>refinanciar el saldo pendiente en la&nbsp;<\/strong><a href=\"https:\/\/tn.com.ar\/economia\/2023\/03\/07\/impuesto-a-las-tarjetas-de-credito-cuanto-dejarias-de-pagar-y-desde-cuando\/\" target=\"_blank\" rel=\"noreferrer noopener\"><strong>tarjeta de cr\u00e9dito<\/strong><\/a><strong>&nbsp;ser\u00e1 m\u00e1s caro<\/strong>. El costo pasar\u00e1 a&nbsp;<strong>80% nominal anual<\/strong>, tres puntos porcentuales m\u00e1s que el valor que reg\u00eda hasta abril.<\/p>\n\n\n\n<p>Esta tasa limitada por el\u00a0<a rel=\"noreferrer noopener\" href=\"https:\/\/tn.com.ar\/economia\/2023\/04\/19\/el-dolar-agro-no-arranca-el-bcra-vendio-casi-us200-millones-y-crece-la-preocupacion-por-las-reservas\/\" target=\"_blank\"><strong>Banco Central<\/strong><\/a>\u00a0(BCRA) es la que se aplica sobre\u00a0<strong>saldos de hasta $200.000<\/strong>. Es una medida heredera de la que se tom\u00f3 durante la pandemia, cuando la autoridad monetaria hab\u00eda establecido refinanciaci\u00f3n al 0%.<\/p>\n\n\n\n<p>Con el paso del tiempo y las reaperturas, la limitaci\u00f3n se fue achicando y el costo subi\u00f3 al ritmo de los incrementos en la tasa de referencia. Precisamente, el \u00faltimo jueves el Directorio del BCRA defini\u00f3<a href=\"https:\/\/tn.com.ar\/economia\/2023\/04\/20\/en-medio-de-la-tension-cambiaria-el-banco-central-subio-la-tasa-de-interes-al-81\/\" target=\"_blank\" rel=\"noreferrer noopener\">&nbsp;un alza de 300 puntos b\u00e1sicos<\/a>&nbsp;en el rendimiento de las&nbsp;<strong>Leliq<\/strong>&nbsp;y los&nbsp;<a href=\"https:\/\/tn.com.ar\/economia\/2023\/04\/22\/vivir-del-plazo-fijo-cuanto-hay-que-invertir-para-ganar-300000-por-mes\/\" target=\"_blank\" rel=\"noreferrer noopener\"><strong>plazos fijos<\/strong><\/a>, que se replicar\u00e1 tambi\u00e9n en el valor de refinanciar la deuda con pl\u00e1sticos.<\/p>\n\n\n\n<figure class=\"wp-block-image\"><img decoding=\"async\" src=\"https:\/\/tn.com.ar\/resizer\/PLglPy0fSh_VY7JkC8rRaUBkoA4=\/767x0\/smart\/filters:format(webp)\/cloudfront-us-east-1.images.arcpublishing.com\/artear\/4BMRGBI2TZDHRMM5G2BH7LVDR4.jpg\" alt=\"Con el foco en la disparada del d\u00f3lar alternativo y la inflaci\u00f3n, el Banco Central subi\u00f3 300 puntos b\u00e1sicos su tasa de referencia y la llev\u00f3 a 81%. (Foto: NA)\"\/><figcaption class=\"wp-element-caption\">Con el foco en la disparada del d\u00f3lar alternativo y la inflaci\u00f3n, el Banco Central subi\u00f3 300 puntos b\u00e1sicos su tasa de referencia y la llev\u00f3 a 81%. (Foto: NA)<\/figcaption><\/figure>\n\n\n\n<p>Debido a la\u00a0<a rel=\"noreferrer noopener\" href=\"https:\/\/tn.com.ar\/economia\/2023\/04\/16\/la-inflacion-de-argentina-supero-en-marzo-a-la-de-venezuela-y-fue-la-mayor-de-la-region\/\" target=\"_blank\"><strong>inflaci\u00f3n<\/strong><\/a>, el tope de $200.000 resulta cada vez m\u00e1s acotado para los consumos que se hacen con tarjeta de cr\u00e9dito. Seg\u00fan la normativa vigente, a aquellos clientes que deban refinanciar saldos por una cifra mayor se les aplicar\u00e1 un cargo que no puede superar en m\u00e1s del 25% a la tasa de inter\u00e9s promedio que los bancos cobran sobre los pr\u00e9stamos personales.<\/p>\n\n\n\n<p>Seg\u00fan el \u00faltimo informe monetario mensual, durante marzo la tasa de inter\u00e9s correspondiente a los pr\u00e9stamos personales promedi\u00f3 79,7% nominal anual (116,4% efectiva). En cambio, de acuerdo con el r\u00e9gimen de transparencia del BCRA, los bancos cobran entre 110% y 180% por refinanciar saldos impagos en tarjetas de cr\u00e9dito.<\/p>\n\n\n\n<h2>Las tarjetas de cr\u00e9dito se usan cada vez menos<\/h2>\n\n\n\n<p>Los datos de stock de&nbsp;<strong>pr\u00e9stamos<\/strong>&nbsp;otorgados con tarjetas de cr\u00e9dito&nbsp;<strong>crece menos que la inflaci\u00f3n<\/strong>. Seg\u00fan los c\u00e1lculos de la consultora&nbsp;<em>LCG<\/em>, en marzo la financiaci\u00f3n con pl\u00e1sticos mostr\u00f3 una<strong>&nbsp;ca\u00edda real de 0,3% mensual y de 12,6% interanual.<\/strong><\/p>\n\n\n\n<figure class=\"wp-block-image\"><img decoding=\"async\" src=\"https:\/\/tn.com.ar\/resizer\/Yol40wPz_WZBzTpZtmrerCO3bNY=\/767x0\/smart\/filters:format(webp)\/cloudfront-us-east-1.images.arcpublishing.com\/artear\/PR3U5EOJWVDP5DOQNXFWJLCGLY.jpg\" alt=\"La falta de planes de cuotas y la poca actualizaci\u00f3n de los l\u00edmites de compra conspiran en contra del consumo con tarjetas de cr\u00e9dito. (Foto: Juan Vargas\/NA).\"\/><figcaption class=\"wp-element-caption\">La falta de planes de cuotas y la poca actualizaci\u00f3n de los l\u00edmites de compra conspiran en contra del consumo con tarjetas de cr\u00e9dito. (Foto: Juan Vargas\/NA).<\/figcaption><\/figure>\n\n\n\n<p>Para&nbsp;<strong>Guillermo Barbero<\/strong>, socio de&nbsp;<em>First Capital Group<\/em>, esta din\u00e1mica tiene varias razones:<\/p>\n\n\n\n<ul>\n<li>Una&nbsp;<strong>menor oferta de cuotas<\/strong>.<\/li>\n\n\n\n<li>Una&nbsp;<strong>autolimitaci\u00f3n<\/strong>&nbsp;por parte de los consumidores a comprar en cuotas debido a los mayores costos por financiamiento.<\/li>\n\n\n\n<li>Un parque de tarjetahabientes que tiende a achicarse por el&nbsp;<strong>incremento del riesgo crediticio.<\/strong><\/li>\n\n\n\n<li><strong>L\u00edmites de cr\u00e9dito que no crecen con la frecuencia<\/strong>&nbsp;y en el importe necesario para absorber los mayores gastos.<\/li>\n<\/ul>\n\n\n\n<p>Desde&nbsp;<em>LCG<\/em>, se\u00f1alan que la&nbsp;<strong>baja actividad econ\u00f3mica<\/strong>&nbsp;que esperan para esta a\u00f1o seguir\u00e1 afectando la demanda de cr\u00e9dito, junto con costos financieros m\u00e1s altos y la t\u00edpica incertidumbre electoral. \u201cSin embargo, durante el a\u00f1o podr\u00edan observarse per\u00edodos con una mejor din\u00e1mica producto de pol\u00edticas aisladas de f<strong>omento al consumo<\/strong>&nbsp;como el&nbsp;<em>Ahora 30<\/em>\u2033, apuntaron los economistas de la consultora.<\/p>\n\n\n\n<h2>Tambi\u00e9n aument\u00f3 el costo de los pr\u00e9stamos subsidiados<\/h2>\n\n\n\n<p>Durante la pandemia, el BCRA relanz\u00f3 la\u00a0<strong>l\u00ednea de inversi\u00f3n productiva<\/strong>, con tasas subsidiadas para las mipymes y empresas de salud, entre otros rubros. A principios de marzo, prorrog\u00f3 su vigencia hasta septiembre de este a\u00f1o.<\/p>\n\n\n\n<p>La&nbsp;<strong>suba de tasas<\/strong>&nbsp;tambi\u00e9n afect\u00f3 a estas l\u00edneas, que desde ahora tienen un costo mayor:<\/p>\n\n\n\n<ul>\n<li>Para proyectos de&nbsp;<strong>inversi\u00f3n productiva realizados por mipymes<\/strong>, el inter\u00e9s pasar\u00e1 de 64,50% a 67,50% nominal anual.<\/li>\n\n\n\n<li>Cuando se trate de la financiaci\u00f3n de&nbsp;<strong>capital de trabajo<\/strong>&nbsp;y al&nbsp;<strong>descuento de cheques<\/strong>&nbsp;de pago diferido y&nbsp;<strong>facturas<\/strong>&nbsp;de cr\u00e9dito electr\u00f3nicas mipyme, la tasa se elev\u00f3 de 74,50% a 77,50% nominal anual.<\/li>\n\n\n\n<li>Tambi\u00e9n pasan a pagar 77,50% las empresas de cualquier tama\u00f1o que destinen los fondos a<strong>\u00a0adquirir m-aquinarias y equipos producidos por mipymes<\/strong>\u00a0argentinas.<\/li>\n<\/ul>\n\n\n\n<p>Fuente:  tn<\/p>\n","protected":false},"excerpt":{"rendered":"<div class=\"mh-excerpt\"><p>A partir de mayo,&nbsp;refinanciar el saldo pendiente en la&nbsp;tarjeta de cr\u00e9dito&nbsp;ser\u00e1 m\u00e1s caro. El costo pasar\u00e1 a&nbsp;80% nominal anual, tres puntos porcentuales m\u00e1s que el valor que reg\u00eda hasta abril. Esta tasa limitada por el\u00a0Banco Central\u00a0(BCRA) es la que se aplica sobre\u00a0saldos de hasta $200.000. Es una medida heredera de la que se tom\u00f3 durante la pandemia, cuando la autoridad monetaria hab\u00eda establecido refinanciaci\u00f3n al 0%. Con el paso del tiempo y las reaperturas, la limitaci\u00f3n se fue achicando y el costo subi\u00f3 al ritmo de los incrementos en la tasa de referencia. Precisamente, el \u00faltimo jueves el Directorio del <a class=\"mh-excerpt-more\" href=\"http:\/\/dsrmedios.com.ar\/diario\/archivos\/31539\" title=\"Desde mayo ser\u00e1 m\u00e1s caro financiarse con la tarjeta de cr\u00e9dito\">[Leer m\u00e1s]<\/a><\/p>\n<\/div>","protected":false},"author":6,"featured_media":4887,"comment_status":"open","ping_status":"closed","sticky":false,"template":"","format":"standard","meta":{"_jetpack_newsletter_access":""},"categories":[6],"tags":[],"jetpack_featured_media_url":"http:\/\/dsrmedios.com.ar\/diario\/wp-content\/uploads\/2018\/03\/tarjeta-d\u00e9bito.jpg","jetpack_sharing_enabled":true,"jetpack_shortlink":"https:\/\/wp.me\/p9fihK-8cH","_links":{"self":[{"href":"http:\/\/dsrmedios.com.ar\/diario\/wp-json\/wp\/v2\/posts\/31539"}],"collection":[{"href":"http:\/\/dsrmedios.com.ar\/diario\/wp-json\/wp\/v2\/posts"}],"about":[{"href":"http:\/\/dsrmedios.com.ar\/diario\/wp-json\/wp\/v2\/types\/post"}],"author":[{"embeddable":true,"href":"http:\/\/dsrmedios.com.ar\/diario\/wp-json\/wp\/v2\/users\/6"}],"replies":[{"embeddable":true,"href":"http:\/\/dsrmedios.com.ar\/diario\/wp-json\/wp\/v2\/comments?post=31539"}],"version-history":[{"count":1,"href":"http:\/\/dsrmedios.com.ar\/diario\/wp-json\/wp\/v2\/posts\/31539\/revisions"}],"predecessor-version":[{"id":31540,"href":"http:\/\/dsrmedios.com.ar\/diario\/wp-json\/wp\/v2\/posts\/31539\/revisions\/31540"}],"wp:featuredmedia":[{"embeddable":true,"href":"http:\/\/dsrmedios.com.ar\/diario\/wp-json\/wp\/v2\/media\/4887"}],"wp:attachment":[{"href":"http:\/\/dsrmedios.com.ar\/diario\/wp-json\/wp\/v2\/media?parent=31539"}],"wp:term":[{"taxonomy":"category","embeddable":true,"href":"http:\/\/dsrmedios.com.ar\/diario\/wp-json\/wp\/v2\/categories?post=31539"},{"taxonomy":"post_tag","embeddable":true,"href":"http:\/\/dsrmedios.com.ar\/diario\/wp-json\/wp\/v2\/tags?post=31539"}],"curies":[{"name":"wp","href":"https:\/\/api.w.org\/{rel}","templated":true}]}}