{"id":31533,"date":"2023-04-22T12:08:17","date_gmt":"2023-04-22T15:08:17","guid":{"rendered":"http:\/\/dsrmedios.com.ar\/diario\/?p=31533"},"modified":"2023-04-22T12:08:21","modified_gmt":"2023-04-22T15:08:21","slug":"gerardo-martinez-dijo-que-el-dolar-blue-subio-por-irresponsabilidad-politica-y-reclamo-renegociar-con-el-fmi","status":"publish","type":"post","link":"http:\/\/dsrmedios.com.ar\/diario\/archivos\/31533","title":{"rendered":"Gerardo Mart\u00ednez dijo que el dolar blue subi\u00f3 por \u201cirresponsabilidad pol\u00edtica\u201d y reclam\u00f3 renegociar con el FMI"},"content":{"rendered":"\n<p>Tras una semana marcada por una fuerte suba del d\u00f3lar blue y los financieros y rumores sobre una posible salida de&nbsp;<strong>Sergio Massa<\/strong>, el secretario general de la UOCRA,<a href=\"https:\/\/tn.com.ar\/politica\/2023\/03\/23\/el-brazo-politico-de-la-cgt-disputa-poder-territorial-pero-se-alineara-al-candidato-presidencial-del-fdt\/\" target=\"_blank\" rel=\"noreferrer noopener\"><strong>&nbsp;Gerardo Mart\u00ednez<\/strong><\/a>, defendi\u00f3 la gesti\u00f3n del ministro de Econom\u00eda, aunque enfatiz\u00f3 que la situaci\u00f3n es de \u201cabismo\u201d.<\/p>\n\n\n\n<p>Tambi\u00e9n reclam\u00f3 una renegociaci\u00f3n con el<strong>&nbsp;FMI,<\/strong>&nbsp;al sostener que: \u201cTenemos que pagarle, pero no con ajuste, hay que<strong>&nbsp;reestructurar<\/strong>\u201d. Al tiempo, pidi\u00f3 que el candidato del Frente de Todos se defina en las PASO.<\/p>\n\n\n\n<p><strong>\u201cMassa no iba a poder resolver todo esto porque no es mago\u201d<\/strong>, afirm\u00f3 el l\u00edder sindical, y dijo que el salto que experiment\u00f3 el valor de la divisa norteamericana se debi\u00f3 a la\u00a0<strong>\u201cirresponsabilidad pol\u00edtica\u201d<\/strong>.<\/p>\n\n\n\n<p>Mart\u00ednez se\u00f1al\u00f3: \u201cTodos tenemos que ser conscientes de la gravedad que est\u00e1 viviendo la Argentina\u201d, y prolong\u00f3 su defensa al titular de la cartera econ\u00f3mica: \u201cHa tenido posturas claras y estrat\u00e9gicas y me parece que ese es el camino\u201d.<\/p>\n\n\n\n<p>El secretario de Relaciones Internacionales de la CGT celebr\u00f3 la decisi\u00f3n de<strong>&nbsp;Alberto Fern\u00e1ndez,&nbsp;<\/strong>al declinar sus aspiraciones de renovar el mandato presidencial y pidi\u00f3 definir al candidato oficialista en elecciones primarias.<\/p>\n\n\n\n<p><strong>\u201cNo se vislumbra un liderazgo que tenga capacidad para solucionar todo. Por eso vemos las PASO como la mejor herramienta\u201d<\/strong>, apunt\u00f3\u00b4el sindicalista a la radio&nbsp;<em>AM750.<\/em><\/p>\n\n\n\n<figure class=\"wp-block-image\"><img decoding=\"async\" src=\"https:\/\/tn.com.ar\/resizer\/AchEsVN3-GMaIQehR2_nNdoqf4g=\/767x0\/smart\/filters:format(webp)\/cloudfront-us-east-1.images.arcpublishing.com\/artear\/MXYHWCDPLJB27DLP57RGAZMC6U.jpg\" alt=\"Gerardo Mart\u00ednez junto a Alberto Fern\u00e1ndez en un acto de la UOCRA. (Foto: NA)\"\/><figcaption class=\"wp-element-caption\">Gerardo Mart\u00ednez junto a Alberto Fern\u00e1ndez en un acto de la UOCRA. (Foto: NA)<\/figcaption><\/figure>\n\n\n\n<h2>El mensaje de Gerardo Mart\u00ednez a Cristina Kirchner por la estrategia electoral<\/h2>\n\n\n\n<p>A su vez, Mart\u00ednez cuestion\u00f3 el operativo clamor que alienta una candidatura de\u00a0<a rel=\"noreferrer noopener\" href=\"https:\/\/tn.com.ar\/politica\/2023\/04\/21\/despues-del-anuncio-de-alberto-fernandez-cristina-kirchner-reaparece-en-un-acto-rodeada-de-militancia\/\" target=\"_blank\"><strong>Cristina Kirchner<\/strong><\/a>, frenada formalmente por el fallo judicial que la conden\u00f3 a seis a\u00f1os de prisi\u00f3n e inhabilitaci\u00f3n para ejercer cargos p\u00fablicos en el juicio de la causa Vialidad.\u00a0<strong>\u201cDestaco su figura y su liderazgo, pero no hay que caer en personalismos\u201d<\/strong>, remarc\u00f3.<\/p>\n\n\n\n<p>Un d\u00eda antes del anuncio de Alberto Fern\u00e1ndez, el referente de los trabajadores de construcci\u00f3n hab\u00eda participado junto al gobernador bonaerense,\u00a0<strong>Axel Kicillof<\/strong>, del acto de inauguraci\u00f3n de un predio de la UOCRA que funcionar\u00e1 el nuevo edificio del Centro Integral de Formaci\u00f3n para la Industria de la Construcci\u00f3n (CIFIC) N\u00b0401 y su anexo, en Avellaneda.<\/p>\n\n\n\n<p>Fuente: TN<\/p>\n","protected":false},"excerpt":{"rendered":"<div class=\"mh-excerpt\"><p>Tras una semana marcada por una fuerte suba del d\u00f3lar blue y los financieros y rumores sobre una posible salida de&nbsp;Sergio Massa, el secretario general de la UOCRA,&nbsp;Gerardo Mart\u00ednez, defendi\u00f3 la gesti\u00f3n del ministro de Econom\u00eda, aunque enfatiz\u00f3 que la situaci\u00f3n es de \u201cabismo\u201d. Tambi\u00e9n reclam\u00f3 una renegociaci\u00f3n con el&nbsp;FMI,&nbsp;al sostener que: \u201cTenemos que pagarle, pero no con ajuste, hay que&nbsp;reestructurar\u201d. Al tiempo, pidi\u00f3 que el candidato del Frente de Todos se defina en las PASO. \u201cMassa no iba a poder resolver todo esto porque no es mago\u201d, afirm\u00f3 el l\u00edder sindical, y dijo que el salto que experiment\u00f3 el <a class=\"mh-excerpt-more\" href=\"http:\/\/dsrmedios.com.ar\/diario\/archivos\/31533\" title=\"Gerardo Mart\u00ednez dijo que el dolar blue subi\u00f3 por \u201cirresponsabilidad pol\u00edtica\u201d y reclam\u00f3 renegociar con el FMI\">[Leer m\u00e1s]<\/a><\/p>\n<\/div>","protected":false},"author":6,"featured_media":31534,"comment_status":"open","ping_status":"closed","sticky":false,"template":"","format":"standard","meta":{"_jetpack_newsletter_access":""},"categories":[6],"tags":[],"jetpack_featured_media_url":"http:\/\/dsrmedios.com.ar\/diario\/wp-content\/uploads\/2023\/04\/descarga-36.jpg","jetpack_sharing_enabled":true,"jetpack_shortlink":"https:\/\/wp.me\/p9fihK-8cB","_links":{"self":[{"href":"http:\/\/dsrmedios.com.ar\/diario\/wp-json\/wp\/v2\/posts\/31533"}],"collection":[{"href":"http:\/\/dsrmedios.com.ar\/diario\/wp-json\/wp\/v2\/posts"}],"about":[{"href":"http:\/\/dsrmedios.com.ar\/diario\/wp-json\/wp\/v2\/types\/post"}],"author":[{"embeddable":true,"href":"http:\/\/dsrmedios.com.ar\/diario\/wp-json\/wp\/v2\/users\/6"}],"replies":[{"embeddable":true,"href":"http:\/\/dsrmedios.com.ar\/diario\/wp-json\/wp\/v2\/comments?post=31533"}],"version-history":[{"count":1,"href":"http:\/\/dsrmedios.com.ar\/diario\/wp-json\/wp\/v2\/posts\/31533\/revisions"}],"predecessor-version":[{"id":31535,"href":"http:\/\/dsrmedios.com.ar\/diario\/wp-json\/wp\/v2\/posts\/31533\/revisions\/31535"}],"wp:featuredmedia":[{"embeddable":true,"href":"http:\/\/dsrmedios.com.ar\/diario\/wp-json\/wp\/v2\/media\/31534"}],"wp:attachment":[{"href":"http:\/\/dsrmedios.com.ar\/diario\/wp-json\/wp\/v2\/media?parent=31533"}],"wp:term":[{"taxonomy":"category","embeddable":true,"href":"http:\/\/dsrmedios.com.ar\/diario\/wp-json\/wp\/v2\/categories?post=31533"},{"taxonomy":"post_tag","embeddable":true,"href":"http:\/\/dsrmedios.com.ar\/diario\/wp-json\/wp\/v2\/tags?post=31533"}],"curies":[{"name":"wp","href":"https:\/\/api.w.org\/{rel}","templated":true}]}}