{"id":31531,"date":"2023-04-22T12:03:50","date_gmt":"2023-04-22T15:03:50","guid":{"rendered":"http:\/\/dsrmedios.com.ar\/diario\/?p=31531"},"modified":"2023-04-22T12:03:54","modified_gmt":"2023-04-22T15:03:54","slug":"maximo-kirchner-cierra-un-acto-en-ferro-y-se-esperan-definiciones-tras-el-anuncio-de-alberto-fernandez","status":"publish","type":"post","link":"http:\/\/dsrmedios.com.ar\/diario\/archivos\/31531","title":{"rendered":"M\u00e1ximo Kirchner cierra un acto en Ferro y se esperan definiciones tras el anuncio de Alberto Fern\u00e1ndez"},"content":{"rendered":"\n<p><a href=\"https:\/\/tn.com.ar\/politica\/2023\/04\/14\/preocupado-por-retener-el-bastion-de-cristina-kirchner-maximo-empezo-a-caminar-la-provincia-de-buenos-aires\/\" target=\"_blank\" rel=\"noreferrer noopener\"><strong>M\u00e1ximo Kirchner<\/strong><\/a>&nbsp;cierra este s\u00e1bado por la tarde un nuevo plenario de la militancia para impulsar la posibilidad de que&nbsp;<a href=\"https:\/\/tn.com.ar\/politica\/2023\/04\/21\/la-campora-celebro-la-decision-de-alberto-fernandez-y-ahora-espera-una-senal-de-cristina-kirchner\/\" target=\"_blank\" rel=\"noreferrer noopener\"><strong>Cristina Kirchner&nbsp;<\/strong><\/a>compita en las elecciones. Luego de que&nbsp;<a href=\"https:\/\/tn.com.ar\/politica\/2023\/04\/22\/el-presidente-renuncio-a-ser-candidato-porque-no-tenia-otra-alternativa-cual-es-el-escenario-para-el-fdt\/\" target=\"_blank\" rel=\"noreferrer noopener\"><strong>Alberto Fern\u00e1ndez<\/strong><\/a>&nbsp;anunciara que no buscar\u00e1 su segundo mandato, se esperan&nbsp;<strong>se\u00f1ales de corte electoral por parte del l\u00edder de La C\u00e1mpora.<\/strong><\/p>\n\n\n\n<p><strong>\u201cHoy cierra M\u00e1ximo Kirchner\u201d<\/strong>, confirm\u00f3 el senador nacional del bloque del Frente Nacional y Popular&nbsp;<strong>Mariano Recalde<\/strong>, en referencia al acto que se realizar\u00e1 en el estadio de Ferro, en Caballito, con el lema \u201cLa Ciudad con Cristina\u201d.<\/p>\n\n\n\n<p><\/p>\n\n\n\n<p>La jornada se inscribe en el marco del&nbsp;<strong>operativo clamor<\/strong>&nbsp;para imponer la candidatura la Vicepresidenta, frenada formalmente por el fallo judicial que la conden\u00f3 a seis a\u00f1os de prisi\u00f3n e inhabilitaci\u00f3n para ejercer cargos p\u00fablicos en el juicio de la causa Vialidad.<\/p>\n\n\n\n<figure class=\"wp-block-image\"><img decoding=\"async\" src=\"https:\/\/tn.com.ar\/resizer\/cEFwTfsY0Jl6p_lyGBZVCBxpXFA=\/767x0\/smart\/filters:format(webp)\/cloudfront-us-east-1.images.arcpublishing.com\/artear\/F7EASQINPRCXFHKRO4UTNSH4QQ.jpg\" alt=\"Bajo la consigna &quot;La Ciudad con Cristina&quot;, el kirchnerismo realiza un plenario de la militancia en el microestadio de Ferro donde  (Foto: T\u00e9lam)\"\/><figcaption class=\"wp-element-caption\">Bajo la consigna &#8220;La Ciudad con Cristina&#8221;, el kirchnerismo realiza un plenario de la militancia en el microestadio de Ferro donde (Foto: T\u00e9lam)<\/figcaption><\/figure>\n\n\n\n<p>Recalde, tambi\u00e9n presidente del PJ porte\u00f1o, remarc\u00f3 que el acto apunta a<strong>&nbsp;\u201cromper la proscripci\u00f3n\u201d<\/strong>&nbsp;contra la vicepresidenta y anticip\u00f3 que el discurso de M\u00e1ximo Kirchner ser\u00e1 \u201cla continuidad de lo que se viene planteando en todos lados\u201d.<\/p>\n\n\n\n<p>\u201cLo que vamos a encontrar hoy es un Frente de Todos y un kirchnerismo unido y amplio que en la Ciudad de Buenos Aires va a pelear tambi\u00e9n\u201d, se\u00f1al\u00f3.<\/p>\n\n\n\n<p>Se trata del tercer encuentro de este tipo, luego de los realizados el 11 de marzo en Avellaneda y el que tuvo lugar el 1 de abril en Resistencia, Chaco. El 13 tambi\u00e9n hubo una manifestaci\u00f3n a Comodoro Py, con la leyenda \u201c<strong>Democracia o mafia judicial\u201d<\/strong>, donde el principal orador fue el gobernador bonaerense,\u00a0<strong>Axel Kicillof<\/strong>.\u00a0<strong>\u201cVamos a romper la proscripci\u00f3n para que Cristina nos lleve a la victoria\u201d<\/strong>, afirm\u00f3 en aquella ocasi\u00f3n el mandatario provincial.<\/p>\n\n\n\n<p>\u201cSe animaron a escribir en un papel que Cristina no pod\u00eda ser nunca m\u00e1s candidata. Lo decimos ahora, no tenemos miedo.&nbsp;<strong>Si ella quiere ser candidata el pueblo la va a bancar<\/strong>\u201d, se\u00f1al\u00f3 Kicillof. Y agreg\u00f3: \u201cEl mismo partido judicial que la proscribi\u00f3 no movi\u00f3 un dedo para encontrar a los responsables que quisieron matarla\u201d.<\/p>\n\n\n\n<p>Desde el kirchnerismo esperan ahora una se\u00f1al de la l\u00edder del espacio. Cristina Kirchner movi\u00f3 una ficha apenas se difundi\u00f3 el anuncio del jefe de Estado: confirm\u00f3&nbsp;<a href=\"https:\/\/tn.com.ar\/politica\/2023\/04\/21\/despues-del-anuncio-de-alberto-fernandez-cristina-kirchner-reaparece-en-un-acto-rodeada-de-militancia\/\">su presencia para el jueves 27 de abril en el Teatro Argentino de La Plata<\/a>. El acto, que se organiz\u00f3 como parte del operativo clamor de sus fieles de La C\u00e1mpora, es visto como el epicentro de eventuales definiciones para el Frente de Todos.<\/p>\n\n\n\n<h3>Fuente: Infocielo<\/h3>\n\n\n\n<p><\/p>\n","protected":false},"excerpt":{"rendered":"<div class=\"mh-excerpt\"><p>M\u00e1ximo Kirchner&nbsp;cierra este s\u00e1bado por la tarde un nuevo plenario de la militancia para impulsar la posibilidad de que&nbsp;Cristina Kirchner&nbsp;compita en las elecciones. Luego de que&nbsp;Alberto Fern\u00e1ndez&nbsp;anunciara que no buscar\u00e1 su segundo mandato, se esperan&nbsp;se\u00f1ales de corte electoral por parte del l\u00edder de La C\u00e1mpora. \u201cHoy cierra M\u00e1ximo Kirchner\u201d, confirm\u00f3 el senador nacional del bloque del Frente Nacional y Popular&nbsp;Mariano Recalde, en referencia al acto que se realizar\u00e1 en el estadio de Ferro, en Caballito, con el lema \u201cLa Ciudad con Cristina\u201d. La jornada se inscribe en el marco del&nbsp;operativo clamor&nbsp;para imponer la candidatura la Vicepresidenta, frenada formalmente por el <a class=\"mh-excerpt-more\" href=\"http:\/\/dsrmedios.com.ar\/diario\/archivos\/31531\" title=\"M\u00e1ximo Kirchner cierra un acto en Ferro y se esperan definiciones tras el anuncio de Alberto Fern\u00e1ndez\">[Leer m\u00e1s]<\/a><\/p>\n<\/div>","protected":false},"author":6,"featured_media":25223,"comment_status":"open","ping_status":"closed","sticky":false,"template":"","format":"standard","meta":{"_jetpack_newsletter_access":""},"categories":[6],"tags":[],"jetpack_featured_media_url":"http:\/\/dsrmedios.com.ar\/diario\/wp-content\/uploads\/2021\/09\/maximo-kirchner.jpg","jetpack_sharing_enabled":true,"jetpack_shortlink":"https:\/\/wp.me\/p9fihK-8cz","_links":{"self":[{"href":"http:\/\/dsrmedios.com.ar\/diario\/wp-json\/wp\/v2\/posts\/31531"}],"collection":[{"href":"http:\/\/dsrmedios.com.ar\/diario\/wp-json\/wp\/v2\/posts"}],"about":[{"href":"http:\/\/dsrmedios.com.ar\/diario\/wp-json\/wp\/v2\/types\/post"}],"author":[{"embeddable":true,"href":"http:\/\/dsrmedios.com.ar\/diario\/wp-json\/wp\/v2\/users\/6"}],"replies":[{"embeddable":true,"href":"http:\/\/dsrmedios.com.ar\/diario\/wp-json\/wp\/v2\/comments?post=31531"}],"version-history":[{"count":1,"href":"http:\/\/dsrmedios.com.ar\/diario\/wp-json\/wp\/v2\/posts\/31531\/revisions"}],"predecessor-version":[{"id":31532,"href":"http:\/\/dsrmedios.com.ar\/diario\/wp-json\/wp\/v2\/posts\/31531\/revisions\/31532"}],"wp:featuredmedia":[{"embeddable":true,"href":"http:\/\/dsrmedios.com.ar\/diario\/wp-json\/wp\/v2\/media\/25223"}],"wp:attachment":[{"href":"http:\/\/dsrmedios.com.ar\/diario\/wp-json\/wp\/v2\/media?parent=31531"}],"wp:term":[{"taxonomy":"category","embeddable":true,"href":"http:\/\/dsrmedios.com.ar\/diario\/wp-json\/wp\/v2\/categories?post=31531"},{"taxonomy":"post_tag","embeddable":true,"href":"http:\/\/dsrmedios.com.ar\/diario\/wp-json\/wp\/v2\/tags?post=31531"}],"curies":[{"name":"wp","href":"https:\/\/api.w.org\/{rel}","templated":true}]}}