{"id":31528,"date":"2023-04-22T12:00:57","date_gmt":"2023-04-22T15:00:57","guid":{"rendered":"http:\/\/dsrmedios.com.ar\/diario\/?p=31528"},"modified":"2023-04-22T12:01:01","modified_gmt":"2023-04-22T15:01:01","slug":"la-provincia-aceita-mas-acuerdos-con-los-gremios","status":"publish","type":"post","link":"http:\/\/dsrmedios.com.ar\/diario\/archivos\/31528","title":{"rendered":"La Provincia aceita m\u00e1s acuerdos con los gremios"},"content":{"rendered":"\n<p>El Gobierno de la Provincia de Buenos Aires se ha caracterizado por sostener una estrecha relaci\u00f3n con los&nbsp;<strong>gremios<\/strong>, algo que qued\u00f3 demostrado por la presencia del propio gobernador&nbsp;<a href=\"https:\/\/infocielo.com\/axel-kicillof\/axel-kicillof-tiende-puentes-el-movimiento-sindical-n761019\" target=\"_blank\" rel=\"noreferrer noopener\">Axel Kicillof con la UOM y la UOCRA<\/a>.<\/p>\n\n\n\n<p>As\u00ed, al tiempo que los sindicatos que nuclean a las y los trabajadores del Estado en sus distintas vertientes&nbsp;<a href=\"https:\/\/infocielo.com\/paritarias\/paritarias-la-provincia-y-los-gremios-dieron-el-primer-paso-la-renegociacion-n761012\" target=\"_blank\" rel=\"noreferrer noopener\">se pusieron de acuerdo para pedir una reapertura de las paritarias,<\/a>&nbsp;que podr\u00eda darse en los primeros d\u00edas de mayo, la CTA bonaerense avanz\u00f3 en acuerdos con la Provincia.<\/p>\n\n\n\n<p><\/p>\n\n\n\n<p>Es que el titular de SUTEBA en su rol de l\u00edder de la central,&nbsp;<a href=\"https:\/\/infocielo.com\/roberto-baradel-a1638\" target=\"_blank\" rel=\"noreferrer noopener\"><strong>Roberto Baradel<\/strong><\/a>, sell\u00f3 un acuerdo con los ministros de Educaci\u00f3n,<strong>&nbsp;Alberto Sileoni<\/strong>, y de Trabajo,&nbsp;<strong>Walter Correa,<\/strong>&nbsp;que tiene que ver con generar mayor vinculaci\u00f3n entre la formaci\u00f3n y la salida laboral de quienes realicen diferentes capacitaciones. Como se\u00f1al\u00f3 este medio,&nbsp;<a href=\"https:\/\/infocielo.com\/frente-todos\/frente-todos-el-sindicalismo-bonaerense-pide-ser-protagonista-del-armado-politico-n755180\" target=\"_blank\" rel=\"noreferrer noopener\">los dirigentes gremiales vienen disputando hace tiempo su rol dentro del peronismo y, particularmente, de tener lugares en las listas y en los equipos Ejecutivos<\/a>.<\/p>\n\n\n\n<p>Para el ministro de Trabajo, hombre que viene de las filas sindicales, este acuerdo significa<strong>&nbsp;\u201cir al territorio y accionar con las necesidades de nuestras compa\u00f1eras y compa\u00f1eros\u201d.<\/strong><\/p>\n\n\n\n<p>Por su parte, Sileoni lo llev\u00f3 al plano electoral y evalu\u00f3 que \u201chay una met\u00e1fora de una instrucci\u00f3n que estamos dando los argentinos en este tiempo electoral y que tiene que ver con lo que algunos pensamos: un proyecto de pa\u00eds o de provincia no financiera, productiva, que llegue a todos, que s\u00f3lo puede tener \u00e9xito si todos caben en esa justicia, dinamizando las fuerzas productivas del pa\u00eds\u201d.<\/p>\n\n\n\n<p>Baradel, en tanto, tambi\u00e9n habl\u00f3 en tono de campa\u00f1a y afirm\u00f3 que&nbsp;<strong>\u201clos trabajadores estamos convencidos que con educaci\u00f3n vamos a aportar a un proceso de transformaci\u00f3n social absolutamente necesario y justo para nuestro pa\u00eds\u201d.<\/strong><\/p>\n\n\n\n<figure class=\"wp-block-image\"><img decoding=\"async\" src=\"https:\/\/media.infocielo.com\/p\/b445eebb4349215147317cb980f06b25\/adjuntos\/299\/imagenes\/001\/630\/0001630452\/887x0\/smart\/baradel-correa-sileonijpg.jpg\" alt=\"La CTA firm\u00f3 un acuerdo de formaci\u00f3n con el Gobierno bonaerense. Los gremios, aliados necesarios para Axel Kicillof.\"\/><\/figure>\n\n\n\n<p>La CTA firm\u00f3 un acuerdo de formaci\u00f3n con el Gobierno bonaerense. Los gremios, aliados necesarios para Axel Kicillof.<\/p>\n\n\n\n<h2>\u00bfQu\u00e9 establece el convenio que firm\u00f3 la Provincia con la CTA?<\/h2>\n\n\n\n<p>El documento al que tuvo acceso Infocielo se\u00f1ala que se trata de un proyecto que&nbsp;<strong>tiene plazo de tres a\u00f1os con opci\u00f3n de ser renovado<\/strong>&nbsp;y alcanza a trece instituciones de formaci\u00f3n profesional de municipios como Ensenada, Moreno, Mar del Plata, Olavarr\u00eda, Jun\u00edn y La Matanza, entre otros.<\/p>\n\n\n\n<p>Ser\u00e1 la Direcci\u00f3n General de Cultura y Educaci\u00f3n la que&nbsp;<strong>designe a directivos y docentes a propuesta en terna por la CTA<\/strong>, previo aval de la propuesta por parte del Instituto Provincial de Formaci\u00f3n Laboral.<\/p>\n\n\n\n<p>Desde la cartera laboral informaron que con esto se busca \u201cpotenciar los procesos formativos\u201d y apuntar a sectores relacionados con la ciencia, innovaci\u00f3n y tecnolog\u00eda.<\/p>\n\n\n\n<p>Mientras Educaci\u00f3n se hace cargo de lo formativo, la CTA aportar\u00e1 las sedes y los equipos, al tiempo que Trabajo haga de nexo entre los estudiantes y las empresas para poder aceitar el m\u00e9todo de trabajo.<\/p>\n\n\n\n<p>Fuente: INFOCIELO<\/p>\n","protected":false},"excerpt":{"rendered":"<div class=\"mh-excerpt\"><p>El Gobierno de la Provincia de Buenos Aires se ha caracterizado por sostener una estrecha relaci\u00f3n con los&nbsp;gremios, algo que qued\u00f3 demostrado por la presencia del propio gobernador&nbsp;Axel Kicillof con la UOM y la UOCRA. As\u00ed, al tiempo que los sindicatos que nuclean a las y los trabajadores del Estado en sus distintas vertientes&nbsp;se pusieron de acuerdo para pedir una reapertura de las paritarias,&nbsp;que podr\u00eda darse en los primeros d\u00edas de mayo, la CTA bonaerense avanz\u00f3 en acuerdos con la Provincia. Es que el titular de SUTEBA en su rol de l\u00edder de la central,&nbsp;Roberto Baradel, sell\u00f3 un acuerdo con <a class=\"mh-excerpt-more\" href=\"http:\/\/dsrmedios.com.ar\/diario\/archivos\/31528\" title=\"La Provincia aceita m\u00e1s acuerdos con los gremios\">[Leer m\u00e1s]<\/a><\/p>\n<\/div>","protected":false},"author":6,"featured_media":31529,"comment_status":"open","ping_status":"closed","sticky":false,"template":"","format":"standard","meta":{"_jetpack_newsletter_access":""},"categories":[6],"tags":[],"jetpack_featured_media_url":"http:\/\/dsrmedios.com.ar\/diario\/wp-content\/uploads\/2023\/04\/descarga-35.jpg","jetpack_sharing_enabled":true,"jetpack_shortlink":"https:\/\/wp.me\/p9fihK-8cw","_links":{"self":[{"href":"http:\/\/dsrmedios.com.ar\/diario\/wp-json\/wp\/v2\/posts\/31528"}],"collection":[{"href":"http:\/\/dsrmedios.com.ar\/diario\/wp-json\/wp\/v2\/posts"}],"about":[{"href":"http:\/\/dsrmedios.com.ar\/diario\/wp-json\/wp\/v2\/types\/post"}],"author":[{"embeddable":true,"href":"http:\/\/dsrmedios.com.ar\/diario\/wp-json\/wp\/v2\/users\/6"}],"replies":[{"embeddable":true,"href":"http:\/\/dsrmedios.com.ar\/diario\/wp-json\/wp\/v2\/comments?post=31528"}],"version-history":[{"count":1,"href":"http:\/\/dsrmedios.com.ar\/diario\/wp-json\/wp\/v2\/posts\/31528\/revisions"}],"predecessor-version":[{"id":31530,"href":"http:\/\/dsrmedios.com.ar\/diario\/wp-json\/wp\/v2\/posts\/31528\/revisions\/31530"}],"wp:featuredmedia":[{"embeddable":true,"href":"http:\/\/dsrmedios.com.ar\/diario\/wp-json\/wp\/v2\/media\/31529"}],"wp:attachment":[{"href":"http:\/\/dsrmedios.com.ar\/diario\/wp-json\/wp\/v2\/media?parent=31528"}],"wp:term":[{"taxonomy":"category","embeddable":true,"href":"http:\/\/dsrmedios.com.ar\/diario\/wp-json\/wp\/v2\/categories?post=31528"},{"taxonomy":"post_tag","embeddable":true,"href":"http:\/\/dsrmedios.com.ar\/diario\/wp-json\/wp\/v2\/tags?post=31528"}],"curies":[{"name":"wp","href":"https:\/\/api.w.org\/{rel}","templated":true}]}}