{"id":31526,"date":"2023-04-22T11:58:37","date_gmt":"2023-04-22T14:58:37","guid":{"rendered":"http:\/\/dsrmedios.com.ar\/diario\/?p=31526"},"modified":"2023-04-22T11:58:41","modified_gmt":"2023-04-22T14:58:41","slug":"la-fragata-libertad-llega-a-mar-del-plata-puede-ser-visitada","status":"publish","type":"post","link":"http:\/\/dsrmedios.com.ar\/diario\/archivos\/31526","title":{"rendered":"La Fragata Libertad llega a Mar del Plata: \u00bfPuede ser visitada?"},"content":{"rendered":"\n<p>Durante este fin de semana, se podr\u00e1 ver cerca de las costas de la ciudad de&nbsp;<a href=\"https:\/\/infocielo.com\/mar-del-plata-a272\" target=\"_blank\" rel=\"noreferrer noopener\">Mar del Plata&nbsp;<\/a>a la&nbsp;<strong>Fragata Libertad<\/strong>&nbsp;ya que tiene previsto arribar el lunes a la&nbsp;<strong>Base Naval&nbsp;<\/strong>para realizar una escala log\u00edstica. El buque escuela de la Armada Argentina tiene programado zarpar el pr\u00f3ximo 27 de mayo para iniciar su itinerario de navegaci\u00f3n.<\/p>\n\n\n\n<p>A trav\u00e9s de un comunicado oficial el\u00a0<strong>Comando del \u00c1rea Naval Atl\u00e1ntica<\/strong>\u00a0se inform\u00f3 que:\u00a0<strong>&#8220;el buque escuela de la Armada Argentina se encuentra en etapa de alistamiento previo a su 51\u00b0 viaje de instrucci\u00f3n&#8221;<\/strong>. Luego de realizar tareas de mantenimiento en la Base Naval Puerto Belgrano, esta ma\u00f1ana comenz\u00f3 su regreso a su apostadero habitual en el Puerto de Buenos Aires y por este motivo, durante estos dos d\u00edas se lo podr\u00e1 ver desde distintos puntos de la ciudad marplatense.<\/p>\n\n\n\n<p>El principal objetivo de este viaje de la Fragata Libertad es finalizar el ciclo de estudios de los j\u00f3venes Guardiamarinas, con una pr\u00e1ctica n\u00e1utica en las artes del mar, antes de su graduaci\u00f3n y estrechar v\u00ednculos con los pa\u00edses que visita. Adem\u00e1s, se busca contribuir con el incremento de sus conocimientos mar\u00edtimos, n\u00e1uticos y a su formaci\u00f3n en la cultura de trabajo en equipo.<\/p>\n\n\n\n<h2>\u00bfSe puede visitar la Fragata Libertad?<\/h2>\n\n\n\n<p>Si bien en esta oportunidad no tiene previsto una apertura al p\u00fablico porque solo se trata de una parada t\u00e9cnica de corta duraci\u00f3n, la&nbsp;<strong>Fragata Libertad<\/strong>&nbsp;podr\u00e1 ser vista desde distintos puntos de la ciudad de Mar del Plata. En el \u00faltimo paso del buque escuela en esta ciudad lleg\u00f3 a ser visitada por m\u00e1s de 30 mil personas y fue a mediados de febrero con motivo de su aniversario 149\u00b0.<\/p>\n\n\n\n<p>Resulta importante destacar que a trav\u00e9s del Decreto Presidencial N\u00ba 727 del 30 de mayo del 2001, el Poder Ejecutivo Nacional design\u00f3 a la embarcaci\u00f3n como &#8220;Embajadora de la Rep\u00fablica con car\u00e1cter de distinci\u00f3n honor\u00edfica y con efecto exclusivamente protocolar&#8221;.<\/p>\n\n\n\n<p>Fuente: Infocielo<\/p>\n","protected":false},"excerpt":{"rendered":"<div class=\"mh-excerpt\"><p>Durante este fin de semana, se podr\u00e1 ver cerca de las costas de la ciudad de&nbsp;Mar del Plata&nbsp;a la&nbsp;Fragata Libertad&nbsp;ya que tiene previsto arribar el lunes a la&nbsp;Base Naval&nbsp;para realizar una escala log\u00edstica. El buque escuela de la Armada Argentina tiene programado zarpar el pr\u00f3ximo 27 de mayo para iniciar su itinerario de navegaci\u00f3n. A trav\u00e9s de un comunicado oficial el\u00a0Comando del \u00c1rea Naval Atl\u00e1ntica\u00a0se inform\u00f3 que:\u00a0&#8220;el buque escuela de la Armada Argentina se encuentra en etapa de alistamiento previo a su 51\u00b0 viaje de instrucci\u00f3n&#8221;. Luego de realizar tareas de mantenimiento en la Base Naval Puerto Belgrano, esta ma\u00f1ana <a class=\"mh-excerpt-more\" href=\"http:\/\/dsrmedios.com.ar\/diario\/archivos\/31526\" title=\"La Fragata Libertad llega a Mar del Plata: \u00bfPuede ser visitada?\">[Leer m\u00e1s]<\/a><\/p>\n<\/div>","protected":false},"author":6,"featured_media":1889,"comment_status":"open","ping_status":"closed","sticky":false,"template":"","format":"standard","meta":{"_jetpack_newsletter_access":""},"categories":[6],"tags":[],"jetpack_featured_media_url":"http:\/\/dsrmedios.com.ar\/diario\/wp-content\/uploads\/2017\/10\/fragata-libertad.jpg","jetpack_sharing_enabled":true,"jetpack_shortlink":"https:\/\/wp.me\/p9fihK-8cu","_links":{"self":[{"href":"http:\/\/dsrmedios.com.ar\/diario\/wp-json\/wp\/v2\/posts\/31526"}],"collection":[{"href":"http:\/\/dsrmedios.com.ar\/diario\/wp-json\/wp\/v2\/posts"}],"about":[{"href":"http:\/\/dsrmedios.com.ar\/diario\/wp-json\/wp\/v2\/types\/post"}],"author":[{"embeddable":true,"href":"http:\/\/dsrmedios.com.ar\/diario\/wp-json\/wp\/v2\/users\/6"}],"replies":[{"embeddable":true,"href":"http:\/\/dsrmedios.com.ar\/diario\/wp-json\/wp\/v2\/comments?post=31526"}],"version-history":[{"count":1,"href":"http:\/\/dsrmedios.com.ar\/diario\/wp-json\/wp\/v2\/posts\/31526\/revisions"}],"predecessor-version":[{"id":31527,"href":"http:\/\/dsrmedios.com.ar\/diario\/wp-json\/wp\/v2\/posts\/31526\/revisions\/31527"}],"wp:featuredmedia":[{"embeddable":true,"href":"http:\/\/dsrmedios.com.ar\/diario\/wp-json\/wp\/v2\/media\/1889"}],"wp:attachment":[{"href":"http:\/\/dsrmedios.com.ar\/diario\/wp-json\/wp\/v2\/media?parent=31526"}],"wp:term":[{"taxonomy":"category","embeddable":true,"href":"http:\/\/dsrmedios.com.ar\/diario\/wp-json\/wp\/v2\/categories?post=31526"},{"taxonomy":"post_tag","embeddable":true,"href":"http:\/\/dsrmedios.com.ar\/diario\/wp-json\/wp\/v2\/tags?post=31526"}],"curies":[{"name":"wp","href":"https:\/\/api.w.org\/{rel}","templated":true}]}}