{"id":31514,"date":"2023-04-22T11:48:03","date_gmt":"2023-04-22T14:48:03","guid":{"rendered":"http:\/\/dsrmedios.com.ar\/diario\/?p=31514"},"modified":"2023-04-22T11:48:07","modified_gmt":"2023-04-22T14:48:07","slug":"la-renuncia-de-un-ministro-clave-de-lula-pone-en-riesgo-el-equilibrio-politico-del-gobierno-de-brasil","status":"publish","type":"post","link":"http:\/\/dsrmedios.com.ar\/diario\/archivos\/31514","title":{"rendered":"La renuncia de un ministro clave de Lula pone en riesgo el equilibrio pol\u00edtico del Gobierno de Brasil"},"content":{"rendered":"\n<p>Mientras la Polic\u00eda Federal interrogaba ayer al general de reserva del Ej\u00e9rcito<strong>\u00a0Gon\u00e7alves Dias, ex ministro del Gabinete de Seguridad (GSI) del Palacio del Planalto<\/strong>, sede de la Presidencia, que<strong>\u00a0dimiti\u00f3 precipitadamente el mi\u00e9rcoles<\/strong>\u00a0tras la exclusiva de la\u00a0<em>CNN Brasil<\/em>, el juez del Supremo Tribunal Federal Alexandre De Moraes destituy\u00f3 al secreto oficial puesto en marcha por el gobierno de Lula por 5 a\u00f1os a las im\u00e1genes mostradas s\u00f3lo en parte por la emisora. En el breve v\u00eddeo, sobre un total de 166 horas de grabaciones a trav\u00e9s de las 22 c\u00e1maras de seguridad del Planalto,\u00a0<strong>se puede ver al general Dias durante la invasi\u00f3n bolsonarista del 8 de enero en una actitud absolutamente tranquila, a pesar de que el palacio estaba siendo saqueado<\/strong>. Las im\u00e1genes muestran a manifestantes que pasan a su lado &#8211; Dias incluso les abre la puerta &#8211; y llama la atenci\u00f3n ver c\u00f3mo uno de ellos, con la cara tapada, incluso coge un extintor para romper un cristal sin que los militares reaccionen. Otro funcionario del GSI incluso ofreci\u00f3 agua a los invasores.<\/p>\n\n\n\n<p>De Moraes, pidi\u00f3 a la GSI que enviara todas las im\u00e1genes al tribunal y orden\u00f3 que la polic\u00eda federal interrogara a todos los militares que aparec\u00edan en ellas. En el interrogatorio de ayer, que dur\u00f3 cinco horas,&nbsp;<strong>Dias declar\u00f3 que aquel dram\u00e1tico d\u00eda retir\u00f3 a los extremistas, pero que no los detuvo porque estaba \u201ca cargo de la gesti\u00f3n de crisis\u201d<\/strong>. A\u00f1adi\u00f3 que no hab\u00eda sido informado del riesgo de actos violentos previstos para ese fin de semana debido a un \u201capag\u00f3n del sistema de inteligencia\u201d que no permiti\u00f3 \u201ctomar las decisiones adecuadas\u201d.<strong>&nbsp;Dias es el primer ministro del gobierno de Lula en caer. Apodado \u201cSombra\u201d, por estar siempre cerca del presidente, ya sea en Brasilia, en viajes nacionales o internacionales, es uno de sus leales y trabaj\u00f3 para su seguridad en sus dos primeros mandatos<\/strong>&nbsp;(2002-2010) y tambi\u00e9n en el gobierno de Dilma Rousseff. E<strong>l impacto de su dimisi\u00f3n &#8211; que habr\u00eda sido forzada por el propio presidente, seg\u00fan rumores, recogidos por el sitio de noticias O Bastidor &#8211; a nivel pol\u00edtico es enorme.<\/strong><\/p>\n\n\n\n<p>En primer lugar,<strong>&nbsp;Lula sale muy debilitado de este esc\u00e1ndalo por la forma en que lo gestion\u00f3.<\/strong>&nbsp;Haber puesto un secreto oficial tan largo alegando que \u201cno era razonable\u201d revelar las im\u00e1genes porque pondr\u00eda en peligro los procedimientos de seguridad del lugar donde trabaja el presidente parece, en retrospectiva, una justificaci\u00f3n endeble. Tambi\u00e9n porque, en cambio, el mismo gobierno hab\u00eda distribuido a la prensa, una semana despu\u00e9s de los hechos del 8 de enero, unos v\u00eddeos editados que mostraban la devastaci\u00f3n de los bolsonaristas, muchos con el rostro cubierto, dentro del mismo edificio.&nbsp;<strong>La duda que ahora divide a Brasil y que tendr\u00e1 que ser aclarada por los \u00f3rganos correspondientes, es si las manifestaciones del 8 de enero fueron infiltradas al fin de una instrumentalizaci\u00f3n pol\u00edtica, como ocurri\u00f3 en el pasado en las manifestaciones durante el Mundial de F\u00fatbol de 2014.<\/strong>&nbsp;Y si hubo omisi\u00f3n por parte de quienes tambi\u00e9n eran responsables a nivel federal de contener la invasi\u00f3n. Sobre todo, ser\u00e1 necesario entender si el general&nbsp;<strong>Dias traicion\u00f3 a Lula al echar una mano a los bolsonaristas, o si no actu\u00f3, como era su deber, para permitir la devastaci\u00f3n y, en consecuencia, facilitar el empoderamiento pol\u00edtico de Lula&nbsp;<\/strong>en torno a un sentimiento de unidad nacional, ya que casi todos los brasile\u00f1os, incluso la inmensa mayor\u00eda de los que votaron a Bolsonaro el a\u00f1o pasado, el 49,1%, sintieron repulsa por la violencia del 8 de enero.<\/p>\n\n\n\n<p>Algunos aliados de la base gubernamental no ocultan su preocupaci\u00f3n.&nbsp;<strong>\u201cEstamos defendiendo al gobierno y luego aparece una grabaci\u00f3n como esta\u201d, dijo al diario&nbsp;<\/strong><em><strong>Folha de Sao Paulo&nbsp;<\/strong><\/em><strong>el diputado federal, l\u00edder del partido Solidariedade, \u00c1ureo Ribeiro,<\/strong>&nbsp;\u201cparece que quisieron ocultar las im\u00e1genes por alguna raz\u00f3n, que debe ser aclarada\u201d. Por otra parte, las declaraciones de Lula y Dias son divergentes. Lula, seg\u00fan su ministro de Comunicaci\u00f3n Social en la Presidencia, Paulo Pimenta, no sabia de esas im\u00e1genes porque \u201cle dijeron que no exist\u00edan. Goncalves Dias le habr\u00eda dicho que la c\u00e1mara estaba rota\u201d. Sin embargo, el general neg\u00f3 haber impedido que el presidente accediera a las im\u00e1genes y asegur\u00f3 que todo el material fue distribuido a los \u00f3rganos competentes que investigan las invasiones.<\/p>\n\n\n\n<p>Pero, sobre todo, queda el misterio de su presencia en el Planalto que, seg\u00fan O Bastidor, Lula conoc\u00eda. Para el ex magistrado de la Lava Jato Deltan Dallagnol, hoy diputado, \u201ca pesar de que el GSI era consciente del riesgo de manifestaciones, al igual que el ministro de Justicia Fl\u00e1vio Dino,&nbsp;<strong>\u00bfpor qu\u00e9 el GSI dispens\u00f3 al Batall\u00f3n de la Guardia del Ej\u00e9rcito Presidencial el mismo fin de semana del 8 de enero?\u201d<\/strong>&nbsp;En un comunicado oficial emitido despu\u00e9s de que estallara el esc\u00e1ndalo, la Presidencia declar\u00f3 \u201cque no habr\u00e1 impunidad para los actos criminales del 8 de enero\u201d, pero no se menciona a Dias. \u201cTodos los militares implicados el 8 de enero han sido identificados y la investigaci\u00f3n est\u00e1 en curso. Ochenta y un militares, incluidos los de la GSI, ya han sido interrogados\u201d. \u00bfPor qu\u00e9 el ministro no ha sido citado a declarar por las autoridades que investigan los hechos del 8 de enero? Junto con Dias, tambi\u00e9n crecen los interrogantes para el ministro de Justicia y Seguridad P\u00fablica, Fl\u00e1vio Dino, que seg\u00fan la Constituci\u00f3n brasile\u00f1a es el comandante de la Fuerza Nacional. \u00bfVerific\u00f3 Dino personalmente el 7 de enero si sus hombres estaban preparados? \u00bfY el 8 de enero? Despu\u00e9s de ver en pleno d\u00eda que la Explanada no contaba con refuerzos \u00bfqu\u00e9 medidas tom\u00f3? La alarma de los autobuses que se dirig\u00edan a Brasilia por docenas desde todo el pa\u00eds hab\u00eda sido dada de antemano por la inteligencia brasile\u00f1a, la ABIN. Hace unas semanas, adem\u00e1s, se revelaron algunos documentos en la prensa brasile\u00f1a seg\u00fan los cuales Dino hab\u00eda pedido al gobernador del estado del Distrito Federal, donde se encuentra Brasilia, refuerzos s\u00f3lo para la seguridad de los ferrocarriles de la capital porque la manifestaci\u00f3n que ya estaba prevista ser\u00eda manejada por las fuerzas federales. Una demanda que, en retrospectiva, abre muchos interrogantes.<\/p>\n\n\n\n<p><img decoding=\"async\" loading=\"lazy\" alt=\"Simpatizantes del expresidente de Brasil Jair Bolsonaro en la toma del Palacio de Planalto en Brasilia, Brasil, 8 de enero de 2023. REUTERS\/Ueslei Marcelino\" height=\"2302\" width=\"3453\" class=\"\" src=\"https:\/\/cloudfront-us-east-1.images.arcpublishing.com\/infobae\/X72JT5VZSBWQPHOYJAFPBPSIDI.jpg\" srcset=\"https:\/\/www.infobae.com\/new-resizer\/nfwgVfXsFzZQvNXvFOo24qVfL6E=\/420x280\/filters:format(webp):quality(85)\/cloudfront-us-east-1.images.arcpublishing.com\/infobae\/X72JT5VZSBWQPHOYJAFPBPSIDI.jpg 420w,https:\/\/www.infobae.com\/new-resizer\/ikNkVcjULMfxAhY8kaR78JOWs-k=\/768x512\/filters:format(webp):quality(85)\/cloudfront-us-east-1.images.arcpublishing.com\/infobae\/X72JT5VZSBWQPHOYJAFPBPSIDI.jpg 768w,https:\/\/www.infobae.com\/new-resizer\/c9zRBqNMLkIiygZjh0-9IIhjjkw=\/992x661\/filters:format(webp):quality(85)\/cloudfront-us-east-1.images.arcpublishing.com\/infobae\/X72JT5VZSBWQPHOYJAFPBPSIDI.jpg 992w,https:\/\/www.infobae.com\/new-resizer\/JUrC0wK2BBd61tQRBmS_2eFJqN8=\/1200x800\/filters:format(webp):quality(85)\/cloudfront-us-east-1.images.arcpublishing.com\/infobae\/X72JT5VZSBWQPHOYJAFPBPSIDI.jpg 1200w,https:\/\/www.infobae.com\/new-resizer\/XubA-3wnsRIKLZwGWROdigtwPiw=\/1440x960\/filters:format(webp):quality(85)\/cloudfront-us-east-1.images.arcpublishing.com\/infobae\/X72JT5VZSBWQPHOYJAFPBPSIDI.jpg 1440w\">Simpatizantes del expresidente de Brasil Jair Bolsonaro en la toma del Palacio de Planalto en Brasilia, Brasil, 8 de enero de 2023. REUTERS\/Ueslei Marcelino<\/p>\n\n\n\n<p>A esto se a\u00f1ade el hecho de que hasta dos d\u00edas antes del esc\u00e1ndalo,&nbsp;<strong>Lula se hab\u00eda opuesto con u\u00f1as y dientes a la instalaci\u00f3n de una Comisi\u00f3n Parlamentaria Mixta de Investigaci\u00f3n (CPMI), es decir, compuesta por diputados y senadores sobre los hechos del 8 de enero<\/strong>, por la que clamaba hace meses la oposici\u00f3n. Lula hab\u00eda incluso ofrecido dinero y nombramientos a diputados y senadores opositores para convencerles de que desistieran. Pero tras la revelaci\u00f3n de las im\u00e1genes el gobierno ha cambiado completamente de postura. No s\u00f3lo quiere la CPMI, sino que incluso exige su control por temor a que la oposici\u00f3n pueda utilizarla en beneficio propio o, tal vez, para mitigar el riesgo de que aparezcan otras revelaciones incomodas para la narrativa del gobierno. El subjefe del Congreso, el diputado del PT, el Partido de los Trabajadores de Lula, Lindbergh Faris, ya hizo saber que el gobierno no aceptar\u00e1 al diputado del Partido Liberal (PL) de Bolsonaro, Andr\u00e9 Fernandes, como presidente de la comisi\u00f3n, a pesar de que es rutina que quien es autor de un pedido de apertura de la CPMI tenga el derecho al lugar m\u00e1s destacado en la comisi\u00f3n.<\/p>\n\n\n\n<p>El presidente del Congreso, el senador Rodrigo Pacheco, del Partido Social Dem\u00f3crata (PSD), anunci\u00f3 que el 26 de abril, el mismo d\u00eda en que el ex presidente Jair Messias Bolsonaro ser\u00e1 interrogado por la Polic\u00eda Federal sobre los hechos del 8 de enero, leer\u00e1 el pedido de instalaci\u00f3n de la CPMI. Aunque Pacheco haya garantizado que la CPMI no interferir\u00e1 en la votaci\u00f3n de la Reforma Fiscal, el temor es que se convierta en un pretexto para fuertes negociaciones tambi\u00e9n sobre este tema, con el riesgo de debilitar a\u00fan m\u00e1s al cada vez m\u00e1s fr\u00e1gil gobierno de Lula. Seg\u00fan la \u00faltima encuesta de Quest la desconfianza de los votantes hacia el mandatario estar\u00eda creciendo. La aprobaci\u00f3n ha ca\u00eddo un 4% desde febrero, mientras que el n\u00famero de los que lo consideran malo ha pasado del 20% en febrero al 29% del pasado 16 marzo, cuando se cerr\u00f3 la encuesta y que, entonces, no considera las revelaciones del video de CNN Brasil.<\/p>\n\n\n\n<p>Tambi\u00e9n llama la atenci\u00f3n que, antes de anunciar su dimisi\u00f3n, Gon\u00e7alves Dias mostr\u00f3 un certificado m\u00e9dico y no se present\u00f3 en la Comisi\u00f3n de Seguridad P\u00fablica de la C\u00e1mara de Diputados, donde deb\u00eda ofrecer sus propias aclaraciones sobre los hechos del 8 de enero, pero pocas horas despu\u00e9s apareci\u00f3 en televisi\u00f3n, en la Rede Globo. En esta entrevista,<strong>&nbsp;Gon\u00e7alves Dias neg\u00f3 cualquier responsabilidad, afirmando que se encontraba en el tercer piso del Palacio de Planalto para expulsar a los manifestantes y hacer que los detuvieran en el segundo piso<\/strong>. De sus hombres dice: \u201cQuien haya estado implicado en esto que sea castigado, incluso ese mayor que estaba dando agua\u201d.&nbsp;<strong>A continuaci\u00f3n acus\u00f3 a la CNN de manipular las im\u00e1genes: \u201cHicieron un corte espec\u00edfico en el montaje\u201d, dijo<\/strong>. La r\u00e9plica de la CNN fue inmediata y contundente, y adem\u00e1s CNN public\u00f3 la versi\u00f3n no editada de los v\u00eddeos para despejar cualquier duda. \u201cCNN es una marca de gran credibilidad desde 1980 y repudia cualquier insinuaci\u00f3n\u201d, rezaba el comunicado.<\/p>\n\n\n\n<p><strong>Goncalves Dias fue sustituido inmediatamente por Ricardo Cappelli, n\u00famero dos del ministro de Justicia y Seguridad P\u00fablica, Fl\u00e1vio Dino.<\/strong>&nbsp;Cappelli, que no es militar ni tiene experiencia en seguridad, es conocido por haber tra\u00eddo a Fidel Castro a S\u00e3o Paulo en 1999, cuando era presidente de la Uni\u00f3n Nacional de Estudiantes (UNE). Nada m\u00e1s asumir el cargo declar\u00f3 que hab\u00eda recibido una misi\u00f3n de Lula para renovar y despolitizar la GSI. Por tanto, no est\u00e1 claro si Dias ser\u00e1 sustituido por un civil, como desea el PT de Lula, o por un militar de carrera, como quiere el el ministro de Defensa, Jos\u00e9&nbsp;Mucio, que piensa en el general Marcos Antonio Amaro dos Santos, ex jefe de la guardia presidencial y del GSI con Dilma Rousseff. Seg\u00fan el periodista brasile\u00f1o Claudio Dantas, el nombramiento interino de Cappelli ha creado un acalorado debate en el PT, sobre todo en el ala hist\u00f3rica que ha gobernado con el presidente en el pasado. \u201cMiembros de esta ala atribuyen el desplome de la popularidad de Lula a los actuales asesores directos del presidente sobre todo su esposa Janja y el actual jefe de gabinete de la presidencia, Marco Aur\u00e9lio Santana Ribeiro, que sol\u00eda visitarle con frecuencia cuando Lula estaba en la c\u00e1rcel de Curitiba\u201d dijo Dantas.<\/p>\n\n\n\n<p>La noticia de la dimisi\u00f3n de Dias llega tras una semana de fuego. Las declaraciones de Lula contra Estados Unidos y Europa sobre el conflicto ucraniano desataron las cr\u00edticas de las autoridades europeas y estadounidenses. Adem\u00e1s, un d\u00eda antes de la exclusiva de la CNN, la prensa brasile\u00f1a hab\u00eda hecho p\u00fablica la noticia de una operaci\u00f3n de hace un mes que la Polic\u00eda Federal extra\u00f1amente no revel\u00f3 como suele hacer. La operaci\u00f3n hab\u00eda destapado la supuesta conexi\u00f3n con el principal grupo criminal del pa\u00eds, el Primer Comando de la Capital (PCC) de Adelio Bispo, detenido en 2018 por apu\u00f1alar al entonces candidato presidencial Jair Messias Bolsonaro mientras hac\u00eda campa\u00f1a en Juiz de Fora, en el estado brasile\u00f1o de Minas Gerais. Sus abogados habr\u00edan recibido un pago de 315.000 reales, unos 60.000 d\u00f3lares, del PCC.<\/p>\n\n\n\n<p><strong>En este Brasil donde prevalece la \u201copacidad\u201d, como escribe el diario\u00a0<\/strong><em><strong>Estado de S\u00e3o Paulo,<\/strong><\/em><strong>\u00a0se est\u00e1 acu\u00f1ando ahora un nuevo eslogan.<\/strong>\u00a0Sobre el eco de \u201cDireta J\u00e1\u201d (\u00a1Elecci\u00f3n directa ya!) tambi\u00e9n utilizado por Lula tras la dictadura para pedir elecciones directas del presidente, aparece ahora \u201cTransparencia J\u00e1\u201d (Transparencia ya). \u201cBrasil &#8211; seg\u00fan el Estado de S\u00e3o Paulo &#8211; no puede ser reh\u00e9n de versiones fabricadas en los desvanes de Brasilia. Transparencia ya\u201d. Mientras tanto, Lula adelant\u00f3 un d\u00eda su viaje a Europa, primero a Portugal y despu\u00e9s a Espa\u00f1a. En Lisboa, su esposa Janja fue filmada comprando en las tiendas de lujo de la ciudad. En caso de que utilizara la tarjeta de cr\u00e9dito presidencial, nadie sabr\u00e1 cu\u00e1nto desembols\u00f3. En los gastos de viajes nacionales e internacionales, de hecho, el presidente ha impuesto el secreto oficial, con la justificaci\u00f3n de que es por su seguridad y la de su familia. Sin embargo, sobre sus gastos en Brasil, el diario\u00a0<em>Folha de Sao Paulo\u00a0<\/em>descubri\u00f3 que para comprar cinco muebles y un colch\u00f3n para la residencia privada de la pareja presidencial en el Palacio de la Alvorada, Rosangela Janja da Silva gast\u00f3 196 mil reales, unos 40 mil d\u00f3lares.<\/p>\n\n\n\n<p>Fuente: Infobae<\/p>\n","protected":false},"excerpt":{"rendered":"<div class=\"mh-excerpt\"><p>Mientras la Polic\u00eda Federal interrogaba ayer al general de reserva del Ej\u00e9rcito\u00a0Gon\u00e7alves Dias, ex ministro del Gabinete de Seguridad (GSI) del Palacio del Planalto, sede de la Presidencia, que\u00a0dimiti\u00f3 precipitadamente el mi\u00e9rcoles\u00a0tras la exclusiva de la\u00a0CNN Brasil, el juez del Supremo Tribunal Federal Alexandre De Moraes destituy\u00f3 al secreto oficial puesto en marcha por el gobierno de Lula por 5 a\u00f1os a las im\u00e1genes mostradas s\u00f3lo en parte por la emisora. En el breve v\u00eddeo, sobre un total de 166 horas de grabaciones a trav\u00e9s de las 22 c\u00e1maras de seguridad del Planalto,\u00a0se puede ver al general Dias durante la <a class=\"mh-excerpt-more\" href=\"http:\/\/dsrmedios.com.ar\/diario\/archivos\/31514\" title=\"La renuncia de un ministro clave de Lula pone en riesgo el equilibrio pol\u00edtico del Gobierno de Brasil\">[Leer m\u00e1s]<\/a><\/p>\n<\/div>","protected":false},"author":6,"featured_media":31515,"comment_status":"open","ping_status":"closed","sticky":false,"template":"","format":"standard","meta":{"_jetpack_newsletter_access":""},"categories":[6],"tags":[],"jetpack_featured_media_url":"http:\/\/dsrmedios.com.ar\/diario\/wp-content\/uploads\/2023\/04\/images-20.jpg","jetpack_sharing_enabled":true,"jetpack_shortlink":"https:\/\/wp.me\/p9fihK-8ci","_links":{"self":[{"href":"http:\/\/dsrmedios.com.ar\/diario\/wp-json\/wp\/v2\/posts\/31514"}],"collection":[{"href":"http:\/\/dsrmedios.com.ar\/diario\/wp-json\/wp\/v2\/posts"}],"about":[{"href":"http:\/\/dsrmedios.com.ar\/diario\/wp-json\/wp\/v2\/types\/post"}],"author":[{"embeddable":true,"href":"http:\/\/dsrmedios.com.ar\/diario\/wp-json\/wp\/v2\/users\/6"}],"replies":[{"embeddable":true,"href":"http:\/\/dsrmedios.com.ar\/diario\/wp-json\/wp\/v2\/comments?post=31514"}],"version-history":[{"count":1,"href":"http:\/\/dsrmedios.com.ar\/diario\/wp-json\/wp\/v2\/posts\/31514\/revisions"}],"predecessor-version":[{"id":31516,"href":"http:\/\/dsrmedios.com.ar\/diario\/wp-json\/wp\/v2\/posts\/31514\/revisions\/31516"}],"wp:featuredmedia":[{"embeddable":true,"href":"http:\/\/dsrmedios.com.ar\/diario\/wp-json\/wp\/v2\/media\/31515"}],"wp:attachment":[{"href":"http:\/\/dsrmedios.com.ar\/diario\/wp-json\/wp\/v2\/media?parent=31514"}],"wp:term":[{"taxonomy":"category","embeddable":true,"href":"http:\/\/dsrmedios.com.ar\/diario\/wp-json\/wp\/v2\/categories?post=31514"},{"taxonomy":"post_tag","embeddable":true,"href":"http:\/\/dsrmedios.com.ar\/diario\/wp-json\/wp\/v2\/tags?post=31514"}],"curies":[{"name":"wp","href":"https:\/\/api.w.org\/{rel}","templated":true}]}}