{"id":31511,"date":"2023-04-22T11:45:14","date_gmt":"2023-04-22T14:45:14","guid":{"rendered":"http:\/\/dsrmedios.com.ar\/diario\/?p=31511"},"modified":"2023-04-22T11:45:17","modified_gmt":"2023-04-22T14:45:17","slug":"lula-da-silva-intento-aclarar-su-postura-y-mostrarse-neutral-nunca-compare-rusia-y-ucrania-se-lo-que-es-invasion-y-lo-que-es-integridad-territorial","status":"publish","type":"post","link":"http:\/\/dsrmedios.com.ar\/diario\/archivos\/31511","title":{"rendered":"Lula da Silva intent\u00f3 aclarar su postura y mostrarse neutral: \u201cNunca compar\u00e9 Rusia y Ucrania, s\u00e9 lo que es invasi\u00f3n y lo que es integridad territorial\u201d"},"content":{"rendered":"\n<p>El presidente brasile\u00f1o,<strong>&nbsp;Luiz In\u00e1cio Lula da Silva<\/strong>, criticado por recientes declaraciones sobre la guerra de&nbsp;<strong>Ucrania<\/strong>, reafirm\u00f3 este s\u00e1bado su negativa a \u201cparticipar\u201d en ese conflicto y su&nbsp;<strong>voluntad de contribuir a buscar una paz \u201cnegociada\u201d<\/strong>&nbsp;entre Kiev y Mosc\u00fa.<\/p>\n\n\n\n<p>\u201cAl mismo tiempo que mi gobierno condena la violaci\u00f3n de la integridad territorial de Ucrania, defiende una&nbsp;<strong>soluci\u00f3n pol\u00edtica negociada<\/strong>&nbsp;del conflicto\u201d, declar\u00f3 Lula a periodistas en Lisboa, tras reunirse con su hom\u00f3logo portugu\u00e9s,&nbsp;<strong>Marcelo Rebelo de Sousa<\/strong>.<\/p>\n\n\n\n<p>\u201c<strong>Necesitamos urgentemente que un grupo de pa\u00edses se siente a negociar tanto con Ucrania como con Rusia para buscar la paz<\/strong>\u201d, subray\u00f3 Lula. Y agreg\u00f3: \u201cBrasil no quiere participar en la guerra,&nbsp;<strong>Brasil quiere construir la paz<\/strong>\u201d.<\/p>\n\n\n\n<p>El a\u00f1o pasado, en una entrevista con la revista&nbsp;<em>Time<\/em>, hab\u00eda dicho que el mandatario ucraniano Volodimyr Zelensky era \u201c<a href=\"https:\/\/www.infobae.com\/america\/mundo\/2022\/05\/04\/lula-da-silva-dijo-que-zelensky-es-tan-culpable-como-putin-por-la-invasion-a-ucrania\/\" target=\"_blank\" rel=\"noreferrer noopener\">tan culpable como Putin<\/a>\u201d de la guerra. Y este mes, el portavoz de la diplomacia ucraniana,<strong>&nbsp;Oleg Nikolenko<\/strong>, critic\u00f3 al brasile\u00f1o por poner \u201c<strong>a la v\u00edctima y al agresor al mismo nivel<\/strong>\u201d, y por atacar a los aliados de Ucrania que la ayudan a \u201cprotegerse de una agresi\u00f3n asesina\u201d.<\/p>\n\n\n\n<p>A trav\u00e9s de su cuenta en Twitter, Lula expres\u00f3: \u201c<strong>Nunca compar\u00e9 Rusia y Ucrania. S\u00e9 lo que es invasi\u00f3n y lo que es integridad territorial. Pero ahora la guerra ha comenzado y alguien necesita hablar de paz<\/strong>\u201d.<\/p>\n\n\n\n<p><img decoding=\"async\" loading=\"lazy\" alt=\"El mensaje de Lula en Twitter\" height=\"947\" width=\"1920\" class=\"\" src=\"https:\/\/cloudfront-us-east-1.images.arcpublishing.com\/infobae\/T5O2NBYSUBHP5OCDAX5IJUPECM.jpg\" srcset=\"https:\/\/www.infobae.com\/new-resizer\/BpLLgsrvnLgJXJT_SOHWRHZiqqc=\/420x187\/filters:format(webp):quality(85)\/cloudfront-us-east-1.images.arcpublishing.com\/infobae\/T5O2NBYSUBHP5OCDAX5IJUPECM.jpg 420w,https:\/\/www.infobae.com\/new-resizer\/UwP2oST56TXyhbwqwgYQez6dK_Q=\/768x341\/filters:format(webp):quality(85)\/cloudfront-us-east-1.images.arcpublishing.com\/infobae\/T5O2NBYSUBHP5OCDAX5IJUPECM.jpg 768w,https:\/\/www.infobae.com\/new-resizer\/TgtAdNpr0dZiwqKBd5g2nu8RtaI=\/992x441\/filters:format(webp):quality(85)\/cloudfront-us-east-1.images.arcpublishing.com\/infobae\/T5O2NBYSUBHP5OCDAX5IJUPECM.jpg 992w,https:\/\/www.infobae.com\/new-resizer\/Qk_nwpIL3ARNkcpIT5i6ujkTyUg=\/1200x533\/filters:format(webp):quality(85)\/cloudfront-us-east-1.images.arcpublishing.com\/infobae\/T5O2NBYSUBHP5OCDAX5IJUPECM.jpg 1200w\">El mensaje de Lula en Twitter<\/p>\n\n\n\n<p><strong>Tras la reuni\u00f3n con el mandatario sudamericano, el portugu\u00e9s Rabelo marc\u00f3 diferencias con la postura de su hu\u00e9sped<\/strong>.<\/p>\n\n\n\n<p>\u201cEl presidente Lula considera que el camino hacia una paz justa y duradera supone priorizar la v\u00eda de la negociaci\u00f3n\u201d, pero Portugal \u201c<strong>sostiene que un eventual camino hacia la paz supone el previo derecho de Ucrania a reaccionar a la invasi\u00f3n<\/strong>, recuperando lo que pueda o quiera recuperar (&#8230;) de su integridad territorial\u201d, afirm\u00f3.<\/p>\n\n\n\n<p>Y eso se debe a \u201c<strong>una cuesti\u00f3n de principio, que es el de no beneficiar al invasor<\/strong>\u201d, recalc\u00f3.<\/p>\n\n\n\n<p>Lula, que gobern\u00f3 Brasil de 2003 a 2010, se propone desde que regres\u00f3 al poder en enero volver a dar protagonismo internacional a Brasil, tras el relativo aislamiento diplom\u00e1tico que marc\u00f3 la gesti\u00f3n de su predecesor ultraderechista&nbsp;<strong>Jair Bolsonaro<\/strong>&nbsp;(2019-2022).<\/p>\n\n\n\n<p><img decoding=\"async\" loading=\"lazy\" height=\"558\" width=\"800\" srcset=\"https:\/\/www.infobae.com\/new-resizer\/3zEjBtBy9UE840Yy7Wey9ujJZB8=\/420x280\/filters:format(webp):quality(85)\/cloudfront-us-east-1.images.arcpublishing.com\/infobae\/3Q6PV5QDJBTLQJMSMGHTU2IKUI.jpg 420w,https:\/\/www.infobae.com\/new-resizer\/wTovKtnXpL-Mb8OIgDMD0eMKooU=\/768x512\/filters:format(webp):quality(85)\/cloudfront-us-east-1.images.arcpublishing.com\/infobae\/3Q6PV5QDJBTLQJMSMGHTU2IKUI.jpg 768w,https:\/\/www.infobae.com\/new-resizer\/tLs0kwnl4bp3-EjOD9CyakXCXVo=\/992x661\/filters:format(webp):quality(85)\/cloudfront-us-east-1.images.arcpublishing.com\/infobae\/3Q6PV5QDJBTLQJMSMGHTU2IKUI.jpg 992w,https:\/\/www.infobae.com\/new-resizer\/XOHIVMR1ay6Xks3l33EExSmMC4Y=\/1200x800\/filters:format(webp):quality(85)\/cloudfront-us-east-1.images.arcpublishing.com\/infobae\/3Q6PV5QDJBTLQJMSMGHTU2IKUI.jpg 1200w,https:\/\/www.infobae.com\/new-resizer\/eJRdcEpbLRkJ-gIsTiHkYs1fnDo=\/1440x960\/filters:format(webp):quality(85)\/cloudfront-us-east-1.images.arcpublishing.com\/infobae\/3Q6PV5QDJBTLQJMSMGHTU2IKUI.jpg 1440w\" class=\"\" src=\"https:\/\/cloudfront-us-east-1.images.arcpublishing.com\/infobae\/3Q6PV5QDJBTLQJMSMGHTU2IKUI.jpg\" alt=\"Lula da Silva junto al portugu\u00e9s Marcelo Rebelo de Sousa (REUTERS\/Rodrigo Antunes)\"><\/p>\n\n\n\n<p>Lula da Silva junto al portugu\u00e9s Marcelo Rebelo de Sousa (REUTERS\/Rodrigo Antunes)<\/p>\n\n\n\n<p>En un delicado juego de equilibrista, el \u00edcono de la izquierda latinoamericana viaj\u00f3 en febrero a Estados Unidos, donde se reuni\u00f3 con el presidente&nbsp;<strong>Joe Biden<\/strong>, y este mes fue a China, primer socio comercial de Brasil.<\/p>\n\n\n\n<p>Pero en ese juego pareci\u00f3 trastabillar, cuando tras reunirse con el presidente chino,&nbsp;<strong>Xi Jinping<\/strong>, inst\u00f3 a Estados Unidos a dejar de \u201calentar la guerra\u201d en Ucrania y pidi\u00f3 a la Uni\u00f3n Europea (UE), aliada de Kiev, \u201ccomenzar a hablar de paz\u201d.<\/p>\n\n\n\n<p>Estados Unidos no tard\u00f3 en acusar a Lula de \u201chacerse eco de la propaganda rusa y china, sin tener en cuenta los hechos\u201d.<\/p>\n\n\n\n<p>\u201cSi no se habla de la paz, se contribuye a la guerra\u201d, afirm\u00f3 Lula este s\u00e1bado en Lisboa, primera etapa de una minigira europea que lo llevar\u00e1 tambi\u00e9n a Espa\u00f1a.<\/p>\n\n\n\n<p>Fuente: Infobae<\/p>\n","protected":false},"excerpt":{"rendered":"<div class=\"mh-excerpt\"><p>El presidente brasile\u00f1o,&nbsp;Luiz In\u00e1cio Lula da Silva, criticado por recientes declaraciones sobre la guerra de&nbsp;Ucrania, reafirm\u00f3 este s\u00e1bado su negativa a \u201cparticipar\u201d en ese conflicto y su&nbsp;voluntad de contribuir a buscar una paz \u201cnegociada\u201d&nbsp;entre Kiev y Mosc\u00fa. \u201cAl mismo tiempo que mi gobierno condena la violaci\u00f3n de la integridad territorial de Ucrania, defiende una&nbsp;soluci\u00f3n pol\u00edtica negociada&nbsp;del conflicto\u201d, declar\u00f3 Lula a periodistas en Lisboa, tras reunirse con su hom\u00f3logo portugu\u00e9s,&nbsp;Marcelo Rebelo de Sousa. \u201cNecesitamos urgentemente que un grupo de pa\u00edses se siente a negociar tanto con Ucrania como con Rusia para buscar la paz\u201d, subray\u00f3 Lula. Y agreg\u00f3: \u201cBrasil no quiere <a class=\"mh-excerpt-more\" href=\"http:\/\/dsrmedios.com.ar\/diario\/archivos\/31511\" title=\"Lula da Silva intent\u00f3 aclarar su postura y mostrarse neutral: \u201cNunca compar\u00e9 Rusia y Ucrania, s\u00e9 lo que es invasi\u00f3n y lo que es integridad territorial\u201d\">[Leer m\u00e1s]<\/a><\/p>\n<\/div>","protected":false},"author":6,"featured_media":31512,"comment_status":"open","ping_status":"closed","sticky":false,"template":"","format":"standard","meta":{"_jetpack_newsletter_access":""},"categories":[6],"tags":[],"jetpack_featured_media_url":"http:\/\/dsrmedios.com.ar\/diario\/wp-content\/uploads\/2023\/04\/3Q6PV5QDJBTLQJMSMGHTU2IKUI.jpg","jetpack_sharing_enabled":true,"jetpack_shortlink":"https:\/\/wp.me\/p9fihK-8cf","_links":{"self":[{"href":"http:\/\/dsrmedios.com.ar\/diario\/wp-json\/wp\/v2\/posts\/31511"}],"collection":[{"href":"http:\/\/dsrmedios.com.ar\/diario\/wp-json\/wp\/v2\/posts"}],"about":[{"href":"http:\/\/dsrmedios.com.ar\/diario\/wp-json\/wp\/v2\/types\/post"}],"author":[{"embeddable":true,"href":"http:\/\/dsrmedios.com.ar\/diario\/wp-json\/wp\/v2\/users\/6"}],"replies":[{"embeddable":true,"href":"http:\/\/dsrmedios.com.ar\/diario\/wp-json\/wp\/v2\/comments?post=31511"}],"version-history":[{"count":1,"href":"http:\/\/dsrmedios.com.ar\/diario\/wp-json\/wp\/v2\/posts\/31511\/revisions"}],"predecessor-version":[{"id":31513,"href":"http:\/\/dsrmedios.com.ar\/diario\/wp-json\/wp\/v2\/posts\/31511\/revisions\/31513"}],"wp:featuredmedia":[{"embeddable":true,"href":"http:\/\/dsrmedios.com.ar\/diario\/wp-json\/wp\/v2\/media\/31512"}],"wp:attachment":[{"href":"http:\/\/dsrmedios.com.ar\/diario\/wp-json\/wp\/v2\/media?parent=31511"}],"wp:term":[{"taxonomy":"category","embeddable":true,"href":"http:\/\/dsrmedios.com.ar\/diario\/wp-json\/wp\/v2\/categories?post=31511"},{"taxonomy":"post_tag","embeddable":true,"href":"http:\/\/dsrmedios.com.ar\/diario\/wp-json\/wp\/v2\/tags?post=31511"}],"curies":[{"name":"wp","href":"https:\/\/api.w.org\/{rel}","templated":true}]}}