{"id":31500,"date":"2023-04-22T08:42:20","date_gmt":"2023-04-22T11:42:20","guid":{"rendered":"http:\/\/dsrmedios.com.ar\/diario\/?p=31500"},"modified":"2023-04-22T08:42:24","modified_gmt":"2023-04-22T11:42:24","slug":"la-ultima-reunion-con-sergio-massa-en-olivos-fue-clave-en-la-declinacion-de-la-candidatura-de-alberto-fernandez","status":"publish","type":"post","link":"http:\/\/dsrmedios.com.ar\/diario\/archivos\/31500","title":{"rendered":"La \u00faltima reuni\u00f3n con Sergio Massa en Olivos fue clave en la declinaci\u00f3n de la candidatura de Alberto Fern\u00e1ndez"},"content":{"rendered":"\n<p>Anoche, m\u00e1s que nunca, reinaba un clima de&nbsp;<strong>fuerte decepci\u00f3n&nbsp;<\/strong>en la residencia oficial de Olivos. Mientras los agentes de seguridad controlaban los ingresos y egresos de los t\u00e9cnicos de comunicaci\u00f3n de la Presidencia en inusuales horarios -el \u00faltimo se fue a las 3 de la ma\u00f1ana-, los pocos que sab\u00edan lo que estaba pasando se preguntaban sobre los motivos del apuro para grabar el spot que anunciaba la extensamente esperada decisi\u00f3n de&nbsp;<strong>Alberto Fern\u00e1ndez&nbsp;<\/strong>sobre su eventual reelecci\u00f3n, que termin\u00f3 declinando.<\/p>\n\n\n\n<p>Despu\u00e9s de todo, el primer mandatario&nbsp;<strong>postergaba desde hac\u00eda meses&nbsp;<\/strong>las definiciones sobre su futuro pol\u00edtico en el&nbsp;<strong>a\u00f1o electoral&nbsp;<\/strong>y en su entorno dec\u00edan, desde el comienzo del a\u00f1o, que ten\u00eda tiempo hasta el final de junio, cuando cierran las listas. El kirchnerismo ven\u00eda presionando hace tiempo para que se bajara lo antes posible, sin \u00e9xito: no parec\u00eda haber motivos para acelerar la decisi\u00f3n, que se conoci\u00f3 sorpresivamente el viernes por la ma\u00f1ana, a trav\u00e9s de un video publicado en la cuenta oficial de Twitter del jefe de Estado.<\/p>\n\n\n\n<p>Ayer por la tarde, distintos el c\u00edrculo de confianza de Alberto Fern\u00e1ndez dieron al un\u00edsono aunque por separado, una respuesta clara sobre la precipitaci\u00f3n de la comunicaci\u00f3n del Presidente: adem\u00e1s de la situaci\u00f3n pol\u00edtica interna, y de la inminencia del Consejo del PJ, previsto para la tarde del viernes, se impuso como\u00a0<strong>factor determinante la fuerte convulsi\u00f3n en el panorama econ\u00f3mico<\/strong><\/p>\n\n\n\n<p>El primer mandatario les cont\u00f3 a sus laderos m\u00e1s cercanos que se bajar\u00eda de la carrera electoral el jueves por la tarde, cuando ca\u00eda el sol, al regreso de una actividad en Mar del Plata. Pero hab\u00eda terminado de&nbsp;<strong>madurar la idea&nbsp;<\/strong>varias horas antes, despu\u00e9s de una reuni\u00f3n matutina con el ministro de Econom\u00eda,&nbsp;<strong>Sergio Massa,<\/strong>&nbsp;en la quinta presidencial.<\/p>\n\n\n\n<p>Uno de los funcionarios que estuvieron en contacto permanente con Alberto Fern\u00e1ndez durante los \u00faltimos d\u00edas asegur\u00f3 que ven\u00eda meditando su corrimiento desde hace semanas, pero reconoci\u00f3 que el apremio para anunciarlo respondi\u00f3 a los vaivenes en las variables econ\u00f3micas que se desencadenaron desde el lunes. En especial, la corrida cambiaria que llev\u00f3 al d\u00f3lar a un pico de 440 pesos.<\/p>\n\n\n\n<p>Alberto Fern\u00e1ndez ven\u00eda siguiendo a trav\u00e9s de aplicaciones digitales las variables de la macroeconom\u00eda. Adem\u00e1s, recib\u00eda&nbsp;<strong>informes del ministro,<\/strong>&nbsp;por chat y por tel\u00e9fono. Pero no fue hasta la ma\u00f1ana del jueves que tuvo un&nbsp;<strong>contexto m\u00e1s preciso.&nbsp;<\/strong>En el encuentro con Massa, que se prolong\u00f3 por m\u00e1s de una hora, el titular de Hacienda le describi\u00f3 un panorama por dem\u00e1s complicado.<\/p>\n\n\n\n<p>\u201cAlberto estaba tratando de&nbsp;<strong>manejar los tiempos&nbsp;<\/strong>para garantizar una PASO. Ya sab\u00eda que no iba a presentarse, pero ayer decidi\u00f3 definitivamente que ya era hora\u201d, revel\u00f3 un hombre de extrema confianza del jefe de Estado. \u201cEsto tuvo que ver con todo lo que le dijo Massa ayer (por el jueves), sobre las perspectivas y sobre la situaci\u00f3n real que estamos atravesando. Justamente, Alberto&nbsp;<strong>no quiere quedar enredado en una situaci\u00f3n pol\u00edtica,<\/strong>&nbsp;cuando en realidad tiene que estar gestionando y cohesionando con el resto del gobierno esa problem\u00e1tica econ\u00f3mica que se est\u00e1 agudizando\u201d, explic\u00f3.<\/p>\n\n\n\n<p><img decoding=\"async\" loading=\"lazy\" alt=\"Tras el corrimiento de Alberto Fern\u00e1ndez, el ministro del Interior, Wado de Pedro, y Sergio Massa aparecen como los principales presidenciables al igual que Daniel Scioli (Adri\u00e1n Escandar)\" height=\"1080\" width=\"1920\" class=\"\" src=\"https:\/\/cloudfront-us-east-1.images.arcpublishing.com\/infobae\/TWYJPLFXB5BXVDSPA7NVGAL6T4.jpg\" srcset=\"https:\/\/www.infobae.com\/new-resizer\/nWVa-x6q8kdGGlbas7ohGx34aTA=\/420x236\/filters:format(webp):quality(85)\/cloudfront-us-east-1.images.arcpublishing.com\/infobae\/TWYJPLFXB5BXVDSPA7NVGAL6T4.jpg 420w,https:\/\/www.infobae.com\/new-resizer\/n0V6FCeN5rKWns4LrPcRDLzBX4A=\/768x432\/filters:format(webp):quality(85)\/cloudfront-us-east-1.images.arcpublishing.com\/infobae\/TWYJPLFXB5BXVDSPA7NVGAL6T4.jpg 768w,https:\/\/www.infobae.com\/new-resizer\/KNUBj_1vVPKcpk5vGFpxysMtkao=\/992x558\/filters:format(webp):quality(85)\/cloudfront-us-east-1.images.arcpublishing.com\/infobae\/TWYJPLFXB5BXVDSPA7NVGAL6T4.jpg 992w,https:\/\/www.infobae.com\/new-resizer\/l6wfqLUBR034FkS7xKiLK14WESo=\/1200x675\/filters:format(webp):quality(85)\/cloudfront-us-east-1.images.arcpublishing.com\/infobae\/TWYJPLFXB5BXVDSPA7NVGAL6T4.jpg 1200w,https:\/\/www.infobae.com\/new-resizer\/fl5H5PRgNERiSYV0GxN9jDRvPKA=\/1440x810\/filters:format(webp):quality(85)\/cloudfront-us-east-1.images.arcpublishing.com\/infobae\/TWYJPLFXB5BXVDSPA7NVGAL6T4.jpg 1440w\">Tras el corrimiento de Alberto Fern\u00e1ndez, el ministro del Interior, Wado de Pedro, y Sergio Massa aparecen como los principales presidenciables al igual que Daniel Scioli (Adri\u00e1n Escandar)<\/p>\n\n\n\n<p>Sin embargo, desde Olivos aclararon que Massa \u201cnunca le pidi\u00f3 que se baje\u201d y aseguraron que el Presidente no le revel\u00f3 al tigrense, que tiene sus propias perspectivas electorales, sus planes de corrimiento. Adem\u00e1s, destacaron que el renunciamiento&nbsp;<strong>\u201cno resuelve la cuesti\u00f3n econ\u00f3mica\u201d,&nbsp;<\/strong>aunque admitieron que&nbsp;<strong>\u201caporta para terminar con las especulaciones\u201d.<\/strong><\/p>\n\n\n\n<p>Massa ven\u00eda de reunirse con las autoridades del FMI en el encuentro de primavera, en Washington; y se acababa de encontrar -junto a sus asesores ministeriales- con los equipos t\u00e9cnicos del organismo, en el marco de la renegociaci\u00f3n del acuerdo por&nbsp;<strong>la deuda.&nbsp;<\/strong>Al complejo escenario se hab\u00edan sumado, en los primeros d\u00edas de la semana, los rumores, que inquietaron a los mercados, sobre la aplicaci\u00f3n de un eventual desdoblamiento cambiario, que en la Casa Rosada y en Hacienda negaron (y por el que responsabilizaron al jefe de Asesores, Antonio Aracre, que termin\u00f3 eyectado de su puesto por ese motivo). Adem\u00e1s, hab\u00edan corrido versiones de una supuesta renuncia de Massa, en medio de los tambaleos de la gesti\u00f3n, y de las especulaciones sobre su candidatura en las Primarias.<\/p>\n\n\n\n<p>\u201cSi escuch\u00e1s con atenci\u00f3n lo que dice Alberto en el mensaje (del video en Twitter), se escucha claro lo que pas\u00f3:\u00a0<strong>\u00e9l se corre por el bien del PJ y del pa\u00eds en la crisis\u201d,<\/strong>\u00a0agreg\u00f3 un hombre su confianza<\/p>\n\n\n\n<p>\u201cEs cierto es que Sergio y (el titular del Banco Central, Miguel) Pesce le describieron un cuadro econ\u00f3mico que lo llev\u00f3 a decir basta con las especulaciones\u201d, a\u00f1adi\u00f3 otro funcionario que frecuenta a Alberto Fern\u00e1ndez. \u201cLo que qued\u00f3 claro, ahora, es que el Presidente se dedica a gestionar. No cre\u00eda que fuera honesto que se siguiera hablando de su candidatura,&nbsp;<strong>no era responsable de su parte que ese debate se siguiera dando\u201d,&nbsp;<\/strong>argument\u00f3.<\/p>\n\n\n\n<p>El jueves fue un d\u00eda clave en el Gobierno, en t\u00e9rminos de pol\u00edtica econ\u00f3mica. Despu\u00e9s de visitar por la ma\u00f1ana al jefe de Estado, informarlo, y evaluar formas para paliar la incertidumbre, Massa se desplaz\u00f3 al Congreso Nacional, donde tienen sus despachos&nbsp;<strong>Cristina y M\u00e1ximo Kirchner<\/strong>. Corrieron fuertes rumores de que se vio personalmente con la presidenta del Senado, pero en sus respectivos entornos lo negaron a tajantemente. S\u00ed admitieron que el titular de Hacienda se entrevist\u00f3 con la titular de Diputados, Cecilia Moreau, y con el jefe de La C\u00e1mpora, hijo de la Vicepresidenta, que tambi\u00e9n es legislador nacional y tiene peso espec\u00edfico en la bancada, m\u00e1s all\u00e1 de su renuncia a la titularidad del bloque hace un a\u00f1o y medio.<\/p>\n\n\n\n<p>Al igual que con Alberto Fern\u00e1ndez, Massa, que intenta comandar las variables que agitan la crisis mientras medita sobre su propia candidatura, les transmiti\u00f3 personalmente a los principales l\u00edderes legislativos del FDT los datos que ya le hab\u00eda exhibido al Presidente sobre las delicadas proyecciones de la econom\u00eda, en medio de la&nbsp;<strong>sequ\u00eda, la lenta liquidaci\u00f3n del campo,&nbsp;<\/strong>ante falta de reservas en el Banco Central, con una inflaci\u00f3n en alza, todos indicadores que se tambalean en paralelo a la negociaci\u00f3n t\u00e9cnica con el Fondo.<\/p>\n\n\n\n<p><img decoding=\"async\" loading=\"lazy\" alt=\"La \u00faltima foto de Sergio Massa y Cristina Kirchner juntos fue en agosto. El ministro y la vicepresidenta conversan seguido, y en los \u00faltimos d\u00edas estuvieron en contacto por la profundizaci\u00f3n de la crisis cambiaria\" height=\"2133\" width=\"3200\" class=\"\" src=\"https:\/\/cloudfront-us-east-1.images.arcpublishing.com\/infobae\/S56RPLO5ZJYQDFXIE6W3VS2KY4.jpg\" srcset=\"https:\/\/www.infobae.com\/new-resizer\/pu1KLjXk3XX8o9epCENU44680Ac=\/420x280\/filters:format(webp):quality(85)\/cloudfront-us-east-1.images.arcpublishing.com\/infobae\/S56RPLO5ZJYQDFXIE6W3VS2KY4.jpg 420w,https:\/\/www.infobae.com\/new-resizer\/3aq75fRASYKqFDyw73-699ynJuM=\/768x512\/filters:format(webp):quality(85)\/cloudfront-us-east-1.images.arcpublishing.com\/infobae\/S56RPLO5ZJYQDFXIE6W3VS2KY4.jpg 768w,https:\/\/www.infobae.com\/new-resizer\/htuTxUqKxFmgDCZMO7Pckodpe5I=\/992x661\/filters:format(webp):quality(85)\/cloudfront-us-east-1.images.arcpublishing.com\/infobae\/S56RPLO5ZJYQDFXIE6W3VS2KY4.jpg 992w,https:\/\/www.infobae.com\/new-resizer\/J3YWSkMLcnaDdjT2DWb-n4G6E58=\/1200x800\/filters:format(webp):quality(85)\/cloudfront-us-east-1.images.arcpublishing.com\/infobae\/S56RPLO5ZJYQDFXIE6W3VS2KY4.jpg 1200w,https:\/\/www.infobae.com\/new-resizer\/ekF9nqMCIcItLfIWRGJyOxW9ljk=\/1440x960\/filters:format(webp):quality(85)\/cloudfront-us-east-1.images.arcpublishing.com\/infobae\/S56RPLO5ZJYQDFXIE6W3VS2KY4.jpg 1440w\">La \u00faltima foto de Sergio Massa y Cristina Kirchner juntos fue en agosto. El ministro y la vicepresidenta conversan seguido, y en los \u00faltimos d\u00edas estuvieron en contacto por la profundizaci\u00f3n de la crisis cambiaria<\/p>\n\n\n\n<p>Para los pr\u00f3ximos d\u00edas, deslizaron en el Gobierno, planean hacer nuevos anuncios econ\u00f3micos para contener la situaci\u00f3n, aunque los detalles se manten\u00edan guardados bajo llave. Antes, necesitaban calmar a los mercados con se\u00f1ales pol\u00edticas. Primero apelaron a una foto entre el jefe de Estado y el ministro de Econom\u00eda. Luego, al el corrimiento del Presidente de la competencia electoral.<\/p>\n\n\n\n<p><strong>Cristina Kirchner y Sergio Massa&nbsp;<\/strong>hablan seguido, por tel\u00e9fono y por chat de Telegram. Pero cuando se encuentran en persona, lo hacen en privado y raramente lo dejan saber. La \u00faltima foto que los exhibi\u00f3 juntos fue en agosto del a\u00f1o pasado, poco despu\u00e9s de la asunci\u00f3n del ministro de Econom\u00eda tras la salida de sus predecesores, Mart\u00edn Guzm\u00e1n y Silvina Batakis.<\/p>\n\n\n\n<p>En Econom\u00eda y en el Senado se limitan a revelar que en los \u00faltimos d\u00edas estuvieron en contacto. Y dicen que ninguno de los dos sab\u00eda que Alberto Fern\u00e1ndez se bajar\u00eda de la carrera, aunque ambos consideraban, al igual que resto, que era la decisi\u00f3n m\u00e1s apropiada para el conjunto del espacio. Hasta el inicio de la reuni\u00f3n del PJ, la vicepresidenta se hab\u00eda expedido sobre la novedad pol\u00edtica de la jornada, una de las m\u00e1s importantes del a\u00f1o electoral. Mientras que Massa la ponder\u00f3 como un aporte a \u201cla unidad\u201d. M\u00e1s all\u00e1 de las especulaciones pol\u00edticas de cara al armado de las n\u00f3minas para las PASO, la principal atenci\u00f3n est\u00e1 puesta en el impacto del apartamiento del primer mandatario en la situaci\u00f3n econ\u00f3mica que, esperan, que sea positivo.<\/p>\n\n\n\n<p>Fuente: Infobae<\/p>\n","protected":false},"excerpt":{"rendered":"<div class=\"mh-excerpt\"><p>Anoche, m\u00e1s que nunca, reinaba un clima de&nbsp;fuerte decepci\u00f3n&nbsp;en la residencia oficial de Olivos. Mientras los agentes de seguridad controlaban los ingresos y egresos de los t\u00e9cnicos de comunicaci\u00f3n de la Presidencia en inusuales horarios -el \u00faltimo se fue a las 3 de la ma\u00f1ana-, los pocos que sab\u00edan lo que estaba pasando se preguntaban sobre los motivos del apuro para grabar el spot que anunciaba la extensamente esperada decisi\u00f3n de&nbsp;Alberto Fern\u00e1ndez&nbsp;sobre su eventual reelecci\u00f3n, que termin\u00f3 declinando. Despu\u00e9s de todo, el primer mandatario&nbsp;postergaba desde hac\u00eda meses&nbsp;las definiciones sobre su futuro pol\u00edtico en el&nbsp;a\u00f1o electoral&nbsp;y en su entorno dec\u00edan, desde <a class=\"mh-excerpt-more\" href=\"http:\/\/dsrmedios.com.ar\/diario\/archivos\/31500\" title=\"La \u00faltima reuni\u00f3n con Sergio Massa en Olivos fue clave en la declinaci\u00f3n de la candidatura de Alberto Fern\u00e1ndez\">[Leer m\u00e1s]<\/a><\/p>\n<\/div>","protected":false},"author":6,"featured_media":31416,"comment_status":"open","ping_status":"closed","sticky":false,"template":"","format":"standard","meta":{"_jetpack_newsletter_access":""},"categories":[6],"tags":[],"jetpack_featured_media_url":"http:\/\/dsrmedios.com.ar\/diario\/wp-content\/uploads\/2023\/04\/CULIKXKBYJ5VYCFKH4L7XKC57Q.jpg","jetpack_sharing_enabled":true,"jetpack_shortlink":"https:\/\/wp.me\/p9fihK-8c4","_links":{"self":[{"href":"http:\/\/dsrmedios.com.ar\/diario\/wp-json\/wp\/v2\/posts\/31500"}],"collection":[{"href":"http:\/\/dsrmedios.com.ar\/diario\/wp-json\/wp\/v2\/posts"}],"about":[{"href":"http:\/\/dsrmedios.com.ar\/diario\/wp-json\/wp\/v2\/types\/post"}],"author":[{"embeddable":true,"href":"http:\/\/dsrmedios.com.ar\/diario\/wp-json\/wp\/v2\/users\/6"}],"replies":[{"embeddable":true,"href":"http:\/\/dsrmedios.com.ar\/diario\/wp-json\/wp\/v2\/comments?post=31500"}],"version-history":[{"count":1,"href":"http:\/\/dsrmedios.com.ar\/diario\/wp-json\/wp\/v2\/posts\/31500\/revisions"}],"predecessor-version":[{"id":31501,"href":"http:\/\/dsrmedios.com.ar\/diario\/wp-json\/wp\/v2\/posts\/31500\/revisions\/31501"}],"wp:featuredmedia":[{"embeddable":true,"href":"http:\/\/dsrmedios.com.ar\/diario\/wp-json\/wp\/v2\/media\/31416"}],"wp:attachment":[{"href":"http:\/\/dsrmedios.com.ar\/diario\/wp-json\/wp\/v2\/media?parent=31500"}],"wp:term":[{"taxonomy":"category","embeddable":true,"href":"http:\/\/dsrmedios.com.ar\/diario\/wp-json\/wp\/v2\/categories?post=31500"},{"taxonomy":"post_tag","embeddable":true,"href":"http:\/\/dsrmedios.com.ar\/diario\/wp-json\/wp\/v2\/tags?post=31500"}],"curies":[{"name":"wp","href":"https:\/\/api.w.org\/{rel}","templated":true}]}}