{"id":31495,"date":"2023-04-21T19:30:32","date_gmt":"2023-04-21T22:30:32","guid":{"rendered":"http:\/\/dsrmedios.com.ar\/diario\/?p=31495"},"modified":"2023-04-21T19:30:35","modified_gmt":"2023-04-21T22:30:35","slug":"la-oposicion-aseguro-que-el-anuncio-de-alberto-fernandez-es-sintoma-del-absoluto-fracaso","status":"publish","type":"post","link":"http:\/\/dsrmedios.com.ar\/diario\/archivos\/31495","title":{"rendered":"La oposici\u00f3n asegur\u00f3 que el anuncio de Alberto Fern\u00e1ndez \u00abes s\u00edntoma del absoluto fracaso\u00bb"},"content":{"rendered":"\n<p><a href=\"https:\/\/elintransigente.com\/tag\/alberto-fernandez\/\" target=\"_blank\" rel=\"noreferrer noopener\"><strong>Alberto Fern\u00e1ndez<\/strong>&nbsp;<\/a>tom\u00f3 la decisi\u00f3n de&nbsp;<strong>abandonar su carrera por la reelecci\u00f3n<\/strong>&nbsp;y gener\u00f3 un sinf\u00edn de repercusiones. La&nbsp;<strong>oposici\u00f3n<\/strong>&nbsp;no se demor\u00f3 en dar su parecer al respecto. Muchos de los dirigentes disidentes a la actual administraci\u00f3n aseguraron que se trata de una cuesti\u00f3n que ya estaba anunciada. No solo&nbsp;<strong><a href=\"https:\/\/elintransigente.com\/tag\/juntos-por-el-cambio\/\" target=\"_blank\" rel=\"noreferrer noopener\">Juntos por el Cambio<\/a><\/strong>&nbsp;aprovech\u00f3 para criticar al Presidente, sino que la&nbsp;<strong>Izquierda<\/strong>&nbsp;tambi\u00e9n lo hizo.<\/p>\n\n\n\n<p>El jefe de Estado, en medio de una interna con su propia coalici\u00f3n, anunci\u00f3 esta ma\u00f1ana que cumplir\u00e1 su mandato sin aspiraciones de ir por el segundo. Inexorablemente la pol\u00edtica se hizo eco de su posteo en cuenta de Twitter y sali\u00f3 a dar su parecer. Miembros de Juntos por el Cambio no se tardaron en replicar el comunicado de Alberto Fern\u00e1ndez.<\/p>\n\n\n\n<p><strong><a href=\"http:\/\/twitter.com\/alfredocornejo\" target=\"_blank\" rel=\"noreferrer noopener\">Alfredo Cornejo<\/a><\/strong>, uno de los referentes que tiene el radicalismo, inmediatamente despu\u00e9s de la noticia, tuite\u00f3 en su cuenta personal: \u00ab<strong>La declinaci\u00f3n de Alberto Fern\u00e1ndez es s\u00edntoma del absoluto fracaso que fue su Gobierno.<\/strong>&nbsp;Muy pronto, los argentinos tendremos un nuevo gobierno, que reconstruya la esperanza tras el desastre que est\u00e1n dejando\u00bb.<\/p>\n\n\n\n<p>Otro radical, Mario Negri, tambi\u00e9n utiliz\u00f3 la red social del pajarito para dar su punto de vista y cuestionar la administraci\u00f3n que llegar\u00e1 a su fin el 10 de diciembre: \u00ab<strong>Un Presidente acorralado por la realidad y por el partido que preside decidi\u00f3 no buscar la reelecci\u00f3n.&nbsp;<\/strong>La noticia no mueve el amper\u00edmetro porque nadie en todo el pa\u00eds crey\u00f3 por un segundo que Alberto Fern\u00e1ndez ten\u00eda una m\u00ednima oportunidad electoral. Su gobierno est\u00e1 en un tobog\u00e1n\u00bb, poste\u00f3.<\/p>\n\n\n\n<p>No s\u00f3lo la coalici\u00f3n de Juntos por el Cambio se expres\u00f3. La Izquierda, con Myriam Bregman a la cabeza, tambi\u00e9n desarrollaron sobre el tema del d\u00eda:&nbsp;<strong>\u00abAlberto Fern\u00e1ndez renuncia a su eventual candidatura despu\u00e9s de gobernar cuatro a\u00f1os con un frente que hizo m\u00e1s ricos a los ricos y m\u00e1s pobres a los que trabajan<\/strong>\u00ab, public\u00f3 en su Twitter.<\/p>\n\n\n\n<p>Nicol\u00e1s del Ca\u00f1o fue otro de los dirigentes de la izquierda que quiso dar su visi\u00f3n sobre el anuncio del Presidente: \u00ab<strong>Alberto Fern\u00e1ndez se baja de su candidatura, pero no podr\u00e1 borrar el desastre que signific\u00f3 su gobierno para la mayor\u00eda de los trabajadores.<\/strong>\u00a0Con el Frente de Todos perdieron los de abajo y ganaron los mismo de siempre. Ajustaron al pueblo y reconocieron la estafa de la deuda\u00bb, argument\u00f3.<\/p>\n\n\n\n<p>Fuente: El Intransigente<\/p>\n","protected":false},"excerpt":{"rendered":"<div class=\"mh-excerpt\"><p>Alberto Fern\u00e1ndez&nbsp;tom\u00f3 la decisi\u00f3n de&nbsp;abandonar su carrera por la reelecci\u00f3n&nbsp;y gener\u00f3 un sinf\u00edn de repercusiones. La&nbsp;oposici\u00f3n&nbsp;no se demor\u00f3 en dar su parecer al respecto. Muchos de los dirigentes disidentes a la actual administraci\u00f3n aseguraron que se trata de una cuesti\u00f3n que ya estaba anunciada. No solo&nbsp;Juntos por el Cambio&nbsp;aprovech\u00f3 para criticar al Presidente, sino que la&nbsp;Izquierda&nbsp;tambi\u00e9n lo hizo. El jefe de Estado, en medio de una interna con su propia coalici\u00f3n, anunci\u00f3 esta ma\u00f1ana que cumplir\u00e1 su mandato sin aspiraciones de ir por el segundo. Inexorablemente la pol\u00edtica se hizo eco de su posteo en cuenta de Twitter y sali\u00f3 <a class=\"mh-excerpt-more\" href=\"http:\/\/dsrmedios.com.ar\/diario\/archivos\/31495\" title=\"La oposici\u00f3n asegur\u00f3 que el anuncio de Alberto Fern\u00e1ndez \u00abes s\u00edntoma del absoluto fracaso\u00bb\">[Leer m\u00e1s]<\/a><\/p>\n<\/div>","protected":false},"author":6,"featured_media":31496,"comment_status":"open","ping_status":"closed","sticky":false,"template":"","format":"standard","meta":{"_jetpack_newsletter_access":""},"categories":[6],"tags":[],"jetpack_featured_media_url":"http:\/\/dsrmedios.com.ar\/diario\/wp-content\/uploads\/2023\/04\/images-18.jpg","jetpack_sharing_enabled":true,"jetpack_shortlink":"https:\/\/wp.me\/p9fihK-8bZ","_links":{"self":[{"href":"http:\/\/dsrmedios.com.ar\/diario\/wp-json\/wp\/v2\/posts\/31495"}],"collection":[{"href":"http:\/\/dsrmedios.com.ar\/diario\/wp-json\/wp\/v2\/posts"}],"about":[{"href":"http:\/\/dsrmedios.com.ar\/diario\/wp-json\/wp\/v2\/types\/post"}],"author":[{"embeddable":true,"href":"http:\/\/dsrmedios.com.ar\/diario\/wp-json\/wp\/v2\/users\/6"}],"replies":[{"embeddable":true,"href":"http:\/\/dsrmedios.com.ar\/diario\/wp-json\/wp\/v2\/comments?post=31495"}],"version-history":[{"count":1,"href":"http:\/\/dsrmedios.com.ar\/diario\/wp-json\/wp\/v2\/posts\/31495\/revisions"}],"predecessor-version":[{"id":31497,"href":"http:\/\/dsrmedios.com.ar\/diario\/wp-json\/wp\/v2\/posts\/31495\/revisions\/31497"}],"wp:featuredmedia":[{"embeddable":true,"href":"http:\/\/dsrmedios.com.ar\/diario\/wp-json\/wp\/v2\/media\/31496"}],"wp:attachment":[{"href":"http:\/\/dsrmedios.com.ar\/diario\/wp-json\/wp\/v2\/media?parent=31495"}],"wp:term":[{"taxonomy":"category","embeddable":true,"href":"http:\/\/dsrmedios.com.ar\/diario\/wp-json\/wp\/v2\/categories?post=31495"},{"taxonomy":"post_tag","embeddable":true,"href":"http:\/\/dsrmedios.com.ar\/diario\/wp-json\/wp\/v2\/tags?post=31495"}],"curies":[{"name":"wp","href":"https:\/\/api.w.org\/{rel}","templated":true}]}}