{"id":31493,"date":"2023-04-21T19:27:43","date_gmt":"2023-04-21T22:27:43","guid":{"rendered":"http:\/\/dsrmedios.com.ar\/diario\/?p=31493"},"modified":"2023-04-21T19:27:47","modified_gmt":"2023-04-21T22:27:47","slug":"este-gobierno-fracaso-horacio-rodriguez-larreta-apunto-contra-el-presidente-y-todo-el-oficialismo","status":"publish","type":"post","link":"http:\/\/dsrmedios.com.ar\/diario\/archivos\/31493","title":{"rendered":"\u00abEste gobierno fracas\u00f3\u00bb: Horacio Rodr\u00edguez Larreta apunt\u00f3 contra el presidente y todo el oficialismo"},"content":{"rendered":"\n<p>El jefe de Gobierno porte\u00f1o y precandidato presidencial&nbsp;<strong><a href=\"https:\/\/elintransigente.com\/tag\/horacio-rodriguez-larreta\/\" target=\"_blank\" rel=\"noreferrer noopener\">Horacio Rodr\u00edguez Larreta<\/a>&nbsp;apunt\u00f3 contra el presidente<\/strong>&nbsp;<strong><a href=\"https:\/\/elintransigente.com\/tag\/alberto-fernandez\/\" target=\"_blank\" rel=\"noreferrer noopener\">Alberto Fern\u00e1ndez<\/a><\/strong>&nbsp;al conocerse su decisi\u00f3n de bajarse de las Elecciones 2023 y, por ende, de una posible reelecci\u00f3n. Adem\u00e1s, dispar\u00f3 contra todo el oficialismo al afirmar que<strong>&nbsp;\u00abeste gobierno fracas\u00f3\u00bb<\/strong>, y agreg\u00f3 incertidumbre sobre el futuro del oficialismo en medio de las internas y la crisis econ\u00f3mica.<\/p>\n\n\n\n<p>En una conferencia de prensa en la ciudad de Rosario, cuando al alcalde porte\u00f1o le pidieron un balance sobre la renuncia de Fern\u00e1ndez a la carrera electoral, respondi\u00f3: \u00abEs una muestra m\u00e1s del fracaso de este gobierno. Este gobierno fracas\u00f3. Fracas\u00f3 el Presidente, la vicepresidenta&nbsp;<strong><a href=\"https:\/\/twitter.com\/CFKArgentina\" target=\"_blank\" rel=\"noreferrer noopener\">Cristina Kirchner<\/a><\/strong>&nbsp;y todo su equipo\u00bb. Adem\u00e1s, destac\u00f3 que la Argentina actual est\u00e1 \u201carriba del 100% de inflaci\u00f3n y arriba del 40% de pobreza\u201d.<\/p>\n\n\n\n<p>\u201cEs un pa\u00eds que no tiene reservas y donde&nbsp;la inseguridad se le est\u00e1 yendo de las manos. Bueno, ni hablar de lo que sufren los rosarinos que viven el miedo a la droga, a los carteles\u201d, mencion\u00f3 Horacio Rodr\u00edguez Larreta ante los medios rosarinos, que \u00faltimamente tambi\u00e9n fueron v\u00edctimas directas de amenazas de narcos.<\/p>\n\n\n\n<h3 id=\"h-horacio-rodriguez-larreta-ratifico-su-candidatura\">Horacio Rodr\u00edguez Larreta ratific\u00f3 su candidatura<\/h3>\n\n\n\n<p>Al respecto, aprovech\u00f3 la situaci\u00f3n para ratificar no solo su candidatura, sino sus convicciones. \u00abYo voy a sacar al pa\u00eds adelante, voy a bajar la inflaci\u00f3n. Tenemos un plan integral para eso. No hay una medida que podamos explicar en dos minutos ac\u00e1, pero s\u00ed, vamos a bajar la inflaci\u00f3n y vamos a mejorar la seguridad\u00bb, asegur\u00f3.<\/p>\n\n\n\n<p>Sobre el tema de la seguridad, el titular del Palacio Municipal puso a la Ciudad de Buenos Aires como ejemplo para anunciar que los \u00edndices negativos bajaron. \u00abEn la Ciudad de Buenos Aires mejoramos la seguridad. Eso no significa que haya que venir ac\u00e1 a copiar exactamente, o que yo voy a venir ac\u00e1 a decirles qu\u00e9 tienen que hacer. Pero s\u00ed, tenemos una experiencia construida en la seguridad, donde los resultados son contundentes. Obviamente, el delito nunca es cero, pero la baja est\u00e1 en las estad\u00edsticas\u00bb, indic\u00f3.<\/p>\n\n\n\n<p>En otra parte de la conferencia, Rodr\u00edguez Larreta dese\u00f3 que el jefe de Estado \u00abpueda llegar al final de la mejor manera\u201d, pero no se mostr\u00f3 muy optimista. Por ello, record\u00f3, a modo de llamado de atenci\u00f3n, que Fern\u00e1ndez \u00abgobierna hasta el 10 de diciembre\u00bb.<\/p>\n\n\n\n<p>FUENTE: EL INTRANSIGENTE<\/p>\n","protected":false},"excerpt":{"rendered":"<div class=\"mh-excerpt\"><p>El jefe de Gobierno porte\u00f1o y precandidato presidencial&nbsp;Horacio Rodr\u00edguez Larreta&nbsp;apunt\u00f3 contra el presidente&nbsp;Alberto Fern\u00e1ndez&nbsp;al conocerse su decisi\u00f3n de bajarse de las Elecciones 2023 y, por ende, de una posible reelecci\u00f3n. Adem\u00e1s, dispar\u00f3 contra todo el oficialismo al afirmar que&nbsp;\u00abeste gobierno fracas\u00f3\u00bb, y agreg\u00f3 incertidumbre sobre el futuro del oficialismo en medio de las internas y la crisis econ\u00f3mica. En una conferencia de prensa en la ciudad de Rosario, cuando al alcalde porte\u00f1o le pidieron un balance sobre la renuncia de Fern\u00e1ndez a la carrera electoral, respondi\u00f3: \u00abEs una muestra m\u00e1s del fracaso de este gobierno. Este gobierno fracas\u00f3. Fracas\u00f3 el <a class=\"mh-excerpt-more\" href=\"http:\/\/dsrmedios.com.ar\/diario\/archivos\/31493\" title=\"\u00abEste gobierno fracas\u00f3\u00bb: Horacio Rodr\u00edguez Larreta apunt\u00f3 contra el presidente y todo el oficialismo\">[Leer m\u00e1s]<\/a><\/p>\n<\/div>","protected":false},"author":6,"featured_media":30592,"comment_status":"open","ping_status":"closed","sticky":false,"template":"","format":"standard","meta":{"_jetpack_newsletter_access":""},"categories":[6],"tags":[],"jetpack_featured_media_url":"http:\/\/dsrmedios.com.ar\/diario\/wp-content\/uploads\/2023\/04\/larreta.png","jetpack_sharing_enabled":true,"jetpack_shortlink":"https:\/\/wp.me\/p9fihK-8bX","_links":{"self":[{"href":"http:\/\/dsrmedios.com.ar\/diario\/wp-json\/wp\/v2\/posts\/31493"}],"collection":[{"href":"http:\/\/dsrmedios.com.ar\/diario\/wp-json\/wp\/v2\/posts"}],"about":[{"href":"http:\/\/dsrmedios.com.ar\/diario\/wp-json\/wp\/v2\/types\/post"}],"author":[{"embeddable":true,"href":"http:\/\/dsrmedios.com.ar\/diario\/wp-json\/wp\/v2\/users\/6"}],"replies":[{"embeddable":true,"href":"http:\/\/dsrmedios.com.ar\/diario\/wp-json\/wp\/v2\/comments?post=31493"}],"version-history":[{"count":1,"href":"http:\/\/dsrmedios.com.ar\/diario\/wp-json\/wp\/v2\/posts\/31493\/revisions"}],"predecessor-version":[{"id":31494,"href":"http:\/\/dsrmedios.com.ar\/diario\/wp-json\/wp\/v2\/posts\/31493\/revisions\/31494"}],"wp:featuredmedia":[{"embeddable":true,"href":"http:\/\/dsrmedios.com.ar\/diario\/wp-json\/wp\/v2\/media\/30592"}],"wp:attachment":[{"href":"http:\/\/dsrmedios.com.ar\/diario\/wp-json\/wp\/v2\/media?parent=31493"}],"wp:term":[{"taxonomy":"category","embeddable":true,"href":"http:\/\/dsrmedios.com.ar\/diario\/wp-json\/wp\/v2\/categories?post=31493"},{"taxonomy":"post_tag","embeddable":true,"href":"http:\/\/dsrmedios.com.ar\/diario\/wp-json\/wp\/v2\/tags?post=31493"}],"curies":[{"name":"wp","href":"https:\/\/api.w.org\/{rel}","templated":true}]}}