{"id":31485,"date":"2023-04-21T19:14:10","date_gmt":"2023-04-21T22:14:10","guid":{"rendered":"http:\/\/dsrmedios.com.ar\/diario\/?p=31485"},"modified":"2023-04-21T19:14:12","modified_gmt":"2023-04-21T22:14:12","slug":"paritarias-bonaerenses-ahora-los-gremios-docentes-presionan-con-la-clausula-de-revision","status":"publish","type":"post","link":"http:\/\/dsrmedios.com.ar\/diario\/archivos\/31485","title":{"rendered":"Paritarias bonaerenses: Ahora los gremios docentes presionan con la cl\u00e1usula de revisi\u00f3n"},"content":{"rendered":"\n<p>El&nbsp;<strong>Frente de Unidad Docente bonaerense (FUDB)&nbsp;<\/strong>pidi\u00f3 a la gesti\u00f3n de Axel Kicillof que active la cl\u00e1usula de revisi\u00f3n y monitoreo para renegociar la paritaria salarial, en medio del&nbsp;<a href=\"https:\/\/infocielo.com\/inflacion\/la-inflacion-marzo-alcanzo-el-77-n760485\" target=\"_blank\" rel=\"noreferrer noopener\">cimbronazo provocado por el aumento de la inflaci\u00f3n&nbsp;<\/a>en un 7,7% durante marzo,<\/p>\n\n\n\n<p>La nota que se suma a los pedidos de gremios estatales fue elevada este jueves al ministro de Trabajo bonaerense Walter Correa en&nbsp;<strong>\u201ccar\u00e1cter de urgente\u201d.<\/strong><\/p>\n\n\n\n<p><\/p>\n\n\n\n<p>Los maestros piden hacer valer cl\u00e1usula de seguimiento y revisi\u00f3n del acuerdo salarial de febrero 2023 para esta primera mitad del a\u00f1o producto del \u201cfuerte incremento de precios\u201d que \u201cest\u00e1 impactando con dureza en el poder adquisitivo de los trabajadores y las trabajadoras docentes\u201d.<\/p>\n\n\n\n<p>Cabe recordar que la&nbsp;<a href=\"https:\/\/infocielo.com\/paritarias\/paritarias-gremios-docentes-aceptaron-la-oferta-la-provincia-n757019\" target=\"_blank\" rel=\"noreferrer noopener\">oferta aceptada por los docentes a fines de febrero<\/a>&nbsp;se compon\u00eda de la siguiente manera: 40% a abonarse&nbsp;<strong>18% en marzo, 10% en mayo y 12% en julio m\u00e1s una cl\u00e1usula de revisi\u00f3n durante el primer semestre del a\u00f1o<\/strong>.<\/p>\n\n\n\n<p><strong>La carta que pide activar la negociaci\u00f3n lleva las firmas de los gremios Suteba, Udocba, Amet, Feb y Sadop y apunta a la \u201cnecesaria recuperaci\u00f3n del poder adquisitivo de los y las docentes bonaerenses\u201d.<\/strong><\/p>\n\n\n\n<h2>Paritarias: Los pedidos de estatales y judiciales picaron en punta<\/h2>\n\n\n\n<p>Previo al pedido de los docentes, ya se hab\u00edan manifestado en igual sentido los gremios estatales ATE, UPCN, FEGEPPBA y los judiciales de la AJB<\/p>\n\n\n\n<p>De manera simult\u00e1nea, los gremios estatales&nbsp;<strong>ATE<\/strong>&nbsp;y&nbsp;<strong>UPCN<\/strong>&nbsp;demandaron a la provincia una&nbsp;<a href=\"https:\/\/infocielo.com\/paritaria\/mas-gremios-le-reclaman-axel-kicillof-que-reabra-las-paritarias-n760620\" target=\"_blank\" rel=\"noreferrer noopener\">urgente convocatoria<\/a>&nbsp;a las mesa de discusi\u00f3n salarial.<\/p>\n\n\n\n<p>Con una nota dirigida al ministro de Trabajo bonaerense, Walter Correa, ATE explic\u00f3 que el pedido se fundamenta en que \u201clas variables de proyecci\u00f3n inflacionaria que sirvieron de base del acuerdo no coincidieron con la escalada inflacionaria en la cual est\u00e1 inmerso nuestro pa\u00eds\u201d y pidi\u00f3 por una \u201cparitaria viva y abierta\u201d.<\/p>\n\n\n\n<p>En la misma direcci\u00f3n se expres\u00f3 UPCN. El sindicato que lidera, Fabiola Mosquera, cercano al gobierno bonaerense, explic\u00f3 que el \u00edndice inflacionario registrado en el primer trimestre del a\u00f1o supera el incremento acordado en acta paritaria.<\/p>\n\n\n\n<p>Antes, la&nbsp;<strong>Federaci\u00f3n de Gremios Estatales y Particulares de la provincia de Buenos Aires (FEGEPPBA)<\/strong>&nbsp;<a href=\"https:\/\/infocielo.com\/paritaria\/paritaria-un-gremio-le-reclama-kicillof-volver-discutir-los-sueldos-n760293\" target=\"_blank\" rel=\"noreferrer noopener\">ya hab\u00eda marcado el terreno<\/a>: le record\u00f3 a la Provincia la cl\u00e1usula de revisi\u00f3n, monitoreo y seguimiento negociada en el marco del aumento pautado, con el objetivo de que sean nuevamente convocados a discutir los salarios.<\/p>\n\n\n\n<p>Finalmente tambi\u00e9n hicieron el&nbsp;<a href=\"https:\/\/infocielo.com\/paritaria\/paritarias-judiciales-tambien-le-piden-rediscutir-sueldos-la-provincia--n760743\" target=\"_blank\" rel=\"noreferrer noopener\">reclamo los judiciales<\/a>: \u201cRealizamos este pedido al Ministro ya que estamos frente a una preocupante escalada inflacionaria, que de no ser atendida har\u00e1 que las y los trabajadores pierdan poder adquisitivo\u201d.<\/p>\n\n\n\n<p>Con la amplia solicitud gremial y\u00a0<a rel=\"noreferrer noopener\" href=\"https:\/\/infocielo.com\/paritarias\/paritarias-la-provincia-y-los-gremios-dieron-el-primer-paso-la-renegociacion-n761012\" target=\"_blank\">algunos movimientos iniciales<\/a>, se espera que la Provincia de Buenos Aires agilice las negociaciones en los pr\u00f3ximos d\u00edas.<\/p>\n\n\n\n<p>Fuente: Infocielo<\/p>\n","protected":false},"excerpt":{"rendered":"<div class=\"mh-excerpt\"><p>El&nbsp;Frente de Unidad Docente bonaerense (FUDB)&nbsp;pidi\u00f3 a la gesti\u00f3n de Axel Kicillof que active la cl\u00e1usula de revisi\u00f3n y monitoreo para renegociar la paritaria salarial, en medio del&nbsp;cimbronazo provocado por el aumento de la inflaci\u00f3n&nbsp;en un 7,7% durante marzo, La nota que se suma a los pedidos de gremios estatales fue elevada este jueves al ministro de Trabajo bonaerense Walter Correa en&nbsp;\u201ccar\u00e1cter de urgente\u201d. Los maestros piden hacer valer cl\u00e1usula de seguimiento y revisi\u00f3n del acuerdo salarial de febrero 2023 para esta primera mitad del a\u00f1o producto del \u201cfuerte incremento de precios\u201d que \u201cest\u00e1 impactando con dureza en el poder <a class=\"mh-excerpt-more\" href=\"http:\/\/dsrmedios.com.ar\/diario\/archivos\/31485\" title=\"Paritarias bonaerenses: Ahora los gremios docentes presionan con la cl\u00e1usula de revisi\u00f3n\">[Leer m\u00e1s]<\/a><\/p>\n<\/div>","protected":false},"author":6,"featured_media":31486,"comment_status":"open","ping_status":"closed","sticky":false,"template":"","format":"standard","meta":{"_jetpack_newsletter_access":""},"categories":[6],"tags":[],"jetpack_featured_media_url":"http:\/\/dsrmedios.com.ar\/diario\/wp-content\/uploads\/2023\/04\/paritaria-docente_crop1677167384152_crop1677167409325.jpg_1921028337.webp","jetpack_sharing_enabled":true,"jetpack_shortlink":"https:\/\/wp.me\/p9fihK-8bP","_links":{"self":[{"href":"http:\/\/dsrmedios.com.ar\/diario\/wp-json\/wp\/v2\/posts\/31485"}],"collection":[{"href":"http:\/\/dsrmedios.com.ar\/diario\/wp-json\/wp\/v2\/posts"}],"about":[{"href":"http:\/\/dsrmedios.com.ar\/diario\/wp-json\/wp\/v2\/types\/post"}],"author":[{"embeddable":true,"href":"http:\/\/dsrmedios.com.ar\/diario\/wp-json\/wp\/v2\/users\/6"}],"replies":[{"embeddable":true,"href":"http:\/\/dsrmedios.com.ar\/diario\/wp-json\/wp\/v2\/comments?post=31485"}],"version-history":[{"count":1,"href":"http:\/\/dsrmedios.com.ar\/diario\/wp-json\/wp\/v2\/posts\/31485\/revisions"}],"predecessor-version":[{"id":31487,"href":"http:\/\/dsrmedios.com.ar\/diario\/wp-json\/wp\/v2\/posts\/31485\/revisions\/31487"}],"wp:featuredmedia":[{"embeddable":true,"href":"http:\/\/dsrmedios.com.ar\/diario\/wp-json\/wp\/v2\/media\/31486"}],"wp:attachment":[{"href":"http:\/\/dsrmedios.com.ar\/diario\/wp-json\/wp\/v2\/media?parent=31485"}],"wp:term":[{"taxonomy":"category","embeddable":true,"href":"http:\/\/dsrmedios.com.ar\/diario\/wp-json\/wp\/v2\/categories?post=31485"},{"taxonomy":"post_tag","embeddable":true,"href":"http:\/\/dsrmedios.com.ar\/diario\/wp-json\/wp\/v2\/tags?post=31485"}],"curies":[{"name":"wp","href":"https:\/\/api.w.org\/{rel}","templated":true}]}}