{"id":31474,"date":"2023-04-21T19:05:16","date_gmt":"2023-04-21T22:05:16","guid":{"rendered":"http:\/\/dsrmedios.com.ar\/diario\/?p=31474"},"modified":"2023-04-21T19:05:20","modified_gmt":"2023-04-21T22:05:20","slug":"la-gestion-economica-de-fernandez-el-aumento-de-la-inflacion-pobreza-y-deuda-que-no-acompanaron-una-eventual-reeleccion","status":"publish","type":"post","link":"http:\/\/dsrmedios.com.ar\/diario\/archivos\/31474","title":{"rendered":"La gesti\u00f3n econ\u00f3mica de Fern\u00e1ndez: el aumento de la inflaci\u00f3n, pobreza y deuda que no acompa\u00f1aron una eventual reelecci\u00f3n"},"content":{"rendered":"\n<p>El presidente<strong>&nbsp;Alberto Fern\u00e1ndez&nbsp;<\/strong>terminar\u00e1 su mandato con un r\u00e9cord de inflaci\u00f3n, pobreza y aumento nominal de la deuda p\u00fablica, entre otros indicadores negativos.<\/p>\n\n\n\n<p>El \u00faltimo empuj\u00f3n para \u201cbajarse\u201d de la reelecci\u00f3n puede haber sido la reciente corrida cambiaria \u2013acompa\u00f1ada con goteo de dep\u00f3sitos en d\u00f3lares\u2013 y las escasas perspectivas de mejora. Adem\u00e1s, todos los pron\u00f3sticos, desde el Ministerio de Econom\u00eda hasta el analista m\u00e1s cr\u00edtico, marcan que la situaci\u00f3n podr\u00eda empeorar antes de mejorar.<\/p>\n\n\n\n<p>Mientras tanto, desde diciembre de 2019 la inflaci\u00f3n acumul\u00f3 un 400%, por encima de los per\u00edodos de<strong>&nbsp;N\u00e9stor Kirchner, Cristina Kirchner<\/strong>&nbsp;y<strong>&nbsp;Mauricio Macri.<\/strong><\/p>\n\n\n\n<p>No es dif\u00edcil entender por qu\u00e9, tanto en la calle como en el debate de los economistas, se vuelva a hablar de una situaci\u00f3n parecida a las postrimer\u00edas del gobierno de&nbsp;<strong>Ra\u00fal Alfons\u00edn<\/strong>, pese a que el mundo es otro porque \u2013salvo la situaci\u00f3n transitoria de la pandemia y la guerra en Ucrania\u2013 ya se super\u00f3 el problema global de la inflaci\u00f3n y la Argentina no. En la regi\u00f3n, solo Venezuela tiene un \u00edndice de precios al consumidor (IPC) mayor que el del Indec.<\/p>\n\n\n\n<p>Y al 104% del IPC del \u00faltimo a\u00f1o hay que sumarle un tipo de cambio oficial y tarifas atrasadas, adem\u00e1s de varios precios minoristas \u201cpisados\u201d. La experiencia hist\u00f3rica de levantamiento de la represi\u00f3n de los precios, desde los 70 en adelante, nunca ha mostrado un final feliz.<\/p>\n\n\n\n<p>Los datos de pobreza son el fiel correlato de este fracaso, del que ning\u00fan ministro puede quedar exento. A fines del 2019, alcanzaba al 35,5% de la poblaci\u00f3n y, tres a\u00f1os m\u00e1s tarde, toc\u00f3 el 39,2%; expertos como&nbsp;<strong>Mart\u00edn Gonz\u00e1lez Rozada, Leopoldo Tornarolli&nbsp;<\/strong>y<strong>&nbsp;Agust\u00edn Salvia<\/strong>&nbsp;estiman que este gobierno llegar\u00e1 a diciembre con un pico del 42 por ciento. Los datos de la canasta b\u00e1sica total, que aument\u00f3 el 120% el \u00faltimo a\u00f1o, anticipan que esa previsi\u00f3n no resultar\u00eda desacertada.<\/p>\n\n\n\n<p><img decoding=\"async\" loading=\"lazy\" alt=\"La pobreza aument\u00f3 en la Argentina \" height=\"4077\" width=\"6116\" class=\"\" src=\"https:\/\/cloudfront-us-east-1.images.arcpublishing.com\/infobae\/H4H4R2NDOXHI332ECZT364CNEQ.jpg\" srcset=\"https:\/\/www.infobae.com\/new-resizer\/gFrUZAB7mPCmMewIFUtpFbH9iZs=\/420x280\/filters:format(webp):quality(85)\/cloudfront-us-east-1.images.arcpublishing.com\/infobae\/H4H4R2NDOXHI332ECZT364CNEQ.jpg 420w,https:\/\/www.infobae.com\/new-resizer\/w3Wx2IYWJPm7UoAJNnwx92Acfao=\/768x512\/filters:format(webp):quality(85)\/cloudfront-us-east-1.images.arcpublishing.com\/infobae\/H4H4R2NDOXHI332ECZT364CNEQ.jpg 768w,https:\/\/www.infobae.com\/new-resizer\/Pwg6XN9ALJfwvclbunPaKcj1Uxs=\/992x661\/filters:format(webp):quality(85)\/cloudfront-us-east-1.images.arcpublishing.com\/infobae\/H4H4R2NDOXHI332ECZT364CNEQ.jpg 992w,https:\/\/www.infobae.com\/new-resizer\/69iiD-oVZIBcJFWBOvBN9-7aTG8=\/1200x800\/filters:format(webp):quality(85)\/cloudfront-us-east-1.images.arcpublishing.com\/infobae\/H4H4R2NDOXHI332ECZT364CNEQ.jpg 1200w,https:\/\/www.infobae.com\/new-resizer\/q-O593s4_R_AODqWXOaxOHhIThY=\/1440x960\/filters:format(webp):quality(85)\/cloudfront-us-east-1.images.arcpublishing.com\/infobae\/H4H4R2NDOXHI332ECZT364CNEQ.jpg 1440w\">La pobreza aument\u00f3 en la Argentina<\/p>\n\n\n\n<p>Y aunque el Gobierno saque a relucir que el PBI creci\u00f3 2 a\u00f1os consecutivos y que el desempleo abierto cay\u00f3 en 2022, este aumento de la pobreza \u2013dato atenuado por los planes sociales- muestra con nitidez que un r\u00e9gimen de alta inflaci\u00f3n cr\u00f3nica destroza cualquier otro logro.<\/p>\n\n\n\n<p>Tornarolli aclara que la decadencia es, claro est\u00e1, m\u00e1s larga. \u201cEn 2011 \u00e9ramos el pa\u00eds con el PBI per c\u00e1pita m\u00e1s alto de Am\u00e9rica latina, en 2021 somos el quinto pa\u00eds en ese ranking\u201d, precis\u00f3. Desde entonces, el Estado pas\u00f3 de gozar un super\u00e1vit primario del 0,2% (hab\u00eda sido del 2,9% en 2007) a contar un d\u00e9ficit del 2,4% en 2022. Una tendencia similar se observa en el resultado fiscal con pago de la deuda incluido, que pas\u00f3 de un d\u00e9ficit del -1,4% en 2011 (tras un super\u00e1vit del 1% en 2007) a un rojo del 4,2% el a\u00f1o pasado.<\/p>\n\n\n\n<p>En este contexto, el stock de deuda p\u00fablica en marzo lleg\u00f3 a otro triste r\u00e9cord nominal: USD 397.788 millones, frente a USD 240.655 millones de fines del 2015 y a USD 323.065 millones de fines del 2019, aunque baj\u00f3 como porcentaje del PBI del 90 al 85 por ciento desde el cambio de gobierno.<\/p>\n\n\n\n<p>Claro est\u00e1 que hace 3 a\u00f1os hab\u00eda margen para una reestructuraci\u00f3n m\u00e1s inteligente de la deuda con el Fondo Monetario Internacional (FMI), que ped\u00eda a gritos un plan econ\u00f3mico serio para aportar m\u00e1s recursos al pa\u00eds, pero la demora en negociar un acuerdo (m\u00e1s de 2 a\u00f1os), elimin\u00f3 esa chance.<\/p>\n\n\n\n<p><img decoding=\"async\" loading=\"lazy\" alt=\"Mart\u00edn Guzm\u00e1n, Cristina Kirchner y Alberto Fern\u00e1ndez\nReuters\" height=\"2916\" width=\"5185\" class=\"\" src=\"https:\/\/cloudfront-us-east-1.images.arcpublishing.com\/infobae\/W3DS6KMDEJDOPDB6N6RXU4SKYA\" srcset=\"https:\/\/www.infobae.com\/new-resizer\/N60CKUJ0jZLLdJvDrr3_iUw6Hfs=\/420x236\/filters:format(webp):quality(85)\/cloudfront-us-east-1.images.arcpublishing.com\/infobae\/W3DS6KMDEJDOPDB6N6RXU4SKYA 420w,https:\/\/www.infobae.com\/new-resizer\/Eueo5AC5ogz8jPH09U5Pdy6XrBc=\/768x432\/filters:format(webp):quality(85)\/cloudfront-us-east-1.images.arcpublishing.com\/infobae\/W3DS6KMDEJDOPDB6N6RXU4SKYA 768w,https:\/\/www.infobae.com\/new-resizer\/7BXOSzG-_LpzRfkVd5zjShEQqgg=\/992x558\/filters:format(webp):quality(85)\/cloudfront-us-east-1.images.arcpublishing.com\/infobae\/W3DS6KMDEJDOPDB6N6RXU4SKYA 992w,https:\/\/www.infobae.com\/new-resizer\/slkOFQnhrYeeboYKtIHTVh75rHk=\/1200x675\/filters:format(webp):quality(85)\/cloudfront-us-east-1.images.arcpublishing.com\/infobae\/W3DS6KMDEJDOPDB6N6RXU4SKYA 1200w,https:\/\/www.infobae.com\/new-resizer\/bQKlXn9rY7AZfqirxOy6j04LaPY=\/1440x810\/filters:format(webp):quality(85)\/cloudfront-us-east-1.images.arcpublishing.com\/infobae\/W3DS6KMDEJDOPDB6N6RXU4SKYA 1440w\">Mart\u00edn Guzm\u00e1n, Cristina Kirchner y Alberto Fern\u00e1ndez Reuters<\/p>\n\n\n\n<p>De igual modo, la renegociaci\u00f3n con los acreedores privados del 2020, aunque logr\u00f3 una alta aceptaci\u00f3n, no le permiti\u00f3 al pa\u00eds ni volver a los mercados externos ni ampliar sus posibilidades de financiamiento en pesos. Al punto tal de que desde hace un a\u00f1o cada vencimiento de deuda local se ha transformado en un motivo de preocupaci\u00f3n para el equipo econ\u00f3mico y para el mercado.<\/p>\n\n\n\n<p>As\u00ed, la deuda crece d\u00eda a d\u00eda pero el Gobierno no se puede endeudar.<\/p>\n\n\n\n<p>En julio de 2022, cuando la tensi\u00f3n entre la vicepresidenta<strong>&nbsp;Cristina Kirchner<\/strong>&nbsp;y&nbsp;<strong>Alberto Fern\u00e1ndez<\/strong>&nbsp;lleg\u00f3 a su punto m\u00e1s explosivo,&nbsp;<strong>Mart\u00edn Guzm\u00e1n&nbsp;<\/strong>dej\u00f3 su cargo sin haber resuelto ning\u00fan problema estructural. Desde entonces, tras el breve e inentendible interinato de<strong>&nbsp;Silvina Batakis, Sergio Massa<\/strong>&nbsp;asumi\u00f3 la conducci\u00f3n del Palacio de Hacienda.<\/p>\n\n\n\n<p>Los datos marcan que el pa\u00eds creci\u00f3 5,2% en 2022 y que este a\u00f1o caer\u00e1 cerca del 2,5% seg\u00fan la CEPAL; que la inflaci\u00f3n fue del 95% y que este a\u00f1o superar\u00e1 tranquilamente el 100% (110% para el REM, 130% para FIEL) y que la brecha cambiaria no se achic\u00f3.<\/p>\n\n\n\n<p>Y, seg\u00fan los economistas cr\u00edticos, que no solo no se resolvieron las asignaturas pendientes sino que todas las medidas adoptadas por el Ministerio de Econom\u00eda tendieron a \u201cpatear\u201d los problemas, a trav\u00e9s de reg\u00edmenes cambiarios transitorios y diversas operaciones financieras que ser\u00e1n una pesada herencia para el pr\u00f3ximo gobierno.<\/p>\n\n\n\n<h2>La carrera presidencial<\/h2>\n\n\n\n<p>El equipo econ\u00f3mico sostiene, por el contrario, que la din\u00e1mica de una potencial hiperinflaci\u00f3n estaba lanzada cuando asumi\u00f3 y que lograron controlarla. Que mejoraron el v\u00ednculo con EEUU y con el FMI, al punto tal que, cada vez que cada vez que el pa\u00eds incumple una meta del acuerdo \u2013la m\u00e1s reciente fue la fiscal, la anterior la de reservas\u2013 el organismo que conduce&nbsp;<strong>Kristalina Georgieva&nbsp;<\/strong>mira para otro lado y solo reza para que llegue el 10 de diciembre.<\/p>\n\n\n\n<p><img decoding=\"async\" loading=\"lazy\" alt=\"Kristalina Georgieva y Massa\" height=\"576\" width=\"1024\" class=\"\" src=\"https:\/\/cloudfront-us-east-1.images.arcpublishing.com\/infobae\/I2CYIXFMQNASHER2DVVZP6BCOQ.png\" srcset=\"https:\/\/www.infobae.com\/new-resizer\/nzWxYUiUDHvL8NS2bc20Bh3Q28s=\/420x236\/filters:format(webp):quality(85)\/cloudfront-us-east-1.images.arcpublishing.com\/infobae\/I2CYIXFMQNASHER2DVVZP6BCOQ.png 420w,https:\/\/www.infobae.com\/new-resizer\/hwpsb1WIX5VDuwSyEp-j0Eh8aaM=\/768x432\/filters:format(webp):quality(85)\/cloudfront-us-east-1.images.arcpublishing.com\/infobae\/I2CYIXFMQNASHER2DVVZP6BCOQ.png 768w,https:\/\/www.infobae.com\/new-resizer\/wyuMBAlEX7b2u148a8_MQWKVQx8=\/992x558\/filters:format(webp):quality(85)\/cloudfront-us-east-1.images.arcpublishing.com\/infobae\/I2CYIXFMQNASHER2DVVZP6BCOQ.png 992w,https:\/\/www.infobae.com\/new-resizer\/kGN3BRnFOk_gNMDF2iMRkxfLFA0=\/1200x675\/filters:format(webp):quality(85)\/cloudfront-us-east-1.images.arcpublishing.com\/infobae\/I2CYIXFMQNASHER2DVVZP6BCOQ.png 1200w,https:\/\/www.infobae.com\/new-resizer\/6AHu8TGC6hH_IGOHNCqn96szn6o=\/1440x810\/filters:format(webp):quality(85)\/cloudfront-us-east-1.images.arcpublishing.com\/infobae\/I2CYIXFMQNASHER2DVVZP6BCOQ.png 1440w\">Kristalina Georgieva y Massa<\/p>\n\n\n\n<p>Esta ma\u00f1ana, despu\u00e9s de ver el video de \u201crenunciamiento\u201d de<strong>&nbsp;Alberto Fern\u00e1ndez<\/strong>, en el equipo de colaboradores de Massa hab\u00eda alivio. Creen que el ministro puede ser el mejor candidato presidencial del oficialismo y que, aunque no gane, quede posicionado por su edad como el principal l\u00edder de una eventual oposici\u00f3n para competir en 2027. De todos modos, aunque el escenario electoral aparezca l\u00f3gicamente complicado, creen que \u201cSergio es el mejor candidato para una segunda vuelta\u201d, sobre todo si enfrente est\u00e1&nbsp;<strong>Patricia Bullrich.<\/strong>&nbsp;Una competencia con&nbsp;<strong>Horacio Rodr\u00edguez Larreta,<\/strong>&nbsp;admiten, ser\u00eda m\u00e1s compleja.<\/p>\n\n\n\n<p>Y, claro est\u00e1, con un rol de Cristina que \u201cla tenga afuera de la f\u00f3rmula presidencial como para no espantar a los indecisos, pero adentro del proyecto para asegurar el voto duro del kirchnerismo\u201d.<\/p>\n\n\n\n<p>Adem\u00e1s, afirman que, para EEUU, \u00e9l constituye la mejor garant\u00eda de una transici\u00f3n ordenada, que podr\u00eda acceder a que el FMI reformule el esquema de vencimientos de este a\u00f1o y permita aumentar el stock de reservas del BCRA con unos USD 10.000 millones de \u201cayuda\u201d. \u00bfLlegar\u00e1 hasta ese punto la tolerancia financiera del G7?<\/p>\n\n\n\n<p>De todos modos, el partido, claro est\u00e1, todav\u00eda debe jugarse d\u00eda a d\u00eda, admit\u00edan hoy cerca de Massa, mientras ve\u00edan que, pese a la suba de tasas de ayer del BCRA, aumentaban las cotizaciones alternativas del d\u00f3lar y esperaban a que la liquidaci\u00f3n del agro empiece a repuntar. Rezan para que el presidente \u201cno haga da\u00f1o con declaraciones o jugadas\u201d contrarias a conseguir un puente financiero.<\/p>\n\n\n\n<p>Paradojas del destino, un movimiento pol\u00edtico que ha mantenido como eje central de su discurso una ret\u00f3rica agresiva desde 2003 hacia los acreedores externos y hacia el campo, aunque sus medidas indiquen lo contrario, ahora depender\u00e1 tanto del FMI como de los grandes exportadores de soja para llegar a buen puerto en diciembre con la menor cantidad de sobresaltos posibles.<\/p>\n\n\n\n<p>Fuente: Infobae<\/p>\n","protected":false},"excerpt":{"rendered":"<div class=\"mh-excerpt\"><p>El presidente&nbsp;Alberto Fern\u00e1ndez&nbsp;terminar\u00e1 su mandato con un r\u00e9cord de inflaci\u00f3n, pobreza y aumento nominal de la deuda p\u00fablica, entre otros indicadores negativos. El \u00faltimo empuj\u00f3n para \u201cbajarse\u201d de la reelecci\u00f3n puede haber sido la reciente corrida cambiaria \u2013acompa\u00f1ada con goteo de dep\u00f3sitos en d\u00f3lares\u2013 y las escasas perspectivas de mejora. Adem\u00e1s, todos los pron\u00f3sticos, desde el Ministerio de Econom\u00eda hasta el analista m\u00e1s cr\u00edtico, marcan que la situaci\u00f3n podr\u00eda empeorar antes de mejorar. Mientras tanto, desde diciembre de 2019 la inflaci\u00f3n acumul\u00f3 un 400%, por encima de los per\u00edodos de&nbsp;N\u00e9stor Kirchner, Cristina Kirchner&nbsp;y&nbsp;Mauricio Macri. No es dif\u00edcil entender por qu\u00e9, <a class=\"mh-excerpt-more\" href=\"http:\/\/dsrmedios.com.ar\/diario\/archivos\/31474\" title=\"La gesti\u00f3n econ\u00f3mica de Fern\u00e1ndez: el aumento de la inflaci\u00f3n, pobreza y deuda que no acompa\u00f1aron una eventual reelecci\u00f3n\">[Leer m\u00e1s]<\/a><\/p>\n<\/div>","protected":false},"author":6,"featured_media":1045,"comment_status":"open","ping_status":"closed","sticky":false,"template":"","format":"standard","meta":{"_jetpack_newsletter_access":""},"categories":[6],"tags":[],"jetpack_featured_media_url":"http:\/\/dsrmedios.com.ar\/diario\/wp-content\/uploads\/2017\/09\/pobrezaaa.jpg","jetpack_sharing_enabled":true,"jetpack_shortlink":"https:\/\/wp.me\/p9fihK-8bE","_links":{"self":[{"href":"http:\/\/dsrmedios.com.ar\/diario\/wp-json\/wp\/v2\/posts\/31474"}],"collection":[{"href":"http:\/\/dsrmedios.com.ar\/diario\/wp-json\/wp\/v2\/posts"}],"about":[{"href":"http:\/\/dsrmedios.com.ar\/diario\/wp-json\/wp\/v2\/types\/post"}],"author":[{"embeddable":true,"href":"http:\/\/dsrmedios.com.ar\/diario\/wp-json\/wp\/v2\/users\/6"}],"replies":[{"embeddable":true,"href":"http:\/\/dsrmedios.com.ar\/diario\/wp-json\/wp\/v2\/comments?post=31474"}],"version-history":[{"count":1,"href":"http:\/\/dsrmedios.com.ar\/diario\/wp-json\/wp\/v2\/posts\/31474\/revisions"}],"predecessor-version":[{"id":31475,"href":"http:\/\/dsrmedios.com.ar\/diario\/wp-json\/wp\/v2\/posts\/31474\/revisions\/31475"}],"wp:featuredmedia":[{"embeddable":true,"href":"http:\/\/dsrmedios.com.ar\/diario\/wp-json\/wp\/v2\/media\/1045"}],"wp:attachment":[{"href":"http:\/\/dsrmedios.com.ar\/diario\/wp-json\/wp\/v2\/media?parent=31474"}],"wp:term":[{"taxonomy":"category","embeddable":true,"href":"http:\/\/dsrmedios.com.ar\/diario\/wp-json\/wp\/v2\/categories?post=31474"},{"taxonomy":"post_tag","embeddable":true,"href":"http:\/\/dsrmedios.com.ar\/diario\/wp-json\/wp\/v2\/tags?post=31474"}],"curies":[{"name":"wp","href":"https:\/\/api.w.org\/{rel}","templated":true}]}}