{"id":31472,"date":"2023-04-21T19:03:21","date_gmt":"2023-04-21T22:03:21","guid":{"rendered":"http:\/\/dsrmedios.com.ar\/diario\/?p=31472"},"modified":"2023-04-21T19:03:24","modified_gmt":"2023-04-21T22:03:24","slug":"los-seis-presidentes-que-estuvieron-frente-a-una-reeleccion-historias-de-triunfos-derrotas-y-renuncias","status":"publish","type":"post","link":"http:\/\/dsrmedios.com.ar\/diario\/archivos\/31472","title":{"rendered":"Los seis presidentes que estuvieron frente a una reelecci\u00f3n: historias de triunfos, derrotas y renuncias"},"content":{"rendered":"\n<p>En la historia argentina,&nbsp;<strong>seis presidentes tuvieron la posibilidad de ser reelectos<\/strong>. Tres lo lograron:&nbsp;<strong>Juan Domingo Per\u00f3n, Carlos Menen y Cristina Kirchner<\/strong>. De los otros tres, uno lo intent\u00f3 &#8211;<strong>Mauricio Macri<\/strong>, que perdi\u00f3- y dos desistieron de hacerlo:&nbsp;<strong>N\u00e9stor Kirchner y Alberto Fern\u00e1ndez.<\/strong><\/p>\n\n\n\n<p>Luego de a\u00f1os de inestabilidad institucional, en el que el pa\u00eds se debati\u00f3 y se desangr\u00f3 en la b\u00fasqueda de una salida institucional, en 1853 se sancion\u00f3 la Constituci\u00f3n Nacional, un viejo anhelo que hab\u00edan so\u00f1ado los hombres de la Primera Junta en 1810.<\/p>\n\n\n\n<p><img decoding=\"async\" loading=\"lazy\" height=\"314\" width=\"416\" srcset=\"https:\/\/www.infobae.com\/new-resizer\/-8w3Xu4t5ctptKDg9BA9zOEZQ-w=\/420x315\/filters:format(webp):quality(85)\/cloudfront-us-east-1.images.arcpublishing.com\/infobae\/HQJP57XCVZFKDH7IMJJFJD4CB4.jpg 420w,https:\/\/www.infobae.com\/new-resizer\/6p96mYQ1dpWcCgtgWPeBwige_D8=\/768x576\/filters:format(webp):quality(85)\/cloudfront-us-east-1.images.arcpublishing.com\/infobae\/HQJP57XCVZFKDH7IMJJFJD4CB4.jpg 768w,https:\/\/www.infobae.com\/new-resizer\/LIOZ_OJtR8gvPpET0_ne02RszHs=\/992x744\/filters:format(webp):quality(85)\/cloudfront-us-east-1.images.arcpublishing.com\/infobae\/HQJP57XCVZFKDH7IMJJFJD4CB4.jpg 992w,https:\/\/www.infobae.com\/new-resizer\/3ZM6BHfZXiemz627FWBibl_3SRQ=\/1200x900\/filters:format(webp):quality(85)\/cloudfront-us-east-1.images.arcpublishing.com\/infobae\/HQJP57XCVZFKDH7IMJJFJD4CB4.jpg 1200w,https:\/\/www.infobae.com\/new-resizer\/ufC-VrWZ6bVaVY7Lb-BUFcxmEDY=\/1440x1080\/filters:format(webp):quality(85)\/cloudfront-us-east-1.images.arcpublishing.com\/infobae\/HQJP57XCVZFKDH7IMJJFJD4CB4.jpg 1440w\" class=\"\" src=\"https:\/\/cloudfront-us-east-1.images.arcpublishing.com\/infobae\/HQJP57XCVZFKDH7IMJJFJD4CB4.jpg\" alt=\"Justo Jos\u00e9 de Urquiza, el jefe de la Confederaci\u00f3n. Fue el primer presidente de un pa\u00eds que, por entonces, estaba dividido\"><\/p>\n\n\n\n<p>Justo Jos\u00e9 de Urquiza, el jefe de la Confederaci\u00f3n. Fue el primer presidente de un pa\u00eds que, por entonces, estaba dividido<\/p>\n\n\n\n<p>En su art\u00edculo 77, cap\u00edtulo primero de la secci\u00f3n segunda correspondiente al Poder Ejecutivo, establece que&nbsp;<strong>\u201cel presidente y vicepresidente duran en sus empleos el t\u00e9rmino de seis a\u00f1os; y no pueden ser reelegidos sino con intervalo de un per\u00edodo\u201d.<\/strong><\/p>\n\n\n\n<p>Cuando se sancion\u00f3 la Constituci\u00f3n, Buenos Aires la desconoci\u00f3 y el pa\u00eds se parti\u00f3 en dos. Por un lado qued\u00f3 la Confederaci\u00f3n Argentina con&nbsp;<strong>Justo Jos\u00e9 de Urquiza<\/strong>&nbsp;al frente, con la flamante Carta Magna, mientras que los porte\u00f1os se separaron, renuentes a renunciar a los ingresos de la aduana y al reparto proporcional de la renta, entre los principales motivos. Buenos Aires dict\u00f3 su propia constituci\u00f3n y continu\u00f3 controlando la aduana.<\/p>\n\n\n\n<p><img decoding=\"async\" loading=\"lazy\" alt=\"El 1 de mayo se jur\u00f3 la Constituci\u00f3n de 1853. Contemplaba un mandato presidencial de seis a\u00f1os sin reelecci\u00f3n. Para presentarse nuevamente, se deb\u00eda dejar pasar un per\u00edodo\" height=\"1080\" width=\"1920\" class=\"\" src=\"https:\/\/cloudfront-us-east-1.images.arcpublishing.com\/infobae\/ZF5UONGDOJGMHKCIELF6RSBSNE.jpg\" srcset=\"https:\/\/www.infobae.com\/new-resizer\/aDkHKYj0aA6ryYxgPe_lelCqoYM=\/420x236\/filters:format(webp):quality(85)\/cloudfront-us-east-1.images.arcpublishing.com\/infobae\/ZF5UONGDOJGMHKCIELF6RSBSNE.jpg 420w,https:\/\/www.infobae.com\/new-resizer\/nDT9gEx6QTKI6ecTER6FRb2cVZg=\/768x432\/filters:format(webp):quality(85)\/cloudfront-us-east-1.images.arcpublishing.com\/infobae\/ZF5UONGDOJGMHKCIELF6RSBSNE.jpg 768w,https:\/\/www.infobae.com\/new-resizer\/srw2d7gTB3WBPcezbXjDeUd7Oeg=\/992x558\/filters:format(webp):quality(85)\/cloudfront-us-east-1.images.arcpublishing.com\/infobae\/ZF5UONGDOJGMHKCIELF6RSBSNE.jpg 992w,https:\/\/www.infobae.com\/new-resizer\/5sF1Isu-mqLykjaLCfPn5AoHkzo=\/1200x675\/filters:format(webp):quality(85)\/cloudfront-us-east-1.images.arcpublishing.com\/infobae\/ZF5UONGDOJGMHKCIELF6RSBSNE.jpg 1200w,https:\/\/www.infobae.com\/new-resizer\/e-8R4nYa1Y7ToEpXXncBOLpoBMU=\/1440x810\/filters:format(webp):quality(85)\/cloudfront-us-east-1.images.arcpublishing.com\/infobae\/ZF5UONGDOJGMHKCIELF6RSBSNE.jpg 1440w\">El 1 de mayo se jur\u00f3 la Constituci\u00f3n de 1853. Contemplaba un mandato presidencial de seis a\u00f1os sin reelecci\u00f3n. Para presentarse nuevamente, se deb\u00eda dejar pasar un per\u00edodo<\/p>\n\n\n\n<p><strong>Urquiza<\/strong>&nbsp;fue presidente entre 1854 y 1860. Lo sucedi\u00f3<strong>&nbsp;Santiago Derqui<\/strong>. Cuando en los campos de Pav\u00f3n el 17 de septiembre de 1861 result\u00f3 vencedor el ej\u00e9rcito porte\u00f1o el presidente renunci\u00f3 y el pa\u00eds se unific\u00f3.<\/p>\n\n\n\n<p>La Constituci\u00f3n entonces tuvo su primera reforma en 1860 que supuso la incorporaci\u00f3n de Buenos Aires. Fue en esta reforma -cuyos detalles exceden el motivo de esta nota- que se estableci\u00f3 que \u201cRep\u00fablica Argentina\u201d fuese el nombre del pa\u00eds.<\/p>\n\n\n\n<p>Los presidentes siguientes, de acuerdo a la Constituci\u00f3n, tuvieron vedada la reelecci\u00f3n inmediata y deb\u00edan dejar pasar un per\u00edodo. As\u00ed se sucedieron las presidencias de&nbsp;<strong>Bartolom\u00e9 Mitre&nbsp;<\/strong>(1862-1868),&nbsp;<strong>Domingo Faustino Sarmiento<\/strong>&nbsp;(1868-1874) y<strong>&nbsp;Nicol\u00e1s Avellaneda<\/strong>&nbsp;(1874-1880). Luego vino&nbsp;<strong>Julio A. Roca<\/strong>&nbsp;(1880-1886) y su concu\u00f1ado<strong>&nbsp;Miguel Ju\u00e1rez Celman<\/strong>&nbsp;(1886-1890). Cuando \u00e9ste renunci\u00f3 por los sucesos desencadenados en la Revoluci\u00f3n del Parque en julio de 1890 y la crisis econ\u00f3mica, termin\u00f3 el mandato su vicepresidente&nbsp;<strong>Carlos Pellegrini<\/strong>.<\/p>\n\n\n\n<p><img decoding=\"async\" loading=\"lazy\" height=\"314\" width=\"391\" srcset=\"https:\/\/www.infobae.com\/new-resizer\/DuhpFpI8A5xnsfz71YNBno_DYog=\/420x315\/filters:format(webp):quality(85)\/arc-anglerfish-arc2-prod-infobae.s3.amazonaws.com\/public\/C42G3TNDB5AIFAH4MZT37IDR3I 420w,https:\/\/www.infobae.com\/new-resizer\/_0Cr4rRIaOrRPbjcY0jT6WvNbHg=\/768x576\/filters:format(webp):quality(85)\/arc-anglerfish-arc2-prod-infobae.s3.amazonaws.com\/public\/C42G3TNDB5AIFAH4MZT37IDR3I 768w,https:\/\/www.infobae.com\/new-resizer\/B4sa09l9HjtLJXTZOn_NUTpCpL8=\/992x744\/filters:format(webp):quality(85)\/arc-anglerfish-arc2-prod-infobae.s3.amazonaws.com\/public\/C42G3TNDB5AIFAH4MZT37IDR3I 992w,https:\/\/www.infobae.com\/new-resizer\/EvSRUlwUqUBvhUVJTlSQwhbGtd4=\/1200x900\/filters:format(webp):quality(85)\/arc-anglerfish-arc2-prod-infobae.s3.amazonaws.com\/public\/C42G3TNDB5AIFAH4MZT37IDR3I 1200w,https:\/\/www.infobae.com\/new-resizer\/nfRBfK8ELCqd-en-_nRzXnlpt88=\/1440x1080\/filters:format(webp):quality(85)\/arc-anglerfish-arc2-prod-infobae.s3.amazonaws.com\/public\/C42G3TNDB5AIFAH4MZT37IDR3I 1440w\" class=\"\" src=\"https:\/\/arc-anglerfish-arc2-prod-infobae.s3.amazonaws.com\/public\/C42G3TNDB5AIFAH4MZT37IDR3I\" alt=\"Per\u00f3n asumi\u00f3 la presidencia en 1946. Promovi\u00f3 la reforma constitucional a\u00fan cuando en p\u00fablico dec\u00eda otra cosa. El mandato era de seis a\u00f1os con reelecci\u00f3n indefinida\"><\/p>\n\n\n\n<p>Per\u00f3n asumi\u00f3 la presidencia en 1946. Promovi\u00f3 la reforma constitucional a\u00fan cuando en p\u00fablico dec\u00eda otra cosa. El mandato era de seis a\u00f1os con reelecci\u00f3n indefinida<\/p>\n\n\n\n<p>Luego vino&nbsp;<strong>Luis S\u00e1enz Pe\u00f1a<\/strong>&nbsp;(1892-1895), completado el mandato su vice&nbsp;<strong>Jos\u00e9 Evaristo Uriburu&nbsp;<\/strong>cuando el primer mandatario renunci\u00f3 jaqueado por la revoluci\u00f3n radical de 1893 y por un congreso decididamente opositor.<\/p>\n\n\n\n<p>Volvi\u00f3&nbsp;<strong>Roca&nbsp;<\/strong>en 1898 hasta 1904, lo sigui\u00f3<strong>&nbsp;Manuel Quintana<\/strong>&nbsp;(1904-1906), quien fue el primer presidente argentino en morir en el ejercicio de su cargo. Complet\u00f3 el per\u00edodo&nbsp;<strong>Jos\u00e9 Figueroa Alcorta<\/strong>.<\/p>\n\n\n\n<p>Lo sigui\u00f3&nbsp;<strong>Roque S\u00e1enz Pe\u00f1a&nbsp;<\/strong>-durante su mandato se votar\u00eda la ley del voto secreto, universal y obligatorio- y cuando falleci\u00f3 complet\u00f3 su compa\u00f1ero&nbsp;<strong>Victorino de la Plaza.<\/strong><\/p>\n\n\n\n<p>En las primeras elecciones presidenciales con la ley S\u00e1enz Pe\u00f1a, result\u00f3 electo&nbsp;<strong>Hip\u00f3lito Yrigoyen<\/strong>, quien gobern\u00f3 entre 1916 y 1922. Lo sucedi\u00f3 otro radical&nbsp;<strong>Marcelo T. de Alvear<\/strong>&nbsp;y en 1928 le entreg\u00f3 la banda presidencial al anciano l\u00edder, quien ser\u00eda desalojado del gobierno por el primer golpe militar desde que se hab\u00eda puesto en vigencia la ley S\u00e1enz Pe\u00f1a.<\/p>\n\n\n\n<p><img decoding=\"async\" loading=\"lazy\" height=\"360\" width=\"305\" srcset=\"https:\/\/www.infobae.com\/new-resizer\/IiSSHSbln4bIJ0isfG2vHNSSF5M=\/420x560\/filters:format(webp):quality(85)\/arc-anglerfish-arc2-prod-infobae.s3.amazonaws.com\/public\/OPYM7MM4EBD25LALBRH6R3VFTY 420w,https:\/\/www.infobae.com\/new-resizer\/gaE0FEoaxrgUEsAUR4DEqShVTvo=\/768x1024\/filters:format(webp):quality(85)\/arc-anglerfish-arc2-prod-infobae.s3.amazonaws.com\/public\/OPYM7MM4EBD25LALBRH6R3VFTY 768w,https:\/\/www.infobae.com\/new-resizer\/RBWQM6YJDz-td92VTH1vkREoIgk=\/992x1323\/filters:format(webp):quality(85)\/arc-anglerfish-arc2-prod-infobae.s3.amazonaws.com\/public\/OPYM7MM4EBD25LALBRH6R3VFTY 992w,https:\/\/www.infobae.com\/new-resizer\/U8ETBseHj8mJl2VaDCLr5hVpFt4=\/1200x1600\/filters:format(webp):quality(85)\/arc-anglerfish-arc2-prod-infobae.s3.amazonaws.com\/public\/OPYM7MM4EBD25LALBRH6R3VFTY 1200w\" class=\"\" src=\"https:\/\/arc-anglerfish-arc2-prod-infobae.s3.amazonaws.com\/public\/OPYM7MM4EBD25LALBRH6R3VFTY\" alt=\"Carlos Menem se vali\u00f3 de la reforma constitucional de 1994 para ser nuevamente electo\"><\/p>\n\n\n\n<p>Carlos Menem se vali\u00f3 de la reforma constitucional de 1994 para ser nuevamente electo<\/p>\n\n\n\n<p>Luego del gobierno de facto del general&nbsp;<strong>Jos\u00e9 F\u00e9lix Uriburu<\/strong>; en 1932 dio elecciones, en los que triunf\u00f3 otro militar&nbsp;<strong>Agust\u00edn P. Justo<\/strong>, que lleg\u00f3 a la Casa Rosada gracias a la abstenci\u00f3n radical -cuando la f\u00f3rmula presidencial<strong>&nbsp;Alvear-G\u00fcemes<\/strong>&nbsp;fue vetada- y por el fraude electoral, que se mantendr\u00eda hasta el golpe del 4 de junio de 1943.<\/p>\n\n\n\n<p>Luego de&nbsp;<strong>Justo<\/strong>, lo sucedi\u00f3&nbsp;<strong>Roberto M. Ortiz<\/strong>&nbsp;(1938-1942) quien por enfermedad -una diabetes galopante lo dej\u00f3 pr\u00e1cticamente ciego- debi\u00f3 delegar el gobierno en&nbsp;<strong>Ram\u00f3n Castillo<\/strong>, quien en 1943 fue derrocado.<\/p>\n\n\n\n<p>Volver\u00eda a celebrarse elecciones el 24 de febrero de 1946, donde result\u00f3 ganador&nbsp;<strong>Juan Domingo Per\u00f3n<\/strong>.<\/p>\n\n\n\n<p><img decoding=\"async\" loading=\"lazy\" alt=\"N\u00e9stor Kirchner, en las elecciones del 2007, pudo haberse presentado y no lo hizo\" height=\"390\" width=\"600\" class=\"\" src=\"https:\/\/arc-anglerfish-arc2-prod-infobae.s3.amazonaws.com\/public\/4TSJVVJ4WZDWZELJ5TIRN7IGNQ\" srcset=\"https:\/\/www.infobae.com\/new-resizer\/4JGvp-F0ArdeWIgVyA3sJ4h-cV4=\/992x614\/filters:format(webp):quality(85)\/arc-anglerfish-arc2-prod-infobae.s3.amazonaws.com\/public\/4TSJVVJ4WZDWZELJ5TIRN7IGNQ 992w\">N\u00e9stor Kirchner, en las elecciones del 2007, pudo haberse presentado y no lo hizo<\/p>\n\n\n\n<p>La Constituci\u00f3n, a la que se le hab\u00edan agregado reformas en 1866 y 1898, tuvo un gran cambio en 1949 cuando se le agregaron diversos nuevos art\u00edculos. Nuevamente, en la secci\u00f3n segunda referido al Poder Ejecutivo, su art\u00edculo 78 especificaba que<strong>&nbsp;\u201cel presidente y el vicepresidente duran en sus cargos seis a\u00f1os; y pueden ser reelegidos\u201d<\/strong>; la reelecci\u00f3n pod\u00eda ser indefinida y el per\u00edodo presidencial se manten\u00eda en seis a\u00f1os.<\/p>\n\n\n\n<p>De esta forma<strong>&nbsp;Per\u00f3n<\/strong>&nbsp;-que esper\u00f3 lo m\u00e1ximo que pudo para anunciar su reelecci\u00f3n- fue ungido nuevamente en 1952.<\/p>\n\n\n\n<p>Cuando la autodenominada Revoluci\u00f3n Libertadora lo derroc\u00f3, en abril de 1956 dej\u00f3 sin efecto la Constituci\u00f3n de 1949 llam\u00f3 a elecciones para convocar a una asamblea constituyente a fin de&nbsp;<strong>reformar la Constituci\u00f3n<\/strong>&nbsp;y quitarle la p\u00e1tina peronista que ten\u00eda. As\u00ed se hizo en 1957 donde se volvi\u00f3 al texto de 1853.<\/p>\n\n\n\n<p><img decoding=\"async\" loading=\"lazy\" alt=\"El caso de Mauricio Macri fue distinto: se present\u00f3 a una reelecci\u00f3n y fue derrotado\" height=\"1080\" width=\"1920\" class=\"\" src=\"https:\/\/arc-anglerfish-arc2-prod-infobae.s3.amazonaws.com\/public\/Z3V2CD5B6JDWTHELI7FNUH5MSU\" srcset=\"https:\/\/www.infobae.com\/new-resizer\/Vz2Gocn76zaoT-b4K61s7mWGPoE=\/420x236\/filters:format(webp):quality(85)\/arc-anglerfish-arc2-prod-infobae.s3.amazonaws.com\/public\/Z3V2CD5B6JDWTHELI7FNUH5MSU 420w,https:\/\/www.infobae.com\/new-resizer\/zPhS9ZemfhZBZVQdrxjVMDRfPWk=\/768x432\/filters:format(webp):quality(85)\/arc-anglerfish-arc2-prod-infobae.s3.amazonaws.com\/public\/Z3V2CD5B6JDWTHELI7FNUH5MSU 768w,https:\/\/www.infobae.com\/new-resizer\/lNA0Z7YyyypGm1uwN1L3wBiaAZM=\/992x558\/filters:format(webp):quality(85)\/arc-anglerfish-arc2-prod-infobae.s3.amazonaws.com\/public\/Z3V2CD5B6JDWTHELI7FNUH5MSU 992w,https:\/\/www.infobae.com\/new-resizer\/3do3To-t4k2gZdOtlqtqPKAup54=\/1200x675\/filters:format(webp):quality(85)\/arc-anglerfish-arc2-prod-infobae.s3.amazonaws.com\/public\/Z3V2CD5B6JDWTHELI7FNUH5MSU 1200w,https:\/\/www.infobae.com\/new-resizer\/3pZA1RS7RPRgbdJMOzgeFtLg7qU=\/1440x810\/filters:format(webp):quality(85)\/arc-anglerfish-arc2-prod-infobae.s3.amazonaws.com\/public\/Z3V2CD5B6JDWTHELI7FNUH5MSU 1440w\">El caso de Mauricio Macri fue distinto: se present\u00f3 a una reelecci\u00f3n y fue derrotado<\/p>\n\n\n\n<p>Las elecciones a constituyentes -donde el voto en blanco fue el ganador- le abrieron los ojos a&nbsp;<strong>Arturo Frondizi<\/strong>. Comprendi\u00f3 que esos votos eran peronistas y as\u00ed pact\u00f3 con el l\u00edder exiliado, quien orden\u00f3 votar por \u00e9l en las presidenciales.<strong>&nbsp;Frondizi<\/strong>&nbsp;asumi\u00f3 en 1958, pero un golpe militar lo desaloj\u00f3 del poder en 1962, luego de una lista interminable de planteos militares. Hubo una suerte de interinato de&nbsp;<strong>Jos\u00e9 Mar\u00eda Guido<\/strong>&nbsp;hasta el a\u00f1o siguiente cuando el radical&nbsp;<strong>Arturo H. Illia&nbsp;<\/strong>asumi\u00f3 la primera magistratura.<\/p>\n\n\n\n<p>Luego vino el golpe del general&nbsp;<strong>Juan Carlos Ongan\u00eda<\/strong>&nbsp;en 1966 y su idea de que la revoluci\u00f3n argentina ten\u00eda objetivos y no plazos, so\u00f1ando con perpetuarse en el poder. Sin embargo, una mala gesti\u00f3n lo devolvi\u00f3 a la realidad.<\/p>\n\n\n\n<p>Lo reemplaz\u00f3 el general&nbsp;<strong>Roberto Levingston<\/strong>, quien fue desplazado por el general<strong>&nbsp;Agust\u00edn Lanusse<\/strong>, con fuertes ambiciones pol\u00edticas. Nombr\u00f3 como ministro del Interior a&nbsp;<strong>Arturo Mor Roig<\/strong>, un radical balbinista cuya colaboraci\u00f3n le cost\u00f3, primero la enemistad con su partido y luego la vida, cuando fue asesinado por un comando montonero cuando ya estaba alejado de la pol\u00edtica.<\/p>\n\n\n\n<p><strong>Mor Roig<\/strong>&nbsp;ten\u00eda una obsesi\u00f3n, la de derrotar electoralmente al peronismo. Con ese esp\u00edritu ide\u00f3 una reforma que se plasm\u00f3 en 1972.<\/p>\n\n\n\n<p><strong>Esa reforma dispuso un mandato presidencial de cuatro a\u00f1os con la posibilidad de una reelecci\u00f3n<\/strong>. Se deb\u00eda dejar pasar un per\u00edodo para volverse a presentar.<\/p>\n\n\n\n<p><img decoding=\"async\" loading=\"lazy\" alt=\"Alberto Fern\u00e1ndez, el actual mandatario que dio a conocer su decisi\u00f3n de no ser candidato (REUTERS)\" height=\"513\" width=\"800\" class=\"\" src=\"https:\/\/cloudfront-us-east-1.images.arcpublishing.com\/infobae\/DX2PXUMYSWE4R72HYIZUMCCOEE.jpg\" srcset=\"https:\/\/www.infobae.com\/new-resizer\/GEKmPXGyQynCgJIR5PiFBQbBwiE=\/992x614\/filters:format(webp):quality(85)\/cloudfront-us-east-1.images.arcpublishing.com\/infobae\/DX2PXUMYSWE4R72HYIZUMCCOEE.jpg 992w\">Alberto Fern\u00e1ndez, el actual mandatario que dio a conocer su decisi\u00f3n de no ser candidato (REUTERS)<\/p>\n\n\n\n<p>Inhabilitado&nbsp;<strong>Per\u00f3n<\/strong>&nbsp;para ser candidato, en las elecciones de marzo de 1973 fue elegido<strong>&nbsp;H\u00e9ctor J. C\u00e1mpora<\/strong>. En su corto gobierno de 49 d\u00edas, dio nuevamente elecciones y triunf\u00f3&nbsp;<strong>Per\u00f3n<\/strong>, luego de un interinato de&nbsp;<strong>Ra\u00fal Lastiri<\/strong>.<\/p>\n\n\n\n<p>Anciano y seriamente enfermo, falleci\u00f3 en julio de 1974 y asumi\u00f3 su esposa&nbsp;<strong>Mar\u00eda Estela Mart\u00ednez<\/strong>, quien fue derrocada por el golpe del 24 de marzo de 1976.&nbsp;<strong>El gobierno militar dej\u00f3 sin efecto la Constituci\u00f3n.<\/strong><\/p>\n\n\n\n<p>Reci\u00e9n volver\u00edan a celebrarse elecciones en 1983.<strong>&nbsp;Ra\u00fal Alfons\u00edn&nbsp;<\/strong>gobern\u00f3 hasta 1989, debiendo entregar anticipadamente el poder por la grave crisis econ\u00f3mica. Lo sucedi\u00f3&nbsp;<strong>Carlos Menem<\/strong>.<\/p>\n\n\n\n<p><strong>En 1994 volvi\u00f3 a reformarse la Constituci\u00f3n, donde volvi\u00f3 el per\u00edodo de cuatro a\u00f1os con una reelecci\u00f3n.<\/strong>&nbsp;<strong>Menem<\/strong>&nbsp;logr\u00f3 ser reelecto y en 1999 lo sucedi\u00f3<strong>&nbsp;Fernando de la R\u00faa<\/strong>. Luego de dos a\u00f1os, el radical renunci\u00f3 y asumi\u00f3&nbsp;<strong>Adolfo Rodr\u00edguez Saa<\/strong>, quien dur\u00f3 una semana.<\/p>\n\n\n\n<p>Se hizo cargo del gobierno&nbsp;<strong>Eduardo Duhalde<\/strong>, quien estuvo en la Rosada un a\u00f1o y cuatro meses. En diciembre de 2003 asumi\u00f3&nbsp;<strong>N\u00e9stor Kirchner<\/strong>. Pudiendo ser reelecto en 2007, le dej\u00f3 la posta a su esposa<strong>&nbsp;Cristina Fern\u00e1ndez<\/strong>,&nbsp;<strong>quiz\u00e1 con la idea de una alternancia en el poder y volver en 2011<\/strong>. Pero la muerte lo sorprendi\u00f3 en octubre del 2010.<\/p>\n\n\n\n<p><strong>Cristina Fern\u00e1ndez<\/strong>&nbsp;fue reelecta en 2011 y en 2015 fue sucedida por&nbsp;<strong>Mauricio Macri<\/strong>, quien se present\u00f3 a la reelecci\u00f3n y fue derrotado por&nbsp;<strong>Alberto Fern\u00e1ndez<\/strong>.<\/p>\n\n\n\n<p>Junto con<strong>\u00a0N\u00e9stor Kirchner<\/strong>,\u00a0<strong>Fern\u00e1ndez<\/strong>\u00a0es otro de los presidentes que, pudiendo presentarse nuevamente, prefirieron no hacerlo. Cara y ceca de los entresijos del poder.<\/p>\n\n\n\n<p>Fuente: INFOBAE<\/p>\n","protected":false},"excerpt":{"rendered":"<div class=\"mh-excerpt\"><p>En la historia argentina,&nbsp;seis presidentes tuvieron la posibilidad de ser reelectos. Tres lo lograron:&nbsp;Juan Domingo Per\u00f3n, Carlos Menen y Cristina Kirchner. De los otros tres, uno lo intent\u00f3 &#8211;Mauricio Macri, que perdi\u00f3- y dos desistieron de hacerlo:&nbsp;N\u00e9stor Kirchner y Alberto Fern\u00e1ndez. Luego de a\u00f1os de inestabilidad institucional, en el que el pa\u00eds se debati\u00f3 y se desangr\u00f3 en la b\u00fasqueda de una salida institucional, en 1853 se sancion\u00f3 la Constituci\u00f3n Nacional, un viejo anhelo que hab\u00edan so\u00f1ado los hombres de la Primera Junta en 1810. Justo Jos\u00e9 de Urquiza, el jefe de la Confederaci\u00f3n. Fue el primer presidente de un <a class=\"mh-excerpt-more\" href=\"http:\/\/dsrmedios.com.ar\/diario\/archivos\/31472\" title=\"Los seis presidentes que estuvieron frente a una reelecci\u00f3n: historias de triunfos, derrotas y renuncias\">[Leer m\u00e1s]<\/a><\/p>\n<\/div>","protected":false},"author":6,"featured_media":14788,"comment_status":"open","ping_status":"closed","sticky":false,"template":"","format":"standard","meta":{"_jetpack_newsletter_access":""},"categories":[6],"tags":[],"jetpack_featured_media_url":"http:\/\/dsrmedios.com.ar\/diario\/wp-content\/uploads\/2019\/09\/alberto-fernandez.jpg","jetpack_sharing_enabled":true,"jetpack_shortlink":"https:\/\/wp.me\/p9fihK-8bC","_links":{"self":[{"href":"http:\/\/dsrmedios.com.ar\/diario\/wp-json\/wp\/v2\/posts\/31472"}],"collection":[{"href":"http:\/\/dsrmedios.com.ar\/diario\/wp-json\/wp\/v2\/posts"}],"about":[{"href":"http:\/\/dsrmedios.com.ar\/diario\/wp-json\/wp\/v2\/types\/post"}],"author":[{"embeddable":true,"href":"http:\/\/dsrmedios.com.ar\/diario\/wp-json\/wp\/v2\/users\/6"}],"replies":[{"embeddable":true,"href":"http:\/\/dsrmedios.com.ar\/diario\/wp-json\/wp\/v2\/comments?post=31472"}],"version-history":[{"count":1,"href":"http:\/\/dsrmedios.com.ar\/diario\/wp-json\/wp\/v2\/posts\/31472\/revisions"}],"predecessor-version":[{"id":31473,"href":"http:\/\/dsrmedios.com.ar\/diario\/wp-json\/wp\/v2\/posts\/31472\/revisions\/31473"}],"wp:featuredmedia":[{"embeddable":true,"href":"http:\/\/dsrmedios.com.ar\/diario\/wp-json\/wp\/v2\/media\/14788"}],"wp:attachment":[{"href":"http:\/\/dsrmedios.com.ar\/diario\/wp-json\/wp\/v2\/media?parent=31472"}],"wp:term":[{"taxonomy":"category","embeddable":true,"href":"http:\/\/dsrmedios.com.ar\/diario\/wp-json\/wp\/v2\/categories?post=31472"},{"taxonomy":"post_tag","embeddable":true,"href":"http:\/\/dsrmedios.com.ar\/diario\/wp-json\/wp\/v2\/tags?post=31472"}],"curies":[{"name":"wp","href":"https:\/\/api.w.org\/{rel}","templated":true}]}}