{"id":31470,"date":"2023-04-21T18:56:08","date_gmt":"2023-04-21T21:56:08","guid":{"rendered":"http:\/\/dsrmedios.com.ar\/diario\/?p=31470"},"modified":"2023-04-21T18:56:10","modified_gmt":"2023-04-21T21:56:10","slug":"sergio-massa-la-decision-de-alberto-fernandez-muestra-su-generosidad-y-deja-una-marca-hacia-adelante","status":"publish","type":"post","link":"http:\/\/dsrmedios.com.ar\/diario\/archivos\/31470","title":{"rendered":"Sergio Massa: \u201cLa decisi\u00f3n de Alberto Fern\u00e1ndez muestra su generosidad y deja una marca hacia adelante\u201d"},"content":{"rendered":"\n<p><strong>Sergio Massa<\/strong>, actor clave del&nbsp;<strong>Frente de Todos&nbsp;<\/strong>que suena como posible candidato a presidente del peronismo, se refiri\u00f3 a la decisi\u00f3n de<strong>&nbsp;Alberto Fern\u00e1ndez&nbsp;<\/strong>de no ir por la reelecci\u00f3n. El ministro de Econom\u00eda elogi\u00f3 al Presidente y llam\u00f3 a la unidad del espacio de cara a las PASO de agosto, instancia en la cual el oficialismo deber\u00e1 dirimir qui\u00e9n competir\u00e1 con el postulante de Juntos por el Cambio en las generales de octubre.<\/p>\n\n\n\n<p>Fue a trav\u00e9s de un mensaje publicado en sus redes sociales que el tigrense destac\u00f3 la determinaci\u00f3n tomada por el jefe de Estado, quien confirm\u00f3 que no ser\u00e1 candidato en las pr\u00f3ximas elecciones con un video de ocho minutos posteado en sus cuentas oficiales.<\/p>\n\n\n\n<p>Al respecto, el funcionario se\u00f1al\u00f3: \u201cLa decisi\u00f3n de Alberto Fern\u00e1ndez<strong>&nbsp;muestra su generosidad y deja una marca hacia adelante.&nbsp;<\/strong>Responsabilidad y unidad es el camino\u201d.<\/p>\n\n\n\n<p>El posteo lo cerr\u00f3 con un hashtag que el ministro viene utilizando hace varias semanas para concluir sus publicaciones. \u201c#CreoEnArgentina\u201d, escribi\u00f3.<\/p>\n\n\n\n<p><img decoding=\"async\" loading=\"lazy\" alt=\"La publicaci\u00f3n del ministro de Econom\u00eda\" height=\"228\" width=\"549\" class=\"\" src=\"https:\/\/cloudfront-us-east-1.images.arcpublishing.com\/infobae\/ST3FGDBIN5EKFEBBBLAWFLK7SA.PNG\" srcset=\"https:\/\/www.infobae.com\/new-resizer\/PR4XJ6i6fAvix4fUNWltPvWdqgc=\/420x187\/filters:format(webp):quality(85)\/cloudfront-us-east-1.images.arcpublishing.com\/infobae\/ST3FGDBIN5EKFEBBBLAWFLK7SA.PNG 420w,https:\/\/www.infobae.com\/new-resizer\/XU91G7TyPxBGTjcKUyapF1MuAlI=\/768x341\/filters:format(webp):quality(85)\/cloudfront-us-east-1.images.arcpublishing.com\/infobae\/ST3FGDBIN5EKFEBBBLAWFLK7SA.PNG 768w,https:\/\/www.infobae.com\/new-resizer\/r9GMedlRxWW01QrRbMuP2k4gv9A=\/992x441\/filters:format(webp):quality(85)\/cloudfront-us-east-1.images.arcpublishing.com\/infobae\/ST3FGDBIN5EKFEBBBLAWFLK7SA.PNG 992w,https:\/\/www.infobae.com\/new-resizer\/AUyYvOfvbzIBo-F4cnATPbg9knA=\/1200x533\/filters:format(webp):quality(85)\/cloudfront-us-east-1.images.arcpublishing.com\/infobae\/ST3FGDBIN5EKFEBBBLAWFLK7SA.PNG 1200w\">La publicaci\u00f3n del ministro de Econom\u00eda<\/p>\n\n\n\n<p>Su apoyo a Fern\u00e1ndez se da mientras se desarrolla el encuentro del&nbsp;<strong>Consejo del PJ<\/strong>&nbsp;que se lleva adelante este viernes desde las 17 en la sede hist\u00f3rica de Matheu 130. All\u00ed, el Presidente encabezar\u00e1 la reuni\u00f3n que estaba prevista para -entre otras cuestiones- apurar al mandatario a tomar una decisi\u00f3n con respecto a su futuro electoral.<\/p>\n\n\n\n<p>Entre los presentes en la jornada est\u00e1n el gobernador bonaerense&nbsp;<strong>Axel Kicillof,<\/strong>&nbsp;el ministro de Interior&nbsp;<strong>Eduardo \u201cWado\u201d de Pedro,<\/strong>&nbsp;el canciller&nbsp;<strong>Santiago Cafiero y&nbsp;<\/strong>el ministro de Seguridad de la provincia de Buenos Aires&nbsp;<strong>Sergio Berni<\/strong>. Tambi\u00e9n se espera la asistencia del jefe de Gabinete&nbsp;<strong>Agust\u00edn Rossi,<\/strong>&nbsp;el titular de Defensa,&nbsp;<strong>Jorge Taiana y<\/strong>&nbsp;la ministra de Desarrollo Social,&nbsp;<strong>Victoria Tolosa Paz.<\/strong><\/p>\n\n\n\n<p>En este sentido, el mensajes de Sergio Massa sobre la decisi\u00f3n de Alberto se suma al de los ministros y funcionarios m\u00e1s cercanos a \u00e9l que respaldaron la decisi\u00f3n presidencial de bajar su candidatura.<\/p>\n\n\n\n<h2>El apoyo a Alberto Fern\u00e1ndez de sus ministros y funcionarios m\u00e1s cercanos<\/h2>\n\n\n\n<p>Pocos minutos despu\u00e9s del video de ocho minutos que el jefe de Estado public\u00f3 en la ma\u00f1ana de este viernes en sus redes sociales, varios de ellos comenzaron a hacerse eco del comunicado.<\/p>\n\n\n\n<p><strong>Santiago Cafiero<\/strong>&nbsp;fue uno de los primeros en tuitear al respecto: \u201cResponsabilidad hist\u00f3rica y compromiso con la unidad del peronismo. @alferdez pone primero a la Patria y promueve una nueva l\u00f3gica de \u00e9poca. El liderazgo del futuro debe definirse en las urnas para consolidar un rumbo que involucre en cada paso la voluntad de nuestro pueblo\u201d, se\u00f1al\u00f3.<\/p>\n\n\n\n<p>R\u00e1pidamente se sum\u00f3 el apoyo del jefe de Gabinete,\u00a0<strong>Agust\u00edn Rossi<\/strong>, quien utiliz\u00f3 su cuenta para citar una frase emblem\u00e1tica del peronismo. \u201cPrimero la Patria, despu\u00e9s el Movimiento y por \u00faltimo los hombres. As\u00ed entienden y hacen pol\u00edtica quienes saben que los lugares se ocupan por y para el pueblo. Orgulloso de militar en el FdT y de ser JGM del Gobierno del Presidente @alferdez\u201d, escribi\u00f3.<\/p>\n\n\n\n<p>El ministro de Seguridad,&nbsp;<strong>An\u00edbal Fern\u00e1ndez<\/strong>, tambi\u00e9n eligi\u00f3 primero las redes. Cit\u00f3 una de las frases del video. \u201cSoy Presidente de tiempo completo. Banque lo que nos dejo Macri, la pandemia, la guerra y la sequ\u00eda. De nada me quejo. Presidente de tiempo completo hasta el 10 de diciembre y trabajar\u00e9 democratizando el partido para que un compa\u00f1ero o compa\u00f1era sea el pr\u00f3ximo\/a Presidente\u201d.<\/p>\n\n\n\n<p>La portavoz&nbsp;<strong>Gabriela Cerruti<\/strong>&nbsp;se limit\u00f3 a postear en redes sociales el video que public\u00f3 el Presidente para anunciar que no ser\u00e1 candidato y lo acompa\u00f1\u00f3 con una frase y dos emoticones: \u201cPrimero la Patria\u201d, escribi\u00f3 y luego puso la bandera de Argentina y un coraz\u00f3n.<\/p>\n\n\n\n<p>Casi al mismo tiempo tambi\u00e9n se expres\u00f3 el titular de Obras P\u00fablicas,<strong>\u00a0Gabriel Katopodis<\/strong>: \u201cEl Presidente tom\u00f3 una decisi\u00f3n valiente, honesta y comprometida. Ahora nos toca a nosotros y a la militancia cumplir el desaf\u00edo que nos plantea. Debemos tener la capacidad de superar este momento de la Argentina para mejorar definitivamente la vida de nuestra gente\u201d.<\/p>\n\n\n\n<p>Fuente: Infobae<\/p>\n","protected":false},"excerpt":{"rendered":"<div class=\"mh-excerpt\"><p>Sergio Massa, actor clave del&nbsp;Frente de Todos&nbsp;que suena como posible candidato a presidente del peronismo, se refiri\u00f3 a la decisi\u00f3n de&nbsp;Alberto Fern\u00e1ndez&nbsp;de no ir por la reelecci\u00f3n. El ministro de Econom\u00eda elogi\u00f3 al Presidente y llam\u00f3 a la unidad del espacio de cara a las PASO de agosto, instancia en la cual el oficialismo deber\u00e1 dirimir qui\u00e9n competir\u00e1 con el postulante de Juntos por el Cambio en las generales de octubre. Fue a trav\u00e9s de un mensaje publicado en sus redes sociales que el tigrense destac\u00f3 la determinaci\u00f3n tomada por el jefe de Estado, quien confirm\u00f3 que no ser\u00e1 candidato <a class=\"mh-excerpt-more\" href=\"http:\/\/dsrmedios.com.ar\/diario\/archivos\/31470\" title=\"Sergio Massa: \u201cLa decisi\u00f3n de Alberto Fern\u00e1ndez muestra su generosidad y deja una marca hacia adelante\u201d\">[Leer m\u00e1s]<\/a><\/p>\n<\/div>","protected":false},"author":6,"featured_media":31416,"comment_status":"open","ping_status":"closed","sticky":false,"template":"","format":"standard","meta":{"_jetpack_newsletter_access":""},"categories":[6],"tags":[],"jetpack_featured_media_url":"http:\/\/dsrmedios.com.ar\/diario\/wp-content\/uploads\/2023\/04\/CULIKXKBYJ5VYCFKH4L7XKC57Q.jpg","jetpack_sharing_enabled":true,"jetpack_shortlink":"https:\/\/wp.me\/p9fihK-8bA","_links":{"self":[{"href":"http:\/\/dsrmedios.com.ar\/diario\/wp-json\/wp\/v2\/posts\/31470"}],"collection":[{"href":"http:\/\/dsrmedios.com.ar\/diario\/wp-json\/wp\/v2\/posts"}],"about":[{"href":"http:\/\/dsrmedios.com.ar\/diario\/wp-json\/wp\/v2\/types\/post"}],"author":[{"embeddable":true,"href":"http:\/\/dsrmedios.com.ar\/diario\/wp-json\/wp\/v2\/users\/6"}],"replies":[{"embeddable":true,"href":"http:\/\/dsrmedios.com.ar\/diario\/wp-json\/wp\/v2\/comments?post=31470"}],"version-history":[{"count":1,"href":"http:\/\/dsrmedios.com.ar\/diario\/wp-json\/wp\/v2\/posts\/31470\/revisions"}],"predecessor-version":[{"id":31471,"href":"http:\/\/dsrmedios.com.ar\/diario\/wp-json\/wp\/v2\/posts\/31470\/revisions\/31471"}],"wp:featuredmedia":[{"embeddable":true,"href":"http:\/\/dsrmedios.com.ar\/diario\/wp-json\/wp\/v2\/media\/31416"}],"wp:attachment":[{"href":"http:\/\/dsrmedios.com.ar\/diario\/wp-json\/wp\/v2\/media?parent=31470"}],"wp:term":[{"taxonomy":"category","embeddable":true,"href":"http:\/\/dsrmedios.com.ar\/diario\/wp-json\/wp\/v2\/categories?post=31470"},{"taxonomy":"post_tag","embeddable":true,"href":"http:\/\/dsrmedios.com.ar\/diario\/wp-json\/wp\/v2\/tags?post=31470"}],"curies":[{"name":"wp","href":"https:\/\/api.w.org\/{rel}","templated":true}]}}